{"id":943,"date":"2017-04-28T14:08:12","date_gmt":"2017-04-28T18:08:12","guid":{"rendered":"https:\/\/www.fvdrc.com\/solutions\/strengthening-capabilities-successfully-export-canada\/"},"modified":"2020-06-18T14:55:10","modified_gmt":"2020-06-18T18:55:10","slug":"strengthening-capabilities-successfully-export-canada","status":"publish","type":"post","link":"https:\/\/fvdrc.com\/fr\/solutions\/strengthening-capabilities-successfully-export-canada\/","title":{"rendered":"Am\u00e9liorer votre capacit\u00e9 \u00e0 exporter au Canada avec succ\u00e8s"},"content":{"rendered":"<p>Le gestionnaire de l\u2019assistance commerciale de la DRC, Jaime Bustamante, \u00e9tait l\u2019un des conf\u00e9renciers-invit\u00e9s \u00e0 un webinaire de perfectionnement intitul\u00e9 <em>Strengthening your capabilities to successfully export to Canada<\/em>. Organis\u00e9 par PROMEXICO, le minist\u00e8re canadien des Affaires mondiales et le Bureau de promotion du commerce du Canada, le s\u00e9minaire en ligne a \u00e9t\u00e9 fort suivi.<\/p>\n<p>L\u2019auditoire des webinaires de perfectionnement, tenus les 21 et 24 f\u00e9vrier, ainsi que le 8 mars, \u00e9tait compos\u00e9 de repr\u00e9sentants gouvernementaux, de producteurs exp\u00e9diteurs et d\u2019\u00e9tudiants. Ce s\u00e9minaire est con\u00e7u de mani\u00e8re \u00e0 ce que les participants puissent prendre connaissance des d\u00e9tails entourant les exigences d\u2019acc\u00e8s et les avantages concurrentiels qui permettent \u00e0 un produit de r\u00e9ussir sur le march\u00e9 canadien.<\/p>\n<p>Parmi les sujets abord\u00e9s, un aper\u00e7u du march\u00e9 canadien des fruits et l\u00e9gumes frais, les canaux de distribution, des conseils pratiques, des instruments de financement, la salubrit\u00e9 des aliments et les exigences en mati\u00e8re de certification. Un autre sujet d\u2019int\u00e9r\u00eat y a \u00e9galement \u00e9t\u00e9 abord\u00e9\u00a0: <em>Understanding social responsibility and the role of women<\/em>. Jaime \u00e9tait sur place pour repr\u00e9senter la DRC et donner un aper\u00e7u du r\u00f4le de la corporation au sein de l\u2019industrie et des services qu\u2019elle offre.<\/p>\n<p>Si vous souhaitez que la DRC soit repr\u00e9sent\u00e9e \u00e0 un \u00e9v\u00e9nement ou livre une allocution, veuillez communiquer avec le bureau d\u2019assistance de la DRC au\u00a0:<\/p>\n<p>Bureau d\u2019assistance de la DRC | 613-234-0982 | <a href=\"mailto:Info@fvdrc.com\">Info@fvdrc.com<\/a><\/p>\n","protected":false},"excerpt":{"rendered":"<p>Le gestionnaire de l\u2019assistance commerciale de la DRC, Jaime Bustamante, \u00e9tait l\u2019un des conf\u00e9renciers-invit\u00e9s \u00e0 un webinaire de perfectionnement intitul\u00e9 Strengthening your capabilities to successfully export to Canada. Organis\u00e9 par PROMEXICO, le minist\u00e8re canadien des Affaires mondiales et le Bureau de promotion du commerce du Canada, le s\u00e9minaire en ligne a \u00e9t\u00e9 fort suivi. L\u2019auditoire [&hellip;]<\/p>\n","protected":false},"author":2,"featured_media":941,"comment_status":"open","ping_status":"open","sticky":false,"template":"","format":"standard","meta":{"_acf_changed":false,"_coblocks_attr":"","_coblocks_dimensions":"","_coblocks_responsive_height":"","_coblocks_accordion_ie_support":"","om_disable_all_campaigns":false,"_uag_custom_page_level_css":"","_monsterinsights_skip_tracking":false,"_monsterinsights_sitenote_active":false,"_monsterinsights_sitenote_note":"","_monsterinsights_sitenote_category":0,"_uf_show_specific_survey":0,"_uf_disable_surveys":false,"footnotes":"","_wpscppro_dont_share_socialmedia":false,"_wpscppro_custom_social_share_image":0,"_facebook_share_type":"","_twitter_share_type":"","_linkedin_share_type":"","_pinterest_share_type":"","_linkedin_share_type_page":"","_instagram_share_type":"","_medium_share_type":"","_threads_share_type":"","_google_business_share_type":"","_selected_social_profile":[],"_wpsp_enable_custom_social_template":false,"_wpsp_social_scheduling":{"enabled":false,"datetime":null,"platforms":[],"status":"template_only","dateOption":"today","timeOption":"now","customDays":"","customHours":"","customDate":"","customTime":"","schedulingType":"absolute"},"_wpsp_active_default_template":true},"categories":[2],"tags":[],"class_list":["post-943","post","type-post","status-publish","format-standard","has-post-thumbnail","hentry","category-non-classifiee"],"acf":[],"aioseo_notices":[],"yoast_head":"<!-- This site is optimized with the Yoast SEO plugin v27.4 - https:\/\/yoast.com\/product\/yoast-seo-wordpress\/ -->\n<title>Am\u00e9liorer votre capacit\u00e9 \u00e0 exporter au Canada avec succ\u00e8s - Fruit and Vegetable Dispute Resolution Corporation<\/title>\n<meta name=\"robots\" content=\"index, follow, max-snippet:-1, max-image-preview:large, max-video-preview:-1\" \/>\n<link rel=\"canonical\" href=\"https:\/\/www.fvdrc.com\/fr\/solutions\/strengthening-capabilities-successfully-export-canada\/\" \/>\n<meta property=\"og:locale\" content=\"fr_FR\" \/>\n<meta property=\"og:type\" content=\"article\" \/>\n<meta property=\"og:title\" content=\"Am\u00e9liorer votre capacit\u00e9 \u00e0 exporter au Canada avec succ\u00e8s - Fruit and Vegetable Dispute Resolution Corporation\" \/>\n<meta property=\"og:description\" content=\"Le gestionnaire de l\u2019assistance commerciale de la DRC, Jaime Bustamante, \u00e9tait l\u2019un des conf\u00e9renciers-invit\u00e9s \u00e0 un webinaire de perfectionnement intitul\u00e9 Strengthening your capabilities to successfully export to Canada. Organis\u00e9 par PROMEXICO, le minist\u00e8re canadien des Affaires mondiales et le Bureau de promotion du commerce du Canada, le s\u00e9minaire en ligne a \u00e9t\u00e9 fort suivi. L\u2019auditoire [&hellip;]\" \/>\n<meta property=\"og:url\" content=\"https:\/\/www.fvdrc.com\/fr\/solutions\/strengthening-capabilities-successfully-export-canada\/\" \/>\n<meta property=\"og:site_name\" content=\"Fruit and Vegetable Dispute Resolution Corporation\" \/>\n<meta property=\"article:published_time\" content=\"2017-04-28T18:08:12+00:00\" \/>\n<meta property=\"article:modified_time\" content=\"2020-06-18T18:55:10+00:00\" \/>\n<meta property=\"og:image\" content=\"https:\/\/secureservercdn.net\/104.238.70.184\/t8t.979.mwp.accessdomain.com\/wp-content\/uploads\/2017\/04\/promexico-small.png?time=1662217403\" \/>\n\t<meta property=\"og:image:width\" content=\"400\" \/>\n\t<meta property=\"og:image:height\" content=\"250\" \/>\n\t<meta property=\"og:image:type\" content=\"image\/png\" \/>\n<meta name=\"author\" content=\"DRC\" \/>\n<meta name=\"twitter:card\" content=\"summary_large_image\" \/>\n<meta name=\"twitter:label1\" content=\"Written by\" \/>\n\t<meta name=\"twitter:data1\" content=\"DRC\" \/>\n\t<meta name=\"twitter:label2\" content=\"Est. reading time\" \/>\n\t<meta name=\"twitter:data2\" content=\"1 minute\" \/>\n<script type=\"application\/ld+json\" class=\"yoast-schema-graph\">{\"@context\":\"https:\\\/\\\/schema.org\",\"@graph\":[{\"@type\":\"Article\",\"@id\":\"https:\\\/\\\/www.fvdrc.com\\\/fr\\\/solutions\\\/strengthening-capabilities-successfully-export-canada\\\/#article\",\"isPartOf\":{\"@id\":\"https:\\\/\\\/www.fvdrc.com\\\/fr\\\/solutions\\\/strengthening-capabilities-successfully-export-canada\\\/\"},\"author\":{\"name\":\"DRC\",\"@id\":\"https:\\\/\\\/fvdrc.com\\\/#\\\/schema\\\/person\\\/9a44a987eaca5b14f726e1f34a984383\"},\"headline\":\"Am\u00e9liorer votre capacit\u00e9 \u00e0 exporter au Canada avec succ\u00e8s\",\"datePublished\":\"2017-04-28T18:08:12+00:00\",\"dateModified\":\"2020-06-18T18:55:10+00:00\",\"mainEntityOfPage\":{\"@id\":\"https:\\\/\\\/www.fvdrc.com\\\/fr\\\/solutions\\\/strengthening-capabilities-successfully-export-canada\\\/\"},\"wordCount\":267,\"commentCount\":0,\"publisher\":{\"@id\":\"https:\\\/\\\/fvdrc.com\\\/#organization\"},\"image\":{\"@id\":\"https:\\\/\\\/www.fvdrc.com\\\/fr\\\/solutions\\\/strengthening-capabilities-successfully-export-canada\\\/#primaryimage\"},\"thumbnailUrl\":\"https:\\\/\\\/fvdrc.com\\\/wp-content\\\/uploads\\\/2017\\\/04\\\/promexico-small.png\",\"articleSection\":[\"Non classifi\u00e9(e)\"],\"inLanguage\":\"fr-FR\",\"potentialAction\":[{\"@type\":\"CommentAction\",\"name\":\"Comment\",\"target\":[\"https:\\\/\\\/www.fvdrc.com\\\/fr\\\/solutions\\\/strengthening-capabilities-successfully-export-canada\\\/#respond\"]}]},{\"@type\":\"WebPage\",\"@id\":\"https:\\\/\\\/www.fvdrc.com\\\/fr\\\/solutions\\\/strengthening-capabilities-successfully-export-canada\\\/\",\"url\":\"https:\\\/\\\/www.fvdrc.com\\\/fr\\\/solutions\\\/strengthening-capabilities-successfully-export-canada\\\/\",\"name\":\"Am\u00e9liorer votre capacit\u00e9 \u00e0 exporter au Canada avec succ\u00e8s - Fruit and Vegetable Dispute Resolution Corporation\",\"isPartOf\":{\"@id\":\"https:\\\/\\\/fvdrc.com\\\/#website\"},\"primaryImageOfPage\":{\"@id\":\"https:\\\/\\\/www.fvdrc.com\\\/fr\\\/solutions\\\/strengthening-capabilities-successfully-export-canada\\\/#primaryimage\"},\"image\":{\"@id\":\"https:\\\/\\\/www.fvdrc.com\\\/fr\\\/solutions\\\/strengthening-capabilities-successfully-export-canada\\\/#primaryimage\"},\"thumbnailUrl\":\"https:\\\/\\\/fvdrc.com\\\/wp-content\\\/uploads\\\/2017\\\/04\\\/promexico-small.png\",\"datePublished\":\"2017-04-28T18:08:12+00:00\",\"dateModified\":\"2020-06-18T18:55:10+00:00\",\"breadcrumb\":{\"@id\":\"https:\\\/\\\/www.fvdrc.com\\\/fr\\\/solutions\\\/strengthening-capabilities-successfully-export-canada\\\/#breadcrumb\"},\"inLanguage\":\"fr-FR\",\"potentialAction\":[{\"@type\":\"ReadAction\",\"target\":[\"https:\\\/\\\/www.fvdrc.com\\\/fr\\\/solutions\\\/strengthening-capabilities-successfully-export-canada\\\/\"]}]},{\"@type\":\"ImageObject\",\"inLanguage\":\"fr-FR\",\"@id\":\"https:\\\/\\\/www.fvdrc.com\\\/fr\\\/solutions\\\/strengthening-capabilities-successfully-export-canada\\\/#primaryimage\",\"url\":\"https:\\\/\\\/fvdrc.com\\\/wp-content\\\/uploads\\\/2017\\\/04\\\/promexico-small.png\",\"contentUrl\":\"https:\\\/\\\/fvdrc.com\\\/wp-content\\\/uploads\\\/2017\\\/04\\\/promexico-small.png\",\"width\":400,\"height\":250},{\"@type\":\"BreadcrumbList\",\"@id\":\"https:\\\/\\\/www.fvdrc.com\\\/fr\\\/solutions\\\/strengthening-capabilities-successfully-export-canada\\\/#breadcrumb\",\"itemListElement\":[{\"@type\":\"ListItem\",\"position\":1,\"name\":\"Home\",\"item\":\"https:\\\/\\\/fvdrc.com\\\/fr\\\/\"},{\"@type\":\"ListItem\",\"position\":2,\"name\":\"Am\u00e9liorer votre capacit\u00e9 \u00e0 exporter au Canada avec succ\u00e8s\"}]},{\"@type\":\"WebSite\",\"@id\":\"https:\\\/\\\/fvdrc.com\\\/#website\",\"url\":\"https:\\\/\\\/fvdrc.com\\\/\",\"name\":\"Fruit and Vegetable Dispute Resolution Corporation\",\"description\":\"Trade with Confidence\",\"publisher\":{\"@id\":\"https:\\\/\\\/fvdrc.com\\\/#organization\"},\"potentialAction\":[{\"@type\":\"SearchAction\",\"target\":{\"@type\":\"EntryPoint\",\"urlTemplate\":\"https:\\\/\\\/fvdrc.com\\\/?s={search_term_string}\"},\"query-input\":{\"@type\":\"PropertyValueSpecification\",\"valueRequired\":true,\"valueName\":\"search_term_string\"}}],\"inLanguage\":\"fr-FR\"},{\"@type\":\"Organization\",\"@id\":\"https:\\\/\\\/fvdrc.com\\\/#organization\",\"name\":\"Fruit and Vegetable Dispute Resolution Corporation\",\"url\":\"https:\\\/\\\/fvdrc.com\\\/\",\"logo\":{\"@type\":\"ImageObject\",\"inLanguage\":\"fr-FR\",\"@id\":\"https:\\\/\\\/fvdrc.com\\\/#\\\/schema\\\/logo\\\/image\\\/\",\"url\":\"https:\\\/\\\/fvdrc.com\\\/wp-content\\\/uploads\\\/2020\\\/06\\\/DRC-logo@2x.png\",\"contentUrl\":\"https:\\\/\\\/fvdrc.com\\\/wp-content\\\/uploads\\\/2020\\\/06\\\/DRC-logo@2x.png\",\"width\":261,\"height\":140,\"caption\":\"Fruit and Vegetable Dispute Resolution Corporation\"},\"image\":{\"@id\":\"https:\\\/\\\/fvdrc.com\\\/#\\\/schema\\\/logo\\\/image\\\/\"}},{\"@type\":\"Person\",\"@id\":\"https:\\\/\\\/fvdrc.com\\\/#\\\/schema\\\/person\\\/9a44a987eaca5b14f726e1f34a984383\",\"name\":\"DRC\",\"image\":{\"@type\":\"ImageObject\",\"inLanguage\":\"fr-FR\",\"@id\":\"https:\\\/\\\/secure.gravatar.com\\\/avatar\\\/9e96b42d184bd365caaff20776303ccbfb18e624e781b687ee62ffd71e927990?s=96&d=mm&r=g\",\"url\":\"https:\\\/\\\/secure.gravatar.com\\\/avatar\\\/9e96b42d184bd365caaff20776303ccbfb18e624e781b687ee62ffd71e927990?s=96&d=mm&r=g\",\"contentUrl\":\"https:\\\/\\\/secure.gravatar.com\\\/avatar\\\/9e96b42d184bd365caaff20776303ccbfb18e624e781b687ee62ffd71e927990?s=96&d=mm&r=g\",\"caption\":\"DRC\"},\"url\":\"https:\\\/\\\/fvdrc.com\\\/fr\\\/solutions\\\/author\\\/drc\\\/\"}]}<\/script>\n<!-- \/ Yoast SEO plugin. -->","yoast_head_json":{"title":"Am\u00e9liorer votre capacit\u00e9 \u00e0 exporter au Canada avec succ\u00e8s - Fruit and Vegetable Dispute Resolution Corporation","robots":{"index":"index","follow":"follow","max-snippet":"max-snippet:-1","max-image-preview":"max-image-preview:large","max-video-preview":"max-video-preview:-1"},"canonical":"https:\/\/www.fvdrc.com\/fr\/solutions\/strengthening-capabilities-successfully-export-canada\/","og_locale":"fr_FR","og_type":"article","og_title":"Am\u00e9liorer votre capacit\u00e9 \u00e0 exporter au Canada avec succ\u00e8s - Fruit and Vegetable Dispute Resolution Corporation","og_description":"Le gestionnaire de l\u2019assistance commerciale de la DRC, Jaime Bustamante, \u00e9tait l\u2019un des conf\u00e9renciers-invit\u00e9s \u00e0 un webinaire de perfectionnement intitul\u00e9 Strengthening your capabilities to successfully export to Canada. Organis\u00e9 par PROMEXICO, le minist\u00e8re canadien des Affaires mondiales et le Bureau de promotion du commerce du Canada, le s\u00e9minaire en ligne a \u00e9t\u00e9 fort suivi. L\u2019auditoire [&hellip;]","og_url":"https:\/\/www.fvdrc.com\/fr\/solutions\/strengthening-capabilities-successfully-export-canada\/","og_site_name":"Fruit and Vegetable Dispute Resolution Corporation","article_published_time":"2017-04-28T18:08:12+00:00","article_modified_time":"2020-06-18T18:55:10+00:00","og_image":[{"width":400,"height":250,"url":"https:\/\/secureservercdn.net\/104.238.70.184\/t8t.979.mwp.accessdomain.com\/wp-content\/uploads\/2017\/04\/promexico-small.png?time=1662217403","type":"image\/png"}],"author":"DRC","twitter_card":"summary_large_image","twitter_misc":{"Written by":"DRC","Est. reading time":"1 minute"},"schema":{"@context":"https:\/\/schema.org","@graph":[{"@type":"Article","@id":"https:\/\/www.fvdrc.com\/fr\/solutions\/strengthening-capabilities-successfully-export-canada\/#article","isPartOf":{"@id":"https:\/\/www.fvdrc.com\/fr\/solutions\/strengthening-capabilities-successfully-export-canada\/"},"author":{"name":"DRC","@id":"https:\/\/fvdrc.com\/#\/schema\/person\/9a44a987eaca5b14f726e1f34a984383"},"headline":"Am\u00e9liorer votre capacit\u00e9 \u00e0 exporter au Canada avec succ\u00e8s","datePublished":"2017-04-28T18:08:12+00:00","dateModified":"2020-06-18T18:55:10+00:00","mainEntityOfPage":{"@id":"https:\/\/www.fvdrc.com\/fr\/solutions\/strengthening-capabilities-successfully-export-canada\/"},"wordCount":267,"commentCount":0,"publisher":{"@id":"https:\/\/fvdrc.com\/#organization"},"image":{"@id":"https:\/\/www.fvdrc.com\/fr\/solutions\/strengthening-capabilities-successfully-export-canada\/#primaryimage"},"thumbnailUrl":"https:\/\/fvdrc.com\/wp-content\/uploads\/2017\/04\/promexico-small.png","articleSection":["Non classifi\u00e9(e)"],"inLanguage":"fr-FR","potentialAction":[{"@type":"CommentAction","name":"Comment","target":["https:\/\/www.fvdrc.com\/fr\/solutions\/strengthening-capabilities-successfully-export-canada\/#respond"]}]},{"@type":"WebPage","@id":"https:\/\/www.fvdrc.com\/fr\/solutions\/strengthening-capabilities-successfully-export-canada\/","url":"https:\/\/www.fvdrc.com\/fr\/solutions\/strengthening-capabilities-successfully-export-canada\/","name":"Am\u00e9liorer votre capacit\u00e9 \u00e0 exporter au Canada avec succ\u00e8s - Fruit and Vegetable Dispute Resolution Corporation","isPartOf":{"@id":"https:\/\/fvdrc.com\/#website"},"primaryImageOfPage":{"@id":"https:\/\/www.fvdrc.com\/fr\/solutions\/strengthening-capabilities-successfully-export-canada\/#primaryimage"},"image":{"@id":"https:\/\/www.fvdrc.com\/fr\/solutions\/strengthening-capabilities-successfully-export-canada\/#primaryimage"},"thumbnailUrl":"https:\/\/fvdrc.com\/wp-content\/uploads\/2017\/04\/promexico-small.png","datePublished":"2017-04-28T18:08:12+00:00","dateModified":"2020-06-18T18:55:10+00:00","breadcrumb":{"@id":"https:\/\/www.fvdrc.com\/fr\/solutions\/strengthening-capabilities-successfully-export-canada\/#breadcrumb"},"inLanguage":"fr-FR","potentialAction":[{"@type":"ReadAction","target":["https:\/\/www.fvdrc.com\/fr\/solutions\/strengthening-capabilities-successfully-export-canada\/"]}]},{"@type":"ImageObject","inLanguage":"fr-FR","@id":"https:\/\/www.fvdrc.com\/fr\/solutions\/strengthening-capabilities-successfully-export-canada\/#primaryimage","url":"https:\/\/fvdrc.com\/wp-content\/uploads\/2017\/04\/promexico-small.png","contentUrl":"https:\/\/fvdrc.com\/wp-content\/uploads\/2017\/04\/promexico-small.png","width":400,"height":250},{"@type":"BreadcrumbList","@id":"https:\/\/www.fvdrc.com\/fr\/solutions\/strengthening-capabilities-successfully-export-canada\/#breadcrumb","itemListElement":[{"@type":"ListItem","position":1,"name":"Home","item":"https:\/\/fvdrc.com\/fr\/"},{"@type":"ListItem","position":2,"name":"Am\u00e9liorer votre capacit\u00e9 \u00e0 exporter au Canada avec succ\u00e8s"}]},{"@type":"WebSite","@id":"https:\/\/fvdrc.com\/#website","url":"https:\/\/fvdrc.com\/","name":"Fruit and Vegetable Dispute Resolution Corporation","description":"Trade with Confidence","publisher":{"@id":"https:\/\/fvdrc.com\/#organization"},"potentialAction":[{"@type":"SearchAction","target":{"@type":"EntryPoint","urlTemplate":"https:\/\/fvdrc.com\/?s={search_term_string}"},"query-input":{"@type":"PropertyValueSpecification","valueRequired":true,"valueName":"search_term_string"}}],"inLanguage":"fr-FR"},{"@type":"Organization","@id":"https:\/\/fvdrc.com\/#organization","name":"Fruit and Vegetable Dispute Resolution Corporation","url":"https:\/\/fvdrc.com\/","logo":{"@type":"ImageObject","inLanguage":"fr-FR","@id":"https:\/\/fvdrc.com\/#\/schema\/logo\/image\/","url":"https:\/\/fvdrc.com\/wp-content\/uploads\/2020\/06\/DRC-logo@2x.png","contentUrl":"https:\/\/fvdrc.com\/wp-content\/uploads\/2020\/06\/DRC-logo@2x.png","width":261,"height":140,"caption":"Fruit and Vegetable Dispute Resolution Corporation"},"image":{"@id":"https:\/\/fvdrc.com\/#\/schema\/logo\/image\/"}},{"@type":"Person","@id":"https:\/\/fvdrc.com\/#\/schema\/person\/9a44a987eaca5b14f726e1f34a984383","name":"DRC","image":{"@type":"ImageObject","inLanguage":"fr-FR","@id":"https:\/\/secure.gravatar.com\/avatar\/9e96b42d184bd365caaff20776303ccbfb18e624e781b687ee62ffd71e927990?s=96&d=mm&r=g","url":"https:\/\/secure.gravatar.com\/avatar\/9e96b42d184bd365caaff20776303ccbfb18e624e781b687ee62ffd71e927990?s=96&d=mm&r=g","contentUrl":"https:\/\/secure.gravatar.com\/avatar\/9e96b42d184bd365caaff20776303ccbfb18e624e781b687ee62ffd71e927990?s=96&d=mm&r=g","caption":"DRC"},"url":"https:\/\/fvdrc.com\/fr\/solutions\/author\/drc\/"}]}},"featured_image_src":"https:\/\/fvdrc.com\/wp-content\/uploads\/2017\/04\/promexico-small.png","featured_image_src_square":"https:\/\/fvdrc.com\/wp-content\/uploads\/2017\/04\/promexico-small.png","author_info":{"display_name":"DRC","author_link":"https:\/\/fvdrc.com\/fr\/solutions\/author\/drc\/"},"uagb_featured_image_src":{"full":["https:\/\/fvdrc.com\/wp-content\/uploads\/2017\/04\/promexico-small.png",400,250,false],"thumbnail":["https:\/\/fvdrc.com\/wp-content\/uploads\/2017\/04\/promexico-small.png",150,94,false],"medium":["https:\/\/fvdrc.com\/wp-content\/uploads\/2017\/04\/promexico-small.png",300,188,false],"medium_large":["https:\/\/fvdrc.com\/wp-content\/uploads\/2017\/04\/promexico-small.png",400,250,false],"large":["https:\/\/fvdrc.com\/wp-content\/uploads\/2017\/04\/promexico-small.png",400,250,false],"gs-tiny":["https:\/\/fvdrc.com\/wp-content\/uploads\/2017\/04\/promexico-small.png",50,31,false],"xl":["https:\/\/fvdrc.com\/wp-content\/uploads\/2017\/04\/promexico-small.png",400,250,false],"xxl":["https:\/\/fvdrc.com\/wp-content\/uploads\/2017\/04\/promexico-small.png",400,250,false],"xxxl":["https:\/\/fvdrc.com\/wp-content\/uploads\/2017\/04\/promexico-small.png",400,250,false],"xxxxl":["https:\/\/fvdrc.com\/wp-content\/uploads\/2017\/04\/promexico-small.png",400,250,false],"xxxxxl":["https:\/\/fvdrc.com\/wp-content\/uploads\/2017\/04\/promexico-small.png",400,250,false],"1536x1536":["https:\/\/fvdrc.com\/wp-content\/uploads\/2017\/04\/promexico-small.png",400,250,false],"2048x2048":["https:\/\/fvdrc.com\/wp-content\/uploads\/2017\/04\/promexico-small.png",400,250,false],"gb-block-post-grid-landscape":["https:\/\/fvdrc.com\/wp-content\/uploads\/2017\/04\/promexico-small.png",400,250,false],"gb-block-post-grid-square":["https:\/\/fvdrc.com\/wp-content\/uploads\/2017\/04\/promexico-small.png",400,250,false],"post-thumbnail":["https:\/\/fvdrc.com\/wp-content\/uploads\/2017\/04\/promexico-small.png",400,250,false],"twentytwenty-fullscreen":["https:\/\/fvdrc.com\/wp-content\/uploads\/2017\/04\/promexico-small.png",400,250,false]},"uagb_author_info":{"display_name":"DRC","author_link":"https:\/\/fvdrc.com\/fr\/solutions\/author\/drc\/"},"uagb_comment_info":0,"uagb_excerpt":"Le gestionnaire de l\u2019assistance commerciale de la DRC, Jaime Bustamante, \u00e9tait l\u2019un des conf\u00e9renciers-invit\u00e9s \u00e0 un webinaire de perfectionnement intitul\u00e9 Strengthening your capabilities to successfully export to Canada. Organis\u00e9 par PROMEXICO, le minist\u00e8re canadien des Affaires mondiales et le Bureau de promotion du commerce du Canada, le s\u00e9minaire en ligne a \u00e9t\u00e9 fort suivi. L\u2019auditoire&hellip;","_links":{"self":[{"href":"https:\/\/fvdrc.com\/fr\/wp-json\/wp\/v2\/posts\/943","targetHints":{"allow":["GET"]}}],"collection":[{"href":"https:\/\/fvdrc.com\/fr\/wp-json\/wp\/v2\/posts"}],"about":[{"href":"https:\/\/fvdrc.com\/fr\/wp-json\/wp\/v2\/types\/post"}],"author":[{"embeddable":true,"href":"https:\/\/fvdrc.com\/fr\/wp-json\/wp\/v2\/users\/2"}],"replies":[{"embeddable":true,"href":"https:\/\/fvdrc.com\/fr\/wp-json\/wp\/v2\/comments?post=943"}],"version-history":[{"count":1,"href":"https:\/\/fvdrc.com\/fr\/wp-json\/wp\/v2\/posts\/943\/revisions"}],"predecessor-version":[{"id":3063,"href":"https:\/\/fvdrc.com\/fr\/wp-json\/wp\/v2\/posts\/943\/revisions\/3063"}],"wp:featuredmedia":[{"embeddable":true,"href":"https:\/\/fvdrc.com\/fr\/wp-json\/wp\/v2\/media\/941"}],"wp:attachment":[{"href":"https:\/\/fvdrc.com\/fr\/wp-json\/wp\/v2\/media?parent=943"}],"wp:term":[{"taxonomy":"category","embeddable":true,"href":"https:\/\/fvdrc.com\/fr\/wp-json\/wp\/v2\/categories?post=943"},{"taxonomy":"post_tag","embeddable":true,"href":"https:\/\/fvdrc.com\/fr\/wp-json\/wp\/v2\/tags?post=943"}],"curies":[{"name":"wp","href":"https:\/\/api.w.org\/{rel}","templated":true}]}}