{"id":5533,"date":"2021-09-01T10:35:38","date_gmt":"2021-09-01T14:35:38","guid":{"rendered":"https:\/\/www.fvdrc.com\/?p=5533"},"modified":"2021-09-01T10:35:39","modified_gmt":"2021-09-01T14:35:39","slug":"kevin-smith-reflexions-apres-mes-cinq-premiers-mois","status":"publish","type":"post","link":"https:\/\/fvdrc.com\/fr\/solutions\/kevin-smith-reflexions-apres-mes-cinq-premiers-mois\/","title":{"rendered":"Kevin Smith \u2013 R\u00e9flexions apr\u00e8s mes cinq premiers mois"},"content":{"rendered":"\n<p>Je suis tr\u00e8s heureux d\u2019avoir \u00e9t\u00e9 choisi comme nouveau vice-pr\u00e9sident, Op\u00e9rations, de la Corporation de r\u00e8glement des diff\u00e9rends dans les fruits et l\u00e9gumes. Ce sont de grands souliers \u00e0 chausser alors que Fred Webber prend une retraite bien m\u00e9rit\u00e9e et que Luc Mougeot lui succ\u00e8de \u00e0 titre de pr\u00e9sident-directeur g\u00e9n\u00e9ral. L\u2019accueil chaleureux dont on a fait preuve \u00e0 mon \u00e9gard depuis mon arriv\u00e9e est fort appr\u00e9ci\u00e9!<\/p>\n<p>Avant de me joindre \u00e0 la DRC, j\u2019ai occup\u00e9 plusieurs postes \u00e0 l\u2019Agence canadienne d\u2019inspection des aliments (ACIA). Et avant l\u2019ACIA, j\u2019ai \u0153uvr\u00e9 au sein des secteurs des viandes, des produits laitiers et de la confiserie.<\/p>\n<p>L\u2019ACIA est un organisme de r\u00e9glementation au vaste mandat. Pour les entreprises du secteur de l\u2019alimentation, cela comprend notamment la salubrit\u00e9 alimentaire, la protection des consommateurs, ainsi que le commerce. Alors qu\u2019au d\u00e9but, j\u2019\u00e9tais tr\u00e8s impliqu\u00e9 dans la salubrit\u00e9 alimentaire, mon cheminement de carri\u00e8re m\u2019a de plus en plus amen\u00e9 vers la protection des consommateurs et le commerce.<\/p>\n<p>J\u2019ai eu le privil\u00e8ge de travailler avec la DRC comme agent de liaison de l\u2019ACIA \u00e0 son conseil d\u2019administration. Je suis devenu familier avec sa culture et l\u2019ai trouv\u00e9e extr\u00eamement ouverte et professionnelle, anim\u00e9e d\u2019une profonde passion \u00e0 contribuer au mieux-\u00eatre du secteur des fruits et l\u00e9gumes. J\u2019en suis venu \u00e0 l\u2019admirer et \u00e0 la respecter.<\/p>\n<p>Changer de travail et d\u2019organisation signifie int\u00e9grer une nouvelle \u00e9quipe et apprendre \u00e0 conna\u00eetre l\u2019organisation et son quotidien en d\u00e9tails. En arrivant \u00e0 la DRC, j\u2019ai \u00e9t\u00e9 impressionn\u00e9 par l\u2019\u00e9ventail d\u2019activit\u00e9s qu\u2019elle m\u00e8ne aupr\u00e8s du secteur des fruits et l\u00e9gumes. Alors que son activit\u00e9 fondamentale demeure le r\u00e8glement des diff\u00e9rends, elle re\u00e7oit chaque jour des questions touchant une foule d\u2019autres sujets comme la salubrit\u00e9 alimentaire, les tarifs ou des probl\u00e8mes de fruits et l\u00e9gumes bloqu\u00e9s aux douanes. La DRC, en collaborant d\u2019aussi pr\u00e8s avec ses membres, les associations sectorielles alli\u00e9es et les gouvernements, permet \u00e0 toute l\u2019industrie de profiter de son expertise. Tout cela fait en sorte que l\u2019adh\u00e9sion \u00e0 la DRC constitue un investissement des plus valables. La DRC prend sa mission vraiment \u00e0 c\u0153ur et je n\u2019ai pas tard\u00e9 \u00e0 m\u2019impliquer dans nos activit\u00e9s li\u00e9es \u00e0 l\u2019observance pour veiller \u00e0 ce que nos r\u00e8glements et r\u00e8gles d\u2019exploitation continuent d\u2019\u00eatre respect\u00e9s. \u00c0 la DRC, j\u2019ai trouv\u00e9 un environnement marqu\u00e9 par le respect et le d\u00e9vouement, o\u00f9 la contribution de toutes et tous est valoris\u00e9e.<\/p>\n<p>Je continuerai le travail de collaboration, tirant avantage de mes exp\u00e9riences pass\u00e9es. La DRC continuera \u00e0 travailler sur une s\u00e9rie d\u2019enjeux dont les exigences en mati\u00e8re de cat\u00e9gorie, le Service d\u2019inspection \u00e0 destination et les normes avec la communaut\u00e9 internationale. Nous entamons le rafraichissement de notre plan strat\u00e9gique et j\u2019ai bien h\u00e2te d\u2019ouvrir de nouvelles avenues \u00e0 la DRC.<\/p>\n<p>Alors que la pand\u00e9mie poursuit sa course, et que les conversations en personne reprendront, je me consacrerai \u00e0 en apprendre encore davantage sur le secteur des fruits et l\u00e9gumes pour servir nos membres le mieux possible et acc\u00e9l\u00e9rer notre croissance comme organisme de r\u00e8glement des diff\u00e9rends internationalement respect\u00e9.<\/p>\n<p>Je suis fier d\u2019\u00eatre membre de la DRC et je suis vraiment heureux de pouvoir servir le secteur des fruits et l\u00e9gumes et d\u2019avoir bient\u00f4t l\u2019occasion de rencontrer bon nombre d\u2019entre vous.<\/p>\n","protected":false},"excerpt":{"rendered":"<p>Je suis tr\u00e8s heureux d\u2019avoir \u00e9t\u00e9 choisi comme nouveau vice-pr\u00e9sident, Op\u00e9rations, de la Corporation de r\u00e8glement des diff\u00e9rends dans les fruits et l\u00e9gumes. Ce sont de grands souliers \u00e0 chausser alors que Fred Webber prend une retraite bien m\u00e9rit\u00e9e et que Luc Mougeot lui succ\u00e8de \u00e0 titre de pr\u00e9sident-directeur g\u00e9n\u00e9ral. L\u2019accueil chaleureux dont on a [&hellip;]<\/p>\n","protected":false},"author":2,"featured_media":5070,"comment_status":"closed","ping_status":"closed","sticky":false,"template":"","format":"standard","meta":{"_acf_changed":false,"_coblocks_attr":"","_coblocks_dimensions":"","_coblocks_responsive_height":"","_coblocks_accordion_ie_support":"","om_disable_all_campaigns":false,"_uag_custom_page_level_css":"","_monsterinsights_skip_tracking":false,"_monsterinsights_sitenote_active":false,"_monsterinsights_sitenote_note":"","_monsterinsights_sitenote_category":0,"_uf_show_specific_survey":0,"_uf_disable_surveys":false,"footnotes":"","_wpscppro_dont_share_socialmedia":false,"_wpscppro_custom_social_share_image":0,"_facebook_share_type":"","_twitter_share_type":"","_linkedin_share_type":"","_pinterest_share_type":"","_linkedin_share_type_page":"","_instagram_share_type":"","_medium_share_type":"","_threads_share_type":"","_google_business_share_type":"","_selected_social_profile":[],"_wpsp_enable_custom_social_template":false,"_wpsp_social_scheduling":{"enabled":false,"datetime":null,"platforms":[],"status":"template_only","dateOption":"today","timeOption":"now","customDays":"","customHours":"","customDate":"","customTime":"","schedulingType":"absolute"},"_wpsp_active_default_template":true},"categories":[1],"tags":[],"class_list":["post-5533","post","type-post","status-publish","format-standard","has-post-thumbnail","hentry","category-uncategorized"],"acf":[],"aioseo_notices":[],"yoast_head":"<!-- This site is optimized with the Yoast SEO plugin v27.4 - https:\/\/yoast.com\/product\/yoast-seo-wordpress\/ -->\n<title>Kevin Smith \u2013 R\u00e9flexions apr\u00e8s mes cinq premiers mois - Fruit and Vegetable Dispute Resolution Corporation<\/title>\n<meta name=\"robots\" content=\"index, follow, max-snippet:-1, max-image-preview:large, max-video-preview:-1\" \/>\n<link rel=\"canonical\" href=\"https:\/\/www.fvdrc.com\/fr\/solutions\/kevin-smith-reflexions-apres-mes-cinq-premiers-mois\/\" \/>\n<meta property=\"og:locale\" content=\"fr_FR\" \/>\n<meta property=\"og:type\" content=\"article\" \/>\n<meta property=\"og:title\" content=\"Kevin Smith \u2013 R\u00e9flexions apr\u00e8s mes cinq premiers mois - Fruit and Vegetable Dispute Resolution Corporation\" \/>\n<meta property=\"og:description\" content=\"Je suis tr\u00e8s heureux d\u2019avoir \u00e9t\u00e9 choisi comme nouveau vice-pr\u00e9sident, Op\u00e9rations, de la Corporation de r\u00e8glement des diff\u00e9rends dans les fruits et l\u00e9gumes. Ce sont de grands souliers \u00e0 chausser alors que Fred Webber prend une retraite bien m\u00e9rit\u00e9e et que Luc Mougeot lui succ\u00e8de \u00e0 titre de pr\u00e9sident-directeur g\u00e9n\u00e9ral. L\u2019accueil chaleureux dont on a [&hellip;]\" \/>\n<meta property=\"og:url\" content=\"https:\/\/www.fvdrc.com\/fr\/solutions\/kevin-smith-reflexions-apres-mes-cinq-premiers-mois\/\" \/>\n<meta property=\"og:site_name\" content=\"Fruit and Vegetable Dispute Resolution Corporation\" \/>\n<meta property=\"article:published_time\" content=\"2021-09-01T14:35:38+00:00\" \/>\n<meta property=\"article:modified_time\" content=\"2021-09-01T14:35:39+00:00\" \/>\n<meta property=\"og:image\" content=\"https:\/\/secureservercdn.net\/104.238.70.184\/t8t.979.mwp.accessdomain.com\/wp-content\/uploads\/2021\/04\/Kevin_Web_Colour-e1630507299481.jpg?time=1662217403\" \/>\n\t<meta property=\"og:image:width\" content=\"969\" \/>\n\t<meta property=\"og:image:height\" content=\"1212\" \/>\n\t<meta property=\"og:image:type\" content=\"image\/jpeg\" \/>\n<meta name=\"author\" content=\"DRC\" \/>\n<meta name=\"twitter:card\" content=\"summary_large_image\" \/>\n<meta name=\"twitter:label1\" content=\"Written by\" \/>\n\t<meta name=\"twitter:data1\" content=\"DRC\" \/>\n\t<meta name=\"twitter:label2\" content=\"Est. reading time\" \/>\n\t<meta name=\"twitter:data2\" content=\"3 minutes\" \/>\n<script type=\"application\/ld+json\" class=\"yoast-schema-graph\">{\"@context\":\"https:\\\/\\\/schema.org\",\"@graph\":[{\"@type\":\"Article\",\"@id\":\"https:\\\/\\\/www.fvdrc.com\\\/fr\\\/solutions\\\/kevin-smith-reflexions-apres-mes-cinq-premiers-mois\\\/#article\",\"isPartOf\":{\"@id\":\"https:\\\/\\\/www.fvdrc.com\\\/fr\\\/solutions\\\/kevin-smith-reflexions-apres-mes-cinq-premiers-mois\\\/\"},\"author\":{\"name\":\"DRC\",\"@id\":\"https:\\\/\\\/fvdrc.com\\\/#\\\/schema\\\/person\\\/9a44a987eaca5b14f726e1f34a984383\"},\"headline\":\"Kevin Smith \u2013 R\u00e9flexions apr\u00e8s mes cinq premiers mois\",\"datePublished\":\"2021-09-01T14:35:38+00:00\",\"dateModified\":\"2021-09-01T14:35:39+00:00\",\"mainEntityOfPage\":{\"@id\":\"https:\\\/\\\/www.fvdrc.com\\\/fr\\\/solutions\\\/kevin-smith-reflexions-apres-mes-cinq-premiers-mois\\\/\"},\"wordCount\":624,\"publisher\":{\"@id\":\"https:\\\/\\\/fvdrc.com\\\/#organization\"},\"image\":{\"@id\":\"https:\\\/\\\/www.fvdrc.com\\\/fr\\\/solutions\\\/kevin-smith-reflexions-apres-mes-cinq-premiers-mois\\\/#primaryimage\"},\"thumbnailUrl\":\"https:\\\/\\\/fvdrc.com\\\/wp-content\\\/uploads\\\/2021\\\/04\\\/Kevin_Web_Colour-e1630507299481.jpg\",\"inLanguage\":\"fr-FR\"},{\"@type\":\"WebPage\",\"@id\":\"https:\\\/\\\/www.fvdrc.com\\\/fr\\\/solutions\\\/kevin-smith-reflexions-apres-mes-cinq-premiers-mois\\\/\",\"url\":\"https:\\\/\\\/www.fvdrc.com\\\/fr\\\/solutions\\\/kevin-smith-reflexions-apres-mes-cinq-premiers-mois\\\/\",\"name\":\"Kevin Smith \u2013 R\u00e9flexions apr\u00e8s mes cinq premiers mois - Fruit and Vegetable Dispute Resolution Corporation\",\"isPartOf\":{\"@id\":\"https:\\\/\\\/fvdrc.com\\\/#website\"},\"primaryImageOfPage\":{\"@id\":\"https:\\\/\\\/www.fvdrc.com\\\/fr\\\/solutions\\\/kevin-smith-reflexions-apres-mes-cinq-premiers-mois\\\/#primaryimage\"},\"image\":{\"@id\":\"https:\\\/\\\/www.fvdrc.com\\\/fr\\\/solutions\\\/kevin-smith-reflexions-apres-mes-cinq-premiers-mois\\\/#primaryimage\"},\"thumbnailUrl\":\"https:\\\/\\\/fvdrc.com\\\/wp-content\\\/uploads\\\/2021\\\/04\\\/Kevin_Web_Colour-e1630507299481.jpg\",\"datePublished\":\"2021-09-01T14:35:38+00:00\",\"dateModified\":\"2021-09-01T14:35:39+00:00\",\"breadcrumb\":{\"@id\":\"https:\\\/\\\/www.fvdrc.com\\\/fr\\\/solutions\\\/kevin-smith-reflexions-apres-mes-cinq-premiers-mois\\\/#breadcrumb\"},\"inLanguage\":\"fr-FR\",\"potentialAction\":[{\"@type\":\"ReadAction\",\"target\":[\"https:\\\/\\\/www.fvdrc.com\\\/fr\\\/solutions\\\/kevin-smith-reflexions-apres-mes-cinq-premiers-mois\\\/\"]}]},{\"@type\":\"ImageObject\",\"inLanguage\":\"fr-FR\",\"@id\":\"https:\\\/\\\/www.fvdrc.com\\\/fr\\\/solutions\\\/kevin-smith-reflexions-apres-mes-cinq-premiers-mois\\\/#primaryimage\",\"url\":\"https:\\\/\\\/fvdrc.com\\\/wp-content\\\/uploads\\\/2021\\\/04\\\/Kevin_Web_Colour-e1630507299481.jpg\",\"contentUrl\":\"https:\\\/\\\/fvdrc.com\\\/wp-content\\\/uploads\\\/2021\\\/04\\\/Kevin_Web_Colour-e1630507299481.jpg\",\"width\":969,\"height\":1212},{\"@type\":\"BreadcrumbList\",\"@id\":\"https:\\\/\\\/www.fvdrc.com\\\/fr\\\/solutions\\\/kevin-smith-reflexions-apres-mes-cinq-premiers-mois\\\/#breadcrumb\",\"itemListElement\":[{\"@type\":\"ListItem\",\"position\":1,\"name\":\"Home\",\"item\":\"https:\\\/\\\/fvdrc.com\\\/fr\\\/\"},{\"@type\":\"ListItem\",\"position\":2,\"name\":\"Kevin Smith \u2013 R\u00e9flexions apr\u00e8s mes cinq premiers mois\"}]},{\"@type\":\"WebSite\",\"@id\":\"https:\\\/\\\/fvdrc.com\\\/#website\",\"url\":\"https:\\\/\\\/fvdrc.com\\\/\",\"name\":\"Fruit and Vegetable Dispute Resolution Corporation\",\"description\":\"Trade with Confidence\",\"publisher\":{\"@id\":\"https:\\\/\\\/fvdrc.com\\\/#organization\"},\"potentialAction\":[{\"@type\":\"SearchAction\",\"target\":{\"@type\":\"EntryPoint\",\"urlTemplate\":\"https:\\\/\\\/fvdrc.com\\\/?s={search_term_string}\"},\"query-input\":{\"@type\":\"PropertyValueSpecification\",\"valueRequired\":true,\"valueName\":\"search_term_string\"}}],\"inLanguage\":\"fr-FR\"},{\"@type\":\"Organization\",\"@id\":\"https:\\\/\\\/fvdrc.com\\\/#organization\",\"name\":\"Fruit and Vegetable Dispute Resolution Corporation\",\"url\":\"https:\\\/\\\/fvdrc.com\\\/\",\"logo\":{\"@type\":\"ImageObject\",\"inLanguage\":\"fr-FR\",\"@id\":\"https:\\\/\\\/fvdrc.com\\\/#\\\/schema\\\/logo\\\/image\\\/\",\"url\":\"https:\\\/\\\/fvdrc.com\\\/wp-content\\\/uploads\\\/2020\\\/06\\\/DRC-logo@2x.png\",\"contentUrl\":\"https:\\\/\\\/fvdrc.com\\\/wp-content\\\/uploads\\\/2020\\\/06\\\/DRC-logo@2x.png\",\"width\":261,\"height\":140,\"caption\":\"Fruit and Vegetable Dispute Resolution Corporation\"},\"image\":{\"@id\":\"https:\\\/\\\/fvdrc.com\\\/#\\\/schema\\\/logo\\\/image\\\/\"}},{\"@type\":\"Person\",\"@id\":\"https:\\\/\\\/fvdrc.com\\\/#\\\/schema\\\/person\\\/9a44a987eaca5b14f726e1f34a984383\",\"name\":\"DRC\",\"image\":{\"@type\":\"ImageObject\",\"inLanguage\":\"fr-FR\",\"@id\":\"https:\\\/\\\/secure.gravatar.com\\\/avatar\\\/9e96b42d184bd365caaff20776303ccbfb18e624e781b687ee62ffd71e927990?s=96&d=mm&r=g\",\"url\":\"https:\\\/\\\/secure.gravatar.com\\\/avatar\\\/9e96b42d184bd365caaff20776303ccbfb18e624e781b687ee62ffd71e927990?s=96&d=mm&r=g\",\"contentUrl\":\"https:\\\/\\\/secure.gravatar.com\\\/avatar\\\/9e96b42d184bd365caaff20776303ccbfb18e624e781b687ee62ffd71e927990?s=96&d=mm&r=g\",\"caption\":\"DRC\"},\"url\":\"https:\\\/\\\/fvdrc.com\\\/fr\\\/solutions\\\/author\\\/drc\\\/\"}]}<\/script>\n<!-- \/ Yoast SEO plugin. -->","yoast_head_json":{"title":"Kevin Smith \u2013 R\u00e9flexions apr\u00e8s mes cinq premiers mois - Fruit and Vegetable Dispute Resolution Corporation","robots":{"index":"index","follow":"follow","max-snippet":"max-snippet:-1","max-image-preview":"max-image-preview:large","max-video-preview":"max-video-preview:-1"},"canonical":"https:\/\/www.fvdrc.com\/fr\/solutions\/kevin-smith-reflexions-apres-mes-cinq-premiers-mois\/","og_locale":"fr_FR","og_type":"article","og_title":"Kevin Smith \u2013 R\u00e9flexions apr\u00e8s mes cinq premiers mois - Fruit and Vegetable Dispute Resolution Corporation","og_description":"Je suis tr\u00e8s heureux d\u2019avoir \u00e9t\u00e9 choisi comme nouveau vice-pr\u00e9sident, Op\u00e9rations, de la Corporation de r\u00e8glement des diff\u00e9rends dans les fruits et l\u00e9gumes. Ce sont de grands souliers \u00e0 chausser alors que Fred Webber prend une retraite bien m\u00e9rit\u00e9e et que Luc Mougeot lui succ\u00e8de \u00e0 titre de pr\u00e9sident-directeur g\u00e9n\u00e9ral. L\u2019accueil chaleureux dont on a [&hellip;]","og_url":"https:\/\/www.fvdrc.com\/fr\/solutions\/kevin-smith-reflexions-apres-mes-cinq-premiers-mois\/","og_site_name":"Fruit and Vegetable Dispute Resolution Corporation","article_published_time":"2021-09-01T14:35:38+00:00","article_modified_time":"2021-09-01T14:35:39+00:00","og_image":[{"width":969,"height":1212,"url":"https:\/\/secureservercdn.net\/104.238.70.184\/t8t.979.mwp.accessdomain.com\/wp-content\/uploads\/2021\/04\/Kevin_Web_Colour-e1630507299481.jpg?time=1662217403","type":"image\/jpeg"}],"author":"DRC","twitter_card":"summary_large_image","twitter_misc":{"Written by":"DRC","Est. reading time":"3 minutes"},"schema":{"@context":"https:\/\/schema.org","@graph":[{"@type":"Article","@id":"https:\/\/www.fvdrc.com\/fr\/solutions\/kevin-smith-reflexions-apres-mes-cinq-premiers-mois\/#article","isPartOf":{"@id":"https:\/\/www.fvdrc.com\/fr\/solutions\/kevin-smith-reflexions-apres-mes-cinq-premiers-mois\/"},"author":{"name":"DRC","@id":"https:\/\/fvdrc.com\/#\/schema\/person\/9a44a987eaca5b14f726e1f34a984383"},"headline":"Kevin Smith \u2013 R\u00e9flexions apr\u00e8s mes cinq premiers mois","datePublished":"2021-09-01T14:35:38+00:00","dateModified":"2021-09-01T14:35:39+00:00","mainEntityOfPage":{"@id":"https:\/\/www.fvdrc.com\/fr\/solutions\/kevin-smith-reflexions-apres-mes-cinq-premiers-mois\/"},"wordCount":624,"publisher":{"@id":"https:\/\/fvdrc.com\/#organization"},"image":{"@id":"https:\/\/www.fvdrc.com\/fr\/solutions\/kevin-smith-reflexions-apres-mes-cinq-premiers-mois\/#primaryimage"},"thumbnailUrl":"https:\/\/fvdrc.com\/wp-content\/uploads\/2021\/04\/Kevin_Web_Colour-e1630507299481.jpg","inLanguage":"fr-FR"},{"@type":"WebPage","@id":"https:\/\/www.fvdrc.com\/fr\/solutions\/kevin-smith-reflexions-apres-mes-cinq-premiers-mois\/","url":"https:\/\/www.fvdrc.com\/fr\/solutions\/kevin-smith-reflexions-apres-mes-cinq-premiers-mois\/","name":"Kevin Smith \u2013 R\u00e9flexions apr\u00e8s mes cinq premiers mois - Fruit and Vegetable Dispute Resolution Corporation","isPartOf":{"@id":"https:\/\/fvdrc.com\/#website"},"primaryImageOfPage":{"@id":"https:\/\/www.fvdrc.com\/fr\/solutions\/kevin-smith-reflexions-apres-mes-cinq-premiers-mois\/#primaryimage"},"image":{"@id":"https:\/\/www.fvdrc.com\/fr\/solutions\/kevin-smith-reflexions-apres-mes-cinq-premiers-mois\/#primaryimage"},"thumbnailUrl":"https:\/\/fvdrc.com\/wp-content\/uploads\/2021\/04\/Kevin_Web_Colour-e1630507299481.jpg","datePublished":"2021-09-01T14:35:38+00:00","dateModified":"2021-09-01T14:35:39+00:00","breadcrumb":{"@id":"https:\/\/www.fvdrc.com\/fr\/solutions\/kevin-smith-reflexions-apres-mes-cinq-premiers-mois\/#breadcrumb"},"inLanguage":"fr-FR","potentialAction":[{"@type":"ReadAction","target":["https:\/\/www.fvdrc.com\/fr\/solutions\/kevin-smith-reflexions-apres-mes-cinq-premiers-mois\/"]}]},{"@type":"ImageObject","inLanguage":"fr-FR","@id":"https:\/\/www.fvdrc.com\/fr\/solutions\/kevin-smith-reflexions-apres-mes-cinq-premiers-mois\/#primaryimage","url":"https:\/\/fvdrc.com\/wp-content\/uploads\/2021\/04\/Kevin_Web_Colour-e1630507299481.jpg","contentUrl":"https:\/\/fvdrc.com\/wp-content\/uploads\/2021\/04\/Kevin_Web_Colour-e1630507299481.jpg","width":969,"height":1212},{"@type":"BreadcrumbList","@id":"https:\/\/www.fvdrc.com\/fr\/solutions\/kevin-smith-reflexions-apres-mes-cinq-premiers-mois\/#breadcrumb","itemListElement":[{"@type":"ListItem","position":1,"name":"Home","item":"https:\/\/fvdrc.com\/fr\/"},{"@type":"ListItem","position":2,"name":"Kevin Smith \u2013 R\u00e9flexions apr\u00e8s mes cinq premiers mois"}]},{"@type":"WebSite","@id":"https:\/\/fvdrc.com\/#website","url":"https:\/\/fvdrc.com\/","name":"Fruit and Vegetable Dispute Resolution Corporation","description":"Trade with Confidence","publisher":{"@id":"https:\/\/fvdrc.com\/#organization"},"potentialAction":[{"@type":"SearchAction","target":{"@type":"EntryPoint","urlTemplate":"https:\/\/fvdrc.com\/?s={search_term_string}"},"query-input":{"@type":"PropertyValueSpecification","valueRequired":true,"valueName":"search_term_string"}}],"inLanguage":"fr-FR"},{"@type":"Organization","@id":"https:\/\/fvdrc.com\/#organization","name":"Fruit and Vegetable Dispute Resolution Corporation","url":"https:\/\/fvdrc.com\/","logo":{"@type":"ImageObject","inLanguage":"fr-FR","@id":"https:\/\/fvdrc.com\/#\/schema\/logo\/image\/","url":"https:\/\/fvdrc.com\/wp-content\/uploads\/2020\/06\/DRC-logo@2x.png","contentUrl":"https:\/\/fvdrc.com\/wp-content\/uploads\/2020\/06\/DRC-logo@2x.png","width":261,"height":140,"caption":"Fruit and Vegetable Dispute Resolution Corporation"},"image":{"@id":"https:\/\/fvdrc.com\/#\/schema\/logo\/image\/"}},{"@type":"Person","@id":"https:\/\/fvdrc.com\/#\/schema\/person\/9a44a987eaca5b14f726e1f34a984383","name":"DRC","image":{"@type":"ImageObject","inLanguage":"fr-FR","@id":"https:\/\/secure.gravatar.com\/avatar\/9e96b42d184bd365caaff20776303ccbfb18e624e781b687ee62ffd71e927990?s=96&d=mm&r=g","url":"https:\/\/secure.gravatar.com\/avatar\/9e96b42d184bd365caaff20776303ccbfb18e624e781b687ee62ffd71e927990?s=96&d=mm&r=g","contentUrl":"https:\/\/secure.gravatar.com\/avatar\/9e96b42d184bd365caaff20776303ccbfb18e624e781b687ee62ffd71e927990?s=96&d=mm&r=g","caption":"DRC"},"url":"https:\/\/fvdrc.com\/fr\/solutions\/author\/drc\/"}]}},"featured_image_src":"https:\/\/fvdrc.com\/wp-content\/uploads\/2021\/04\/Kevin_Web_Colour-600x400.jpg","featured_image_src_square":"https:\/\/fvdrc.com\/wp-content\/uploads\/2021\/04\/Kevin_Web_Colour-600x600.jpg","author_info":{"display_name":"DRC","author_link":"https:\/\/fvdrc.com\/fr\/solutions\/author\/drc\/"},"uagb_featured_image_src":{"full":["https:\/\/fvdrc.com\/wp-content\/uploads\/2021\/04\/Kevin_Web_Colour-e1630507299481.jpg",969,1212,false],"thumbnail":["https:\/\/fvdrc.com\/wp-content\/uploads\/2021\/04\/Kevin_Web_Colour-150x150.jpg",150,150,true],"medium":["https:\/\/fvdrc.com\/wp-content\/uploads\/2021\/04\/Kevin_Web_Colour-240x300.jpg",240,300,true],"medium_large":["https:\/\/fvdrc.com\/wp-content\/uploads\/2021\/04\/Kevin_Web_Colour-768x961.jpg",768,961,true],"large":["https:\/\/fvdrc.com\/wp-content\/uploads\/2021\/04\/Kevin_Web_Colour-819x1024.jpg",819,1024,true],"gs-tiny":["https:\/\/fvdrc.com\/wp-content\/uploads\/2021\/04\/Kevin_Web_Colour-e1630507299481.jpg",50,63,false],"xl":["https:\/\/fvdrc.com\/wp-content\/uploads\/2021\/04\/Kevin_Web_Colour-e1630507299481.jpg",969,1212,false],"xxl":["https:\/\/fvdrc.com\/wp-content\/uploads\/2021\/04\/Kevin_Web_Colour-e1630507299481.jpg",969,1212,false],"xxxl":["https:\/\/fvdrc.com\/wp-content\/uploads\/2021\/04\/Kevin_Web_Colour-e1630507299481.jpg",969,1212,false],"xxxxl":["https:\/\/fvdrc.com\/wp-content\/uploads\/2021\/04\/Kevin_Web_Colour-e1630507299481.jpg",969,1212,false],"xxxxxl":["https:\/\/fvdrc.com\/wp-content\/uploads\/2021\/04\/Kevin_Web_Colour-e1630507299481.jpg",969,1212,false],"1536x1536":["https:\/\/fvdrc.com\/wp-content\/uploads\/2021\/04\/Kevin_Web_Colour-e1630507299481.jpg",969,1212,false],"2048x2048":["https:\/\/fvdrc.com\/wp-content\/uploads\/2021\/04\/Kevin_Web_Colour-e1630507299481.jpg",969,1212,false],"gb-block-post-grid-landscape":["https:\/\/fvdrc.com\/wp-content\/uploads\/2021\/04\/Kevin_Web_Colour-600x400.jpg",600,400,true],"gb-block-post-grid-square":["https:\/\/fvdrc.com\/wp-content\/uploads\/2021\/04\/Kevin_Web_Colour-600x600.jpg",600,600,true],"post-thumbnail":["https:\/\/fvdrc.com\/wp-content\/uploads\/2021\/04\/Kevin_Web_Colour-e1630507299481.jpg",969,1212,false],"twentytwenty-fullscreen":["https:\/\/fvdrc.com\/wp-content\/uploads\/2021\/04\/Kevin_Web_Colour-e1630507299481.jpg",969,1212,false]},"uagb_author_info":{"display_name":"DRC","author_link":"https:\/\/fvdrc.com\/fr\/solutions\/author\/drc\/"},"uagb_comment_info":0,"uagb_excerpt":"Je suis tr\u00e8s heureux d\u2019avoir \u00e9t\u00e9 choisi comme nouveau vice-pr\u00e9sident, Op\u00e9rations, de la Corporation de r\u00e8glement des diff\u00e9rends dans les fruits et l\u00e9gumes. Ce sont de grands souliers \u00e0 chausser alors que Fred Webber prend une retraite bien m\u00e9rit\u00e9e et que Luc Mougeot lui succ\u00e8de \u00e0 titre de pr\u00e9sident-directeur g\u00e9n\u00e9ral. L\u2019accueil chaleureux dont on a&hellip;","_links":{"self":[{"href":"https:\/\/fvdrc.com\/fr\/wp-json\/wp\/v2\/posts\/5533","targetHints":{"allow":["GET"]}}],"collection":[{"href":"https:\/\/fvdrc.com\/fr\/wp-json\/wp\/v2\/posts"}],"about":[{"href":"https:\/\/fvdrc.com\/fr\/wp-json\/wp\/v2\/types\/post"}],"author":[{"embeddable":true,"href":"https:\/\/fvdrc.com\/fr\/wp-json\/wp\/v2\/users\/2"}],"replies":[{"embeddable":true,"href":"https:\/\/fvdrc.com\/fr\/wp-json\/wp\/v2\/comments?post=5533"}],"version-history":[{"count":1,"href":"https:\/\/fvdrc.com\/fr\/wp-json\/wp\/v2\/posts\/5533\/revisions"}],"predecessor-version":[{"id":5534,"href":"https:\/\/fvdrc.com\/fr\/wp-json\/wp\/v2\/posts\/5533\/revisions\/5534"}],"wp:featuredmedia":[{"embeddable":true,"href":"https:\/\/fvdrc.com\/fr\/wp-json\/wp\/v2\/media\/5070"}],"wp:attachment":[{"href":"https:\/\/fvdrc.com\/fr\/wp-json\/wp\/v2\/media?parent=5533"}],"wp:term":[{"taxonomy":"category","embeddable":true,"href":"https:\/\/fvdrc.com\/fr\/wp-json\/wp\/v2\/categories?post=5533"},{"taxonomy":"post_tag","embeddable":true,"href":"https:\/\/fvdrc.com\/fr\/wp-json\/wp\/v2\/tags?post=5533"}],"curies":[{"name":"wp","href":"https:\/\/api.w.org\/{rel}","templated":true}]}}