{"id":4851,"date":"2021-02-23T15:29:00","date_gmt":"2021-02-23T20:29:00","guid":{"rendered":"https:\/\/www.fvdrc.com\/?p=4851"},"modified":"2021-02-23T15:29:01","modified_gmt":"2021-02-23T20:29:01","slug":"lorganisation-des-nations-unies-pour-lalimentation-et-lagriculture-fao-lance-lannee-internationale-des-fruits-et-legumes-des-nations-unies","status":"publish","type":"post","link":"https:\/\/fvdrc.com\/fr\/solutions\/lorganisation-des-nations-unies-pour-lalimentation-et-lagriculture-fao-lance-lannee-internationale-des-fruits-et-legumes-des-nations-unies\/","title":{"rendered":"L\u2019Organisation des Nations Unies pour l\u2019alimentation et l\u2019agriculture (FAO), lance l\u2019Ann\u00e9e internationale des fruits et l\u00e9gumes des Nations Unies"},"content":{"rendered":"\n<p>Dans un appel \u00e0 une production plus durable d\u2019aliments sains gr\u00e2ce \u00e0 l\u2019innovation et aux technologies, ainsi qu\u2019\u00e0 la r\u00e9duction des pertes et du gaspillage de nourriture, l\u2019ONU a d\u00e9clar\u00e9 2021 Ann\u00e9e internationale des fruits et l\u00e9gumes (AIFL).<\/p>\n<p>AIFL 2021 cherche \u00e0 susciter une plus grande sensibilisation \u00e0 l\u2019important r\u00f4le que jouent les fruits et l\u00e9gumes dans la nutrition humaine, la s\u00e9curit\u00e9 alimentaire et la sant\u00e9, et invite les intervenants \u00e0 prendre part \u00e0 cette initiative ainsi qu\u2019\u00e0 la promouvoir.<\/p>\n<p>Un guide et une trousse d\u2019outils de communications con\u00e7us \u00e0 cette fin sont disponibles en ligne au<\/p>\n<p><a href=\"http:\/\/www.fao.org\/fruits-vegetables-2021\/communication-toolkit\/fr\/\">http:\/\/www.fao.org\/fruits-vegetables-2021\/communication-toolkit\/fr\/<\/a><\/p>\n<p>La trousse comprend une banni\u00e8re et un bouton pour le Web, le logo de l\u2019AIFL et une affiche, ainsi que des vid\u00e9os et le tableau Trello de m\u00e9dias sociaux.<\/p>\n<p>On peut t\u00e9l\u00e9charger tout ce mat\u00e9riel en de nombreuses langues et les intervenants sectoriels sont invit\u00e9s \u00e0 passer le mot!<\/p>\n<p>L\u2019Ann\u00e9e internationale des fruits et l\u00e9gumes 2021 s\u2019inscrit dans le cadre de la d\u00e9cennie d\u2019action pour la nutrition des Nations Unies (2016-2025) et la D\u00e9cennie des Nations Unies pour l\u2019agriculture familiale (DAF 2019-2028).<\/p>\n","protected":false},"excerpt":{"rendered":"<p>Dans un appel \u00e0 une production plus durable d\u2019aliments sains gr\u00e2ce \u00e0 l\u2019innovation et aux technologies, ainsi qu\u2019\u00e0 la r\u00e9duction des pertes et du gaspillage de nourriture, l\u2019ONU a d\u00e9clar\u00e9 2021 Ann\u00e9e internationale des fruits et l\u00e9gumes (AIFL). AIFL 2021 cherche \u00e0 susciter une plus grande sensibilisation \u00e0 l\u2019important r\u00f4le que jouent les fruits et [&hellip;]<\/p>\n","protected":false},"author":2,"featured_media":4826,"comment_status":"closed","ping_status":"closed","sticky":false,"template":"","format":"standard","meta":{"_acf_changed":false,"_coblocks_attr":"","_coblocks_dimensions":"","_coblocks_responsive_height":"","_coblocks_accordion_ie_support":"","om_disable_all_campaigns":false,"_uag_custom_page_level_css":"","_monsterinsights_skip_tracking":false,"_monsterinsights_sitenote_active":false,"_monsterinsights_sitenote_note":"","_monsterinsights_sitenote_category":0,"_uf_show_specific_survey":0,"_uf_disable_surveys":false,"footnotes":"","_wpscppro_dont_share_socialmedia":false,"_wpscppro_custom_social_share_image":0,"_facebook_share_type":"","_twitter_share_type":"","_linkedin_share_type":"","_pinterest_share_type":"","_linkedin_share_type_page":"","_instagram_share_type":"","_medium_share_type":"","_threads_share_type":"","_google_business_share_type":"","_selected_social_profile":[],"_wpsp_enable_custom_social_template":false,"_wpsp_social_scheduling":{"enabled":false,"datetime":null,"platforms":[],"status":"template_only","dateOption":"today","timeOption":"now","customDays":"","customHours":"","customDate":"","customTime":"","schedulingType":"absolute"},"_wpsp_active_default_template":true},"categories":[1],"tags":[],"class_list":["post-4851","post","type-post","status-publish","format-standard","has-post-thumbnail","hentry","category-uncategorized"],"acf":[],"aioseo_notices":[],"yoast_head":"<!-- This site is optimized with the Yoast SEO plugin v27.4 - https:\/\/yoast.com\/product\/yoast-seo-wordpress\/ -->\n<title>L\u2019Organisation des Nations Unies pour l\u2019alimentation et l\u2019agriculture (FAO), lance l\u2019Ann\u00e9e internationale des fruits et l\u00e9gumes des Nations Unies - Fruit and Vegetable Dispute Resolution Corporation<\/title>\n<meta name=\"robots\" content=\"index, follow, max-snippet:-1, max-image-preview:large, max-video-preview:-1\" \/>\n<link rel=\"canonical\" href=\"https:\/\/www.fvdrc.com\/fr\/solutions\/lorganisation-des-nations-unies-pour-lalimentation-et-lagriculture-fao-lance-lannee-internationale-des-fruits-et-legumes-des-nations-unies\/\" \/>\n<meta property=\"og:locale\" content=\"fr_FR\" \/>\n<meta property=\"og:type\" content=\"article\" \/>\n<meta property=\"og:title\" content=\"L\u2019Organisation des Nations Unies pour l\u2019alimentation et l\u2019agriculture (FAO), lance l\u2019Ann\u00e9e internationale des fruits et l\u00e9gumes des Nations Unies - Fruit and Vegetable Dispute Resolution Corporation\" \/>\n<meta property=\"og:description\" content=\"Dans un appel \u00e0 une production plus durable d\u2019aliments sains gr\u00e2ce \u00e0 l\u2019innovation et aux technologies, ainsi qu\u2019\u00e0 la r\u00e9duction des pertes et du gaspillage de nourriture, l\u2019ONU a d\u00e9clar\u00e9 2021 Ann\u00e9e internationale des fruits et l\u00e9gumes (AIFL). AIFL 2021 cherche \u00e0 susciter une plus grande sensibilisation \u00e0 l\u2019important r\u00f4le que jouent les fruits et [&hellip;]\" \/>\n<meta property=\"og:url\" content=\"https:\/\/www.fvdrc.com\/fr\/solutions\/lorganisation-des-nations-unies-pour-lalimentation-et-lagriculture-fao-lance-lannee-internationale-des-fruits-et-legumes-des-nations-unies\/\" \/>\n<meta property=\"og:site_name\" content=\"Fruit and Vegetable Dispute Resolution Corporation\" \/>\n<meta property=\"article:published_time\" content=\"2021-02-23T20:29:00+00:00\" \/>\n<meta property=\"article:modified_time\" content=\"2021-02-23T20:29:01+00:00\" \/>\n<meta property=\"og:image\" content=\"https:\/\/secureservercdn.net\/104.238.70.184\/t8t.979.mwp.accessdomain.com\/wp-content\/uploads\/2021\/02\/Intrenational-FV-year_french.jpg?time=1662217403\" \/>\n\t<meta property=\"og:image:width\" content=\"557\" \/>\n\t<meta property=\"og:image:height\" content=\"392\" \/>\n\t<meta property=\"og:image:type\" content=\"image\/jpeg\" \/>\n<meta name=\"author\" content=\"DRC\" \/>\n<meta name=\"twitter:card\" content=\"summary_large_image\" \/>\n<meta name=\"twitter:label1\" content=\"Written by\" \/>\n\t<meta name=\"twitter:data1\" content=\"DRC\" \/>\n\t<meta name=\"twitter:label2\" content=\"Est. reading time\" \/>\n\t<meta name=\"twitter:data2\" content=\"1 minute\" \/>\n<script type=\"application\/ld+json\" class=\"yoast-schema-graph\">{\"@context\":\"https:\\\/\\\/schema.org\",\"@graph\":[{\"@type\":\"Article\",\"@id\":\"https:\\\/\\\/www.fvdrc.com\\\/fr\\\/solutions\\\/lorganisation-des-nations-unies-pour-lalimentation-et-lagriculture-fao-lance-lannee-internationale-des-fruits-et-legumes-des-nations-unies\\\/#article\",\"isPartOf\":{\"@id\":\"https:\\\/\\\/www.fvdrc.com\\\/fr\\\/solutions\\\/lorganisation-des-nations-unies-pour-lalimentation-et-lagriculture-fao-lance-lannee-internationale-des-fruits-et-legumes-des-nations-unies\\\/\"},\"author\":{\"name\":\"DRC\",\"@id\":\"https:\\\/\\\/fvdrc.com\\\/#\\\/schema\\\/person\\\/9a44a987eaca5b14f726e1f34a984383\"},\"headline\":\"L\u2019Organisation des Nations Unies pour l\u2019alimentation et l\u2019agriculture (FAO), lance l\u2019Ann\u00e9e internationale des fruits et l\u00e9gumes des Nations Unies\",\"datePublished\":\"2021-02-23T20:29:00+00:00\",\"dateModified\":\"2021-02-23T20:29:01+00:00\",\"mainEntityOfPage\":{\"@id\":\"https:\\\/\\\/www.fvdrc.com\\\/fr\\\/solutions\\\/lorganisation-des-nations-unies-pour-lalimentation-et-lagriculture-fao-lance-lannee-internationale-des-fruits-et-legumes-des-nations-unies\\\/\"},\"wordCount\":230,\"publisher\":{\"@id\":\"https:\\\/\\\/fvdrc.com\\\/#organization\"},\"image\":{\"@id\":\"https:\\\/\\\/www.fvdrc.com\\\/fr\\\/solutions\\\/lorganisation-des-nations-unies-pour-lalimentation-et-lagriculture-fao-lance-lannee-internationale-des-fruits-et-legumes-des-nations-unies\\\/#primaryimage\"},\"thumbnailUrl\":\"https:\\\/\\\/fvdrc.com\\\/wp-content\\\/uploads\\\/2021\\\/02\\\/Intrenational-FV-year_french.jpg\",\"inLanguage\":\"fr-FR\"},{\"@type\":\"WebPage\",\"@id\":\"https:\\\/\\\/www.fvdrc.com\\\/fr\\\/solutions\\\/lorganisation-des-nations-unies-pour-lalimentation-et-lagriculture-fao-lance-lannee-internationale-des-fruits-et-legumes-des-nations-unies\\\/\",\"url\":\"https:\\\/\\\/www.fvdrc.com\\\/fr\\\/solutions\\\/lorganisation-des-nations-unies-pour-lalimentation-et-lagriculture-fao-lance-lannee-internationale-des-fruits-et-legumes-des-nations-unies\\\/\",\"name\":\"L\u2019Organisation des Nations Unies pour l\u2019alimentation et l\u2019agriculture (FAO), lance l\u2019Ann\u00e9e internationale des fruits et l\u00e9gumes des Nations Unies - Fruit and Vegetable Dispute Resolution Corporation\",\"isPartOf\":{\"@id\":\"https:\\\/\\\/fvdrc.com\\\/#website\"},\"primaryImageOfPage\":{\"@id\":\"https:\\\/\\\/www.fvdrc.com\\\/fr\\\/solutions\\\/lorganisation-des-nations-unies-pour-lalimentation-et-lagriculture-fao-lance-lannee-internationale-des-fruits-et-legumes-des-nations-unies\\\/#primaryimage\"},\"image\":{\"@id\":\"https:\\\/\\\/www.fvdrc.com\\\/fr\\\/solutions\\\/lorganisation-des-nations-unies-pour-lalimentation-et-lagriculture-fao-lance-lannee-internationale-des-fruits-et-legumes-des-nations-unies\\\/#primaryimage\"},\"thumbnailUrl\":\"https:\\\/\\\/fvdrc.com\\\/wp-content\\\/uploads\\\/2021\\\/02\\\/Intrenational-FV-year_french.jpg\",\"datePublished\":\"2021-02-23T20:29:00+00:00\",\"dateModified\":\"2021-02-23T20:29:01+00:00\",\"breadcrumb\":{\"@id\":\"https:\\\/\\\/www.fvdrc.com\\\/fr\\\/solutions\\\/lorganisation-des-nations-unies-pour-lalimentation-et-lagriculture-fao-lance-lannee-internationale-des-fruits-et-legumes-des-nations-unies\\\/#breadcrumb\"},\"inLanguage\":\"fr-FR\",\"potentialAction\":[{\"@type\":\"ReadAction\",\"target\":[\"https:\\\/\\\/www.fvdrc.com\\\/fr\\\/solutions\\\/lorganisation-des-nations-unies-pour-lalimentation-et-lagriculture-fao-lance-lannee-internationale-des-fruits-et-legumes-des-nations-unies\\\/\"]}]},{\"@type\":\"ImageObject\",\"inLanguage\":\"fr-FR\",\"@id\":\"https:\\\/\\\/www.fvdrc.com\\\/fr\\\/solutions\\\/lorganisation-des-nations-unies-pour-lalimentation-et-lagriculture-fao-lance-lannee-internationale-des-fruits-et-legumes-des-nations-unies\\\/#primaryimage\",\"url\":\"https:\\\/\\\/fvdrc.com\\\/wp-content\\\/uploads\\\/2021\\\/02\\\/Intrenational-FV-year_french.jpg\",\"contentUrl\":\"https:\\\/\\\/fvdrc.com\\\/wp-content\\\/uploads\\\/2021\\\/02\\\/Intrenational-FV-year_french.jpg\",\"width\":557,\"height\":392},{\"@type\":\"BreadcrumbList\",\"@id\":\"https:\\\/\\\/www.fvdrc.com\\\/fr\\\/solutions\\\/lorganisation-des-nations-unies-pour-lalimentation-et-lagriculture-fao-lance-lannee-internationale-des-fruits-et-legumes-des-nations-unies\\\/#breadcrumb\",\"itemListElement\":[{\"@type\":\"ListItem\",\"position\":1,\"name\":\"Home\",\"item\":\"https:\\\/\\\/fvdrc.com\\\/fr\\\/\"},{\"@type\":\"ListItem\",\"position\":2,\"name\":\"L\u2019Organisation des Nations Unies pour l\u2019alimentation et l\u2019agriculture (FAO), lance l\u2019Ann\u00e9e internationale des fruits et l\u00e9gumes des Nations Unies\"}]},{\"@type\":\"WebSite\",\"@id\":\"https:\\\/\\\/fvdrc.com\\\/#website\",\"url\":\"https:\\\/\\\/fvdrc.com\\\/\",\"name\":\"Fruit and Vegetable Dispute Resolution Corporation\",\"description\":\"Trade with Confidence\",\"publisher\":{\"@id\":\"https:\\\/\\\/fvdrc.com\\\/#organization\"},\"potentialAction\":[{\"@type\":\"SearchAction\",\"target\":{\"@type\":\"EntryPoint\",\"urlTemplate\":\"https:\\\/\\\/fvdrc.com\\\/?s={search_term_string}\"},\"query-input\":{\"@type\":\"PropertyValueSpecification\",\"valueRequired\":true,\"valueName\":\"search_term_string\"}}],\"inLanguage\":\"fr-FR\"},{\"@type\":\"Organization\",\"@id\":\"https:\\\/\\\/fvdrc.com\\\/#organization\",\"name\":\"Fruit and Vegetable Dispute Resolution Corporation\",\"url\":\"https:\\\/\\\/fvdrc.com\\\/\",\"logo\":{\"@type\":\"ImageObject\",\"inLanguage\":\"fr-FR\",\"@id\":\"https:\\\/\\\/fvdrc.com\\\/#\\\/schema\\\/logo\\\/image\\\/\",\"url\":\"https:\\\/\\\/fvdrc.com\\\/wp-content\\\/uploads\\\/2020\\\/06\\\/DRC-logo@2x.png\",\"contentUrl\":\"https:\\\/\\\/fvdrc.com\\\/wp-content\\\/uploads\\\/2020\\\/06\\\/DRC-logo@2x.png\",\"width\":261,\"height\":140,\"caption\":\"Fruit and Vegetable Dispute Resolution Corporation\"},\"image\":{\"@id\":\"https:\\\/\\\/fvdrc.com\\\/#\\\/schema\\\/logo\\\/image\\\/\"}},{\"@type\":\"Person\",\"@id\":\"https:\\\/\\\/fvdrc.com\\\/#\\\/schema\\\/person\\\/9a44a987eaca5b14f726e1f34a984383\",\"name\":\"DRC\",\"image\":{\"@type\":\"ImageObject\",\"inLanguage\":\"fr-FR\",\"@id\":\"https:\\\/\\\/secure.gravatar.com\\\/avatar\\\/9e96b42d184bd365caaff20776303ccbfb18e624e781b687ee62ffd71e927990?s=96&d=mm&r=g\",\"url\":\"https:\\\/\\\/secure.gravatar.com\\\/avatar\\\/9e96b42d184bd365caaff20776303ccbfb18e624e781b687ee62ffd71e927990?s=96&d=mm&r=g\",\"contentUrl\":\"https:\\\/\\\/secure.gravatar.com\\\/avatar\\\/9e96b42d184bd365caaff20776303ccbfb18e624e781b687ee62ffd71e927990?s=96&d=mm&r=g\",\"caption\":\"DRC\"},\"url\":\"https:\\\/\\\/fvdrc.com\\\/fr\\\/solutions\\\/author\\\/drc\\\/\"}]}<\/script>\n<!-- \/ Yoast SEO plugin. -->","yoast_head_json":{"title":"L\u2019Organisation des Nations Unies pour l\u2019alimentation et l\u2019agriculture (FAO), lance l\u2019Ann\u00e9e internationale des fruits et l\u00e9gumes des Nations Unies - Fruit and Vegetable Dispute Resolution Corporation","robots":{"index":"index","follow":"follow","max-snippet":"max-snippet:-1","max-image-preview":"max-image-preview:large","max-video-preview":"max-video-preview:-1"},"canonical":"https:\/\/www.fvdrc.com\/fr\/solutions\/lorganisation-des-nations-unies-pour-lalimentation-et-lagriculture-fao-lance-lannee-internationale-des-fruits-et-legumes-des-nations-unies\/","og_locale":"fr_FR","og_type":"article","og_title":"L\u2019Organisation des Nations Unies pour l\u2019alimentation et l\u2019agriculture (FAO), lance l\u2019Ann\u00e9e internationale des fruits et l\u00e9gumes des Nations Unies - Fruit and Vegetable Dispute Resolution Corporation","og_description":"Dans un appel \u00e0 une production plus durable d\u2019aliments sains gr\u00e2ce \u00e0 l\u2019innovation et aux technologies, ainsi qu\u2019\u00e0 la r\u00e9duction des pertes et du gaspillage de nourriture, l\u2019ONU a d\u00e9clar\u00e9 2021 Ann\u00e9e internationale des fruits et l\u00e9gumes (AIFL). AIFL 2021 cherche \u00e0 susciter une plus grande sensibilisation \u00e0 l\u2019important r\u00f4le que jouent les fruits et [&hellip;]","og_url":"https:\/\/www.fvdrc.com\/fr\/solutions\/lorganisation-des-nations-unies-pour-lalimentation-et-lagriculture-fao-lance-lannee-internationale-des-fruits-et-legumes-des-nations-unies\/","og_site_name":"Fruit and Vegetable Dispute Resolution Corporation","article_published_time":"2021-02-23T20:29:00+00:00","article_modified_time":"2021-02-23T20:29:01+00:00","og_image":[{"width":557,"height":392,"url":"https:\/\/secureservercdn.net\/104.238.70.184\/t8t.979.mwp.accessdomain.com\/wp-content\/uploads\/2021\/02\/Intrenational-FV-year_french.jpg?time=1662217403","type":"image\/jpeg"}],"author":"DRC","twitter_card":"summary_large_image","twitter_misc":{"Written by":"DRC","Est. reading time":"1 minute"},"schema":{"@context":"https:\/\/schema.org","@graph":[{"@type":"Article","@id":"https:\/\/www.fvdrc.com\/fr\/solutions\/lorganisation-des-nations-unies-pour-lalimentation-et-lagriculture-fao-lance-lannee-internationale-des-fruits-et-legumes-des-nations-unies\/#article","isPartOf":{"@id":"https:\/\/www.fvdrc.com\/fr\/solutions\/lorganisation-des-nations-unies-pour-lalimentation-et-lagriculture-fao-lance-lannee-internationale-des-fruits-et-legumes-des-nations-unies\/"},"author":{"name":"DRC","@id":"https:\/\/fvdrc.com\/#\/schema\/person\/9a44a987eaca5b14f726e1f34a984383"},"headline":"L\u2019Organisation des Nations Unies pour l\u2019alimentation et l\u2019agriculture (FAO), lance l\u2019Ann\u00e9e internationale des fruits et l\u00e9gumes des Nations Unies","datePublished":"2021-02-23T20:29:00+00:00","dateModified":"2021-02-23T20:29:01+00:00","mainEntityOfPage":{"@id":"https:\/\/www.fvdrc.com\/fr\/solutions\/lorganisation-des-nations-unies-pour-lalimentation-et-lagriculture-fao-lance-lannee-internationale-des-fruits-et-legumes-des-nations-unies\/"},"wordCount":230,"publisher":{"@id":"https:\/\/fvdrc.com\/#organization"},"image":{"@id":"https:\/\/www.fvdrc.com\/fr\/solutions\/lorganisation-des-nations-unies-pour-lalimentation-et-lagriculture-fao-lance-lannee-internationale-des-fruits-et-legumes-des-nations-unies\/#primaryimage"},"thumbnailUrl":"https:\/\/fvdrc.com\/wp-content\/uploads\/2021\/02\/Intrenational-FV-year_french.jpg","inLanguage":"fr-FR"},{"@type":"WebPage","@id":"https:\/\/www.fvdrc.com\/fr\/solutions\/lorganisation-des-nations-unies-pour-lalimentation-et-lagriculture-fao-lance-lannee-internationale-des-fruits-et-legumes-des-nations-unies\/","url":"https:\/\/www.fvdrc.com\/fr\/solutions\/lorganisation-des-nations-unies-pour-lalimentation-et-lagriculture-fao-lance-lannee-internationale-des-fruits-et-legumes-des-nations-unies\/","name":"L\u2019Organisation des Nations Unies pour l\u2019alimentation et l\u2019agriculture (FAO), lance l\u2019Ann\u00e9e internationale des fruits et l\u00e9gumes des Nations Unies - Fruit and Vegetable Dispute Resolution Corporation","isPartOf":{"@id":"https:\/\/fvdrc.com\/#website"},"primaryImageOfPage":{"@id":"https:\/\/www.fvdrc.com\/fr\/solutions\/lorganisation-des-nations-unies-pour-lalimentation-et-lagriculture-fao-lance-lannee-internationale-des-fruits-et-legumes-des-nations-unies\/#primaryimage"},"image":{"@id":"https:\/\/www.fvdrc.com\/fr\/solutions\/lorganisation-des-nations-unies-pour-lalimentation-et-lagriculture-fao-lance-lannee-internationale-des-fruits-et-legumes-des-nations-unies\/#primaryimage"},"thumbnailUrl":"https:\/\/fvdrc.com\/wp-content\/uploads\/2021\/02\/Intrenational-FV-year_french.jpg","datePublished":"2021-02-23T20:29:00+00:00","dateModified":"2021-02-23T20:29:01+00:00","breadcrumb":{"@id":"https:\/\/www.fvdrc.com\/fr\/solutions\/lorganisation-des-nations-unies-pour-lalimentation-et-lagriculture-fao-lance-lannee-internationale-des-fruits-et-legumes-des-nations-unies\/#breadcrumb"},"inLanguage":"fr-FR","potentialAction":[{"@type":"ReadAction","target":["https:\/\/www.fvdrc.com\/fr\/solutions\/lorganisation-des-nations-unies-pour-lalimentation-et-lagriculture-fao-lance-lannee-internationale-des-fruits-et-legumes-des-nations-unies\/"]}]},{"@type":"ImageObject","inLanguage":"fr-FR","@id":"https:\/\/www.fvdrc.com\/fr\/solutions\/lorganisation-des-nations-unies-pour-lalimentation-et-lagriculture-fao-lance-lannee-internationale-des-fruits-et-legumes-des-nations-unies\/#primaryimage","url":"https:\/\/fvdrc.com\/wp-content\/uploads\/2021\/02\/Intrenational-FV-year_french.jpg","contentUrl":"https:\/\/fvdrc.com\/wp-content\/uploads\/2021\/02\/Intrenational-FV-year_french.jpg","width":557,"height":392},{"@type":"BreadcrumbList","@id":"https:\/\/www.fvdrc.com\/fr\/solutions\/lorganisation-des-nations-unies-pour-lalimentation-et-lagriculture-fao-lance-lannee-internationale-des-fruits-et-legumes-des-nations-unies\/#breadcrumb","itemListElement":[{"@type":"ListItem","position":1,"name":"Home","item":"https:\/\/fvdrc.com\/fr\/"},{"@type":"ListItem","position":2,"name":"L\u2019Organisation des Nations Unies pour l\u2019alimentation et l\u2019agriculture (FAO), lance l\u2019Ann\u00e9e internationale des fruits et l\u00e9gumes des Nations Unies"}]},{"@type":"WebSite","@id":"https:\/\/fvdrc.com\/#website","url":"https:\/\/fvdrc.com\/","name":"Fruit and Vegetable Dispute Resolution Corporation","description":"Trade with Confidence","publisher":{"@id":"https:\/\/fvdrc.com\/#organization"},"potentialAction":[{"@type":"SearchAction","target":{"@type":"EntryPoint","urlTemplate":"https:\/\/fvdrc.com\/?s={search_term_string}"},"query-input":{"@type":"PropertyValueSpecification","valueRequired":true,"valueName":"search_term_string"}}],"inLanguage":"fr-FR"},{"@type":"Organization","@id":"https:\/\/fvdrc.com\/#organization","name":"Fruit and Vegetable Dispute Resolution Corporation","url":"https:\/\/fvdrc.com\/","logo":{"@type":"ImageObject","inLanguage":"fr-FR","@id":"https:\/\/fvdrc.com\/#\/schema\/logo\/image\/","url":"https:\/\/fvdrc.com\/wp-content\/uploads\/2020\/06\/DRC-logo@2x.png","contentUrl":"https:\/\/fvdrc.com\/wp-content\/uploads\/2020\/06\/DRC-logo@2x.png","width":261,"height":140,"caption":"Fruit and Vegetable Dispute Resolution Corporation"},"image":{"@id":"https:\/\/fvdrc.com\/#\/schema\/logo\/image\/"}},{"@type":"Person","@id":"https:\/\/fvdrc.com\/#\/schema\/person\/9a44a987eaca5b14f726e1f34a984383","name":"DRC","image":{"@type":"ImageObject","inLanguage":"fr-FR","@id":"https:\/\/secure.gravatar.com\/avatar\/9e96b42d184bd365caaff20776303ccbfb18e624e781b687ee62ffd71e927990?s=96&d=mm&r=g","url":"https:\/\/secure.gravatar.com\/avatar\/9e96b42d184bd365caaff20776303ccbfb18e624e781b687ee62ffd71e927990?s=96&d=mm&r=g","contentUrl":"https:\/\/secure.gravatar.com\/avatar\/9e96b42d184bd365caaff20776303ccbfb18e624e781b687ee62ffd71e927990?s=96&d=mm&r=g","caption":"DRC"},"url":"https:\/\/fvdrc.com\/fr\/solutions\/author\/drc\/"}]}},"featured_image_src":"https:\/\/fvdrc.com\/wp-content\/uploads\/2021\/02\/Intrenational-FV-year_french.jpg","featured_image_src_square":"https:\/\/fvdrc.com\/wp-content\/uploads\/2021\/02\/Intrenational-FV-year_french.jpg","author_info":{"display_name":"DRC","author_link":"https:\/\/fvdrc.com\/fr\/solutions\/author\/drc\/"},"uagb_featured_image_src":{"full":["https:\/\/fvdrc.com\/wp-content\/uploads\/2021\/02\/Intrenational-FV-year_french.jpg",557,392,false],"thumbnail":["https:\/\/fvdrc.com\/wp-content\/uploads\/2021\/02\/Intrenational-FV-year_french-150x150.jpg",150,150,true],"medium":["https:\/\/fvdrc.com\/wp-content\/uploads\/2021\/02\/Intrenational-FV-year_french-300x211.jpg",300,211,true],"medium_large":["https:\/\/fvdrc.com\/wp-content\/uploads\/2021\/02\/Intrenational-FV-year_french.jpg",557,392,false],"large":["https:\/\/fvdrc.com\/wp-content\/uploads\/2021\/02\/Intrenational-FV-year_french.jpg",557,392,false],"gs-tiny":["https:\/\/fvdrc.com\/wp-content\/uploads\/2021\/02\/Intrenational-FV-year_french.jpg",50,35,false],"xl":["https:\/\/fvdrc.com\/wp-content\/uploads\/2021\/02\/Intrenational-FV-year_french.jpg",557,392,false],"xxl":["https:\/\/fvdrc.com\/wp-content\/uploads\/2021\/02\/Intrenational-FV-year_french.jpg",557,392,false],"xxxl":["https:\/\/fvdrc.com\/wp-content\/uploads\/2021\/02\/Intrenational-FV-year_french.jpg",557,392,false],"xxxxl":["https:\/\/fvdrc.com\/wp-content\/uploads\/2021\/02\/Intrenational-FV-year_french.jpg",557,392,false],"xxxxxl":["https:\/\/fvdrc.com\/wp-content\/uploads\/2021\/02\/Intrenational-FV-year_french.jpg",557,392,false],"1536x1536":["https:\/\/fvdrc.com\/wp-content\/uploads\/2021\/02\/Intrenational-FV-year_french.jpg",557,392,false],"2048x2048":["https:\/\/fvdrc.com\/wp-content\/uploads\/2021\/02\/Intrenational-FV-year_french.jpg",557,392,false],"gb-block-post-grid-landscape":["https:\/\/fvdrc.com\/wp-content\/uploads\/2021\/02\/Intrenational-FV-year_french.jpg",557,392,false],"gb-block-post-grid-square":["https:\/\/fvdrc.com\/wp-content\/uploads\/2021\/02\/Intrenational-FV-year_french.jpg",557,392,false],"post-thumbnail":["https:\/\/fvdrc.com\/wp-content\/uploads\/2021\/02\/Intrenational-FV-year_french.jpg",557,392,false],"twentytwenty-fullscreen":["https:\/\/fvdrc.com\/wp-content\/uploads\/2021\/02\/Intrenational-FV-year_french.jpg",557,392,false]},"uagb_author_info":{"display_name":"DRC","author_link":"https:\/\/fvdrc.com\/fr\/solutions\/author\/drc\/"},"uagb_comment_info":0,"uagb_excerpt":"Dans un appel \u00e0 une production plus durable d\u2019aliments sains gr\u00e2ce \u00e0 l\u2019innovation et aux technologies, ainsi qu\u2019\u00e0 la r\u00e9duction des pertes et du gaspillage de nourriture, l\u2019ONU a d\u00e9clar\u00e9 2021 Ann\u00e9e internationale des fruits et l\u00e9gumes (AIFL). AIFL 2021 cherche \u00e0 susciter une plus grande sensibilisation \u00e0 l\u2019important r\u00f4le que jouent les fruits et&hellip;","_links":{"self":[{"href":"https:\/\/fvdrc.com\/fr\/wp-json\/wp\/v2\/posts\/4851","targetHints":{"allow":["GET"]}}],"collection":[{"href":"https:\/\/fvdrc.com\/fr\/wp-json\/wp\/v2\/posts"}],"about":[{"href":"https:\/\/fvdrc.com\/fr\/wp-json\/wp\/v2\/types\/post"}],"author":[{"embeddable":true,"href":"https:\/\/fvdrc.com\/fr\/wp-json\/wp\/v2\/users\/2"}],"replies":[{"embeddable":true,"href":"https:\/\/fvdrc.com\/fr\/wp-json\/wp\/v2\/comments?post=4851"}],"version-history":[{"count":1,"href":"https:\/\/fvdrc.com\/fr\/wp-json\/wp\/v2\/posts\/4851\/revisions"}],"predecessor-version":[{"id":4852,"href":"https:\/\/fvdrc.com\/fr\/wp-json\/wp\/v2\/posts\/4851\/revisions\/4852"}],"wp:featuredmedia":[{"embeddable":true,"href":"https:\/\/fvdrc.com\/fr\/wp-json\/wp\/v2\/media\/4826"}],"wp:attachment":[{"href":"https:\/\/fvdrc.com\/fr\/wp-json\/wp\/v2\/media?parent=4851"}],"wp:term":[{"taxonomy":"category","embeddable":true,"href":"https:\/\/fvdrc.com\/fr\/wp-json\/wp\/v2\/categories?post=4851"},{"taxonomy":"post_tag","embeddable":true,"href":"https:\/\/fvdrc.com\/fr\/wp-json\/wp\/v2\/tags?post=4851"}],"curies":[{"name":"wp","href":"https:\/\/api.w.org\/{rel}","templated":true}]}}