{"id":2498,"date":"2020-01-17T11:29:36","date_gmt":"2020-01-17T16:29:36","guid":{"rendered":"https:\/\/www.fvdrc.com\/solutions\/drc-at-fruit-logistica-february-5-7-2020-berlin-germany\/"},"modified":"2020-06-18T14:58:01","modified_gmt":"2020-06-18T18:58:01","slug":"drc-at-fruit-logistica-february-5-7-2020-berlin-germany","status":"publish","type":"post","link":"https:\/\/fvdrc.com\/fr\/solutions\/drc-at-fruit-logistica-february-5-7-2020-berlin-germany\/","title":{"rendered":"La DRC \u00e0 la Fruit Logistica du 5 au 7 f\u00e9vrier prochains \u00e0 Berlin, en Allemagne"},"content":{"rendered":"<p>&nbsp;<\/p>\n<p>La DRC se rendra \u00e0 Berlin, en Allemagne, pour prendre part \u00e0 l\u2019\u00e9dition 2020 de la foire commerciale Fruit Logistica. Les membres de l\u2019\u00e9quipe de la DRC animeront du 5 au 7 f\u00e9vrier prochains, un kiosque au pavillon du Canada o\u00f9 ils pourront accueillir les membres, actuels et potentiels. Si certains de vos partenaires commerciaux qui y assisteront ne sont pas d\u00e9j\u00e0 membres de la DRC, encouragez-les \u00e0 venir faire un tour au kiosque o\u00f9 il nous fera plaisir de discuter avec eux des avantages d\u2019adh\u00e9rer \u00e0 la DRC.<\/p>\n<p>Venez nous rendre visite pour conna\u00eetre la gamme compl\u00e8te des services et avantages que procure l\u2019adh\u00e9sion aux membres de la DRC. \u00c0 titre d\u2019organisme de r\u00e8glement de diff\u00e9rends commerciaux priv\u00e9s, la DRC offre au secteur des fruits et l\u00e9gumes frais les normes commerciales harmonis\u00e9es, l\u2019\u00e9ducation, les proc\u00e9dures de m\u00e9diation et d\u2019arbitrage et les autres services n\u00e9cessaires pour \u00e9viter les diff\u00e9rends commerciaux ou les r\u00e9gler de fa\u00e7on efficiente et en temps opportun.<\/p>\n<p>Vous exportez au Canada? Le <em>R\u00e8glement sur la salubrit\u00e9 des aliments au Canada<\/em> a des exigences bien pr\u00e9cises concernant l\u2019achat et la vente de fruits et l\u00e9gumes frais. Sous r\u00e9serve des exemptions pr\u00e9vues, l\u2019adh\u00e9sion \u00e0 la DRC est l\u2019une de ces exigences r\u00e9glementaires impos\u00e9es aux Canadiens qui ach\u00e8tent, vendent, importent ou exportent des fruits et l\u00e9gumes frais. Assurez-vous de ne vendre au Canada qu\u2019\u00e0 des membres de la DRC et ne vous g\u00eanez pas pour partager nos renseignements avec vos partenaires de l\u2019industrie.<\/p>\n<p>Pour conna\u00eetre la gamme compl\u00e8te des services offerts par la DRC, venez visitez le kiosque <strong>A-15 du Salon 23 au pavillon du Canada<\/strong> du 5 au 7 f\u00e9vrier ou visitez notre site Web au <a href=\"https:\/\/fvdrc.com\"><strong>www.fvdrc.com<\/strong><\/a>.<\/p>\n","protected":false},"excerpt":{"rendered":"<p>&nbsp; La DRC se rendra \u00e0 Berlin, en Allemagne, pour prendre part \u00e0 l\u2019\u00e9dition 2020 de la foire commerciale Fruit Logistica. Les membres de l\u2019\u00e9quipe de la DRC animeront du 5 au 7 f\u00e9vrier prochains, un kiosque au pavillon du Canada o\u00f9 ils pourront accueillir les membres, actuels et potentiels. Si certains de vos partenaires [&hellip;]<\/p>\n","protected":false},"author":2,"featured_media":2494,"comment_status":"open","ping_status":"open","sticky":false,"template":"","format":"standard","meta":{"_acf_changed":false,"_coblocks_attr":"","_coblocks_dimensions":"","_coblocks_responsive_height":"","_coblocks_accordion_ie_support":"","om_disable_all_campaigns":false,"_uag_custom_page_level_css":"","_monsterinsights_skip_tracking":false,"_monsterinsights_sitenote_active":false,"_monsterinsights_sitenote_note":"","_monsterinsights_sitenote_category":0,"_uf_show_specific_survey":0,"_uf_disable_surveys":false,"footnotes":"","_wpscppro_dont_share_socialmedia":false,"_wpscppro_custom_social_share_image":0,"_facebook_share_type":"","_twitter_share_type":"","_linkedin_share_type":"","_pinterest_share_type":"","_linkedin_share_type_page":"","_instagram_share_type":"","_medium_share_type":"","_threads_share_type":"","_google_business_share_type":"","_selected_social_profile":[],"_wpsp_enable_custom_social_template":false,"_wpsp_social_scheduling":{"enabled":false,"datetime":null,"platforms":[],"status":"template_only","dateOption":"today","timeOption":"now","customDays":"","customHours":"","customDate":"","customTime":"","schedulingType":"absolute"},"_wpsp_active_default_template":true},"categories":[1,1],"tags":[],"class_list":["post-2498","post","type-post","status-publish","format-standard","has-post-thumbnail","hentry","category-uncategorized"],"acf":[],"aioseo_notices":[],"yoast_head":"<!-- This site is optimized with the Yoast SEO plugin v27.4 - https:\/\/yoast.com\/product\/yoast-seo-wordpress\/ -->\n<title>La DRC \u00e0 la Fruit Logistica du 5 au 7 f\u00e9vrier prochains \u00e0 Berlin, en Allemagne - Fruit and Vegetable Dispute Resolution Corporation<\/title>\n<meta name=\"robots\" content=\"index, follow, max-snippet:-1, max-image-preview:large, max-video-preview:-1\" \/>\n<link rel=\"canonical\" href=\"https:\/\/www.fvdrc.com\/fr\/solutions\/drc-at-fruit-logistica-february-5-7-2020-berlin-germany\/\" \/>\n<meta property=\"og:locale\" content=\"fr_FR\" \/>\n<meta property=\"og:type\" content=\"article\" \/>\n<meta property=\"og:title\" content=\"La DRC \u00e0 la Fruit Logistica du 5 au 7 f\u00e9vrier prochains \u00e0 Berlin, en Allemagne - Fruit and Vegetable Dispute Resolution Corporation\" \/>\n<meta property=\"og:description\" content=\"&nbsp; La DRC se rendra \u00e0 Berlin, en Allemagne, pour prendre part \u00e0 l\u2019\u00e9dition 2020 de la foire commerciale Fruit Logistica. Les membres de l\u2019\u00e9quipe de la DRC animeront du 5 au 7 f\u00e9vrier prochains, un kiosque au pavillon du Canada o\u00f9 ils pourront accueillir les membres, actuels et potentiels. Si certains de vos partenaires [&hellip;]\" \/>\n<meta property=\"og:url\" content=\"https:\/\/www.fvdrc.com\/fr\/solutions\/drc-at-fruit-logistica-february-5-7-2020-berlin-germany\/\" \/>\n<meta property=\"og:site_name\" content=\"Fruit and Vegetable Dispute Resolution Corporation\" \/>\n<meta property=\"article:published_time\" content=\"2020-01-17T16:29:36+00:00\" \/>\n<meta property=\"article:modified_time\" content=\"2020-06-18T18:58:01+00:00\" \/>\n<meta property=\"og:image\" content=\"https:\/\/secureservercdn.net\/104.238.70.184\/t8t.979.mwp.accessdomain.com\/wp-content\/uploads\/2020\/01\/Fruit-logistica-2020.jpg?time=1662217403\" \/>\n\t<meta property=\"og:image:width\" content=\"400\" \/>\n\t<meta property=\"og:image:height\" content=\"250\" \/>\n\t<meta property=\"og:image:type\" content=\"image\/jpeg\" \/>\n<meta name=\"author\" content=\"DRC\" \/>\n<meta name=\"twitter:card\" content=\"summary_large_image\" \/>\n<meta name=\"twitter:label1\" content=\"Written by\" \/>\n\t<meta name=\"twitter:data1\" content=\"DRC\" \/>\n\t<meta name=\"twitter:label2\" content=\"Est. reading time\" \/>\n\t<meta name=\"twitter:data2\" content=\"2 minutes\" \/>\n<script type=\"application\/ld+json\" class=\"yoast-schema-graph\">{\"@context\":\"https:\\\/\\\/schema.org\",\"@graph\":[{\"@type\":\"Article\",\"@id\":\"https:\\\/\\\/www.fvdrc.com\\\/fr\\\/solutions\\\/drc-at-fruit-logistica-february-5-7-2020-berlin-germany\\\/#article\",\"isPartOf\":{\"@id\":\"https:\\\/\\\/www.fvdrc.com\\\/fr\\\/solutions\\\/drc-at-fruit-logistica-february-5-7-2020-berlin-germany\\\/\"},\"author\":{\"name\":\"DRC\",\"@id\":\"https:\\\/\\\/fvdrc.com\\\/#\\\/schema\\\/person\\\/9a44a987eaca5b14f726e1f34a984383\"},\"headline\":\"La DRC \u00e0 la Fruit Logistica du 5 au 7 f\u00e9vrier prochains \u00e0 Berlin, en Allemagne\",\"datePublished\":\"2020-01-17T16:29:36+00:00\",\"dateModified\":\"2020-06-18T18:58:01+00:00\",\"mainEntityOfPage\":{\"@id\":\"https:\\\/\\\/www.fvdrc.com\\\/fr\\\/solutions\\\/drc-at-fruit-logistica-february-5-7-2020-berlin-germany\\\/\"},\"wordCount\":324,\"commentCount\":0,\"publisher\":{\"@id\":\"https:\\\/\\\/fvdrc.com\\\/#organization\"},\"image\":{\"@id\":\"https:\\\/\\\/www.fvdrc.com\\\/fr\\\/solutions\\\/drc-at-fruit-logistica-february-5-7-2020-berlin-germany\\\/#primaryimage\"},\"thumbnailUrl\":\"https:\\\/\\\/fvdrc.com\\\/wp-content\\\/uploads\\\/2020\\\/01\\\/Fruit-logistica-2020.jpg\",\"inLanguage\":\"fr-FR\",\"potentialAction\":[{\"@type\":\"CommentAction\",\"name\":\"Comment\",\"target\":[\"https:\\\/\\\/www.fvdrc.com\\\/fr\\\/solutions\\\/drc-at-fruit-logistica-february-5-7-2020-berlin-germany\\\/#respond\"]}]},{\"@type\":\"WebPage\",\"@id\":\"https:\\\/\\\/www.fvdrc.com\\\/fr\\\/solutions\\\/drc-at-fruit-logistica-february-5-7-2020-berlin-germany\\\/\",\"url\":\"https:\\\/\\\/www.fvdrc.com\\\/fr\\\/solutions\\\/drc-at-fruit-logistica-february-5-7-2020-berlin-germany\\\/\",\"name\":\"La DRC \u00e0 la Fruit Logistica du 5 au 7 f\u00e9vrier prochains \u00e0 Berlin, en Allemagne - Fruit and Vegetable Dispute Resolution Corporation\",\"isPartOf\":{\"@id\":\"https:\\\/\\\/fvdrc.com\\\/#website\"},\"primaryImageOfPage\":{\"@id\":\"https:\\\/\\\/www.fvdrc.com\\\/fr\\\/solutions\\\/drc-at-fruit-logistica-february-5-7-2020-berlin-germany\\\/#primaryimage\"},\"image\":{\"@id\":\"https:\\\/\\\/www.fvdrc.com\\\/fr\\\/solutions\\\/drc-at-fruit-logistica-february-5-7-2020-berlin-germany\\\/#primaryimage\"},\"thumbnailUrl\":\"https:\\\/\\\/fvdrc.com\\\/wp-content\\\/uploads\\\/2020\\\/01\\\/Fruit-logistica-2020.jpg\",\"datePublished\":\"2020-01-17T16:29:36+00:00\",\"dateModified\":\"2020-06-18T18:58:01+00:00\",\"breadcrumb\":{\"@id\":\"https:\\\/\\\/www.fvdrc.com\\\/fr\\\/solutions\\\/drc-at-fruit-logistica-february-5-7-2020-berlin-germany\\\/#breadcrumb\"},\"inLanguage\":\"fr-FR\",\"potentialAction\":[{\"@type\":\"ReadAction\",\"target\":[\"https:\\\/\\\/www.fvdrc.com\\\/fr\\\/solutions\\\/drc-at-fruit-logistica-february-5-7-2020-berlin-germany\\\/\"]}]},{\"@type\":\"ImageObject\",\"inLanguage\":\"fr-FR\",\"@id\":\"https:\\\/\\\/www.fvdrc.com\\\/fr\\\/solutions\\\/drc-at-fruit-logistica-february-5-7-2020-berlin-germany\\\/#primaryimage\",\"url\":\"https:\\\/\\\/fvdrc.com\\\/wp-content\\\/uploads\\\/2020\\\/01\\\/Fruit-logistica-2020.jpg\",\"contentUrl\":\"https:\\\/\\\/fvdrc.com\\\/wp-content\\\/uploads\\\/2020\\\/01\\\/Fruit-logistica-2020.jpg\",\"width\":400,\"height\":250},{\"@type\":\"BreadcrumbList\",\"@id\":\"https:\\\/\\\/www.fvdrc.com\\\/fr\\\/solutions\\\/drc-at-fruit-logistica-february-5-7-2020-berlin-germany\\\/#breadcrumb\",\"itemListElement\":[{\"@type\":\"ListItem\",\"position\":1,\"name\":\"Home\",\"item\":\"https:\\\/\\\/fvdrc.com\\\/fr\\\/\"},{\"@type\":\"ListItem\",\"position\":2,\"name\":\"La DRC \u00e0 la Fruit Logistica du 5 au 7 f\u00e9vrier prochains \u00e0 Berlin, en Allemagne\"}]},{\"@type\":\"WebSite\",\"@id\":\"https:\\\/\\\/fvdrc.com\\\/#website\",\"url\":\"https:\\\/\\\/fvdrc.com\\\/\",\"name\":\"Fruit and Vegetable Dispute Resolution Corporation\",\"description\":\"Trade with Confidence\",\"publisher\":{\"@id\":\"https:\\\/\\\/fvdrc.com\\\/#organization\"},\"potentialAction\":[{\"@type\":\"SearchAction\",\"target\":{\"@type\":\"EntryPoint\",\"urlTemplate\":\"https:\\\/\\\/fvdrc.com\\\/?s={search_term_string}\"},\"query-input\":{\"@type\":\"PropertyValueSpecification\",\"valueRequired\":true,\"valueName\":\"search_term_string\"}}],\"inLanguage\":\"fr-FR\"},{\"@type\":\"Organization\",\"@id\":\"https:\\\/\\\/fvdrc.com\\\/#organization\",\"name\":\"Fruit and Vegetable Dispute Resolution Corporation\",\"url\":\"https:\\\/\\\/fvdrc.com\\\/\",\"logo\":{\"@type\":\"ImageObject\",\"inLanguage\":\"fr-FR\",\"@id\":\"https:\\\/\\\/fvdrc.com\\\/#\\\/schema\\\/logo\\\/image\\\/\",\"url\":\"https:\\\/\\\/fvdrc.com\\\/wp-content\\\/uploads\\\/2020\\\/06\\\/DRC-logo@2x.png\",\"contentUrl\":\"https:\\\/\\\/fvdrc.com\\\/wp-content\\\/uploads\\\/2020\\\/06\\\/DRC-logo@2x.png\",\"width\":261,\"height\":140,\"caption\":\"Fruit and Vegetable Dispute Resolution Corporation\"},\"image\":{\"@id\":\"https:\\\/\\\/fvdrc.com\\\/#\\\/schema\\\/logo\\\/image\\\/\"}},{\"@type\":\"Person\",\"@id\":\"https:\\\/\\\/fvdrc.com\\\/#\\\/schema\\\/person\\\/9a44a987eaca5b14f726e1f34a984383\",\"name\":\"DRC\",\"image\":{\"@type\":\"ImageObject\",\"inLanguage\":\"fr-FR\",\"@id\":\"https:\\\/\\\/secure.gravatar.com\\\/avatar\\\/9e96b42d184bd365caaff20776303ccbfb18e624e781b687ee62ffd71e927990?s=96&d=mm&r=g\",\"url\":\"https:\\\/\\\/secure.gravatar.com\\\/avatar\\\/9e96b42d184bd365caaff20776303ccbfb18e624e781b687ee62ffd71e927990?s=96&d=mm&r=g\",\"contentUrl\":\"https:\\\/\\\/secure.gravatar.com\\\/avatar\\\/9e96b42d184bd365caaff20776303ccbfb18e624e781b687ee62ffd71e927990?s=96&d=mm&r=g\",\"caption\":\"DRC\"},\"url\":\"https:\\\/\\\/fvdrc.com\\\/fr\\\/solutions\\\/author\\\/drc\\\/\"}]}<\/script>\n<!-- \/ Yoast SEO plugin. -->","yoast_head_json":{"title":"La DRC \u00e0 la Fruit Logistica du 5 au 7 f\u00e9vrier prochains \u00e0 Berlin, en Allemagne - Fruit and Vegetable Dispute Resolution Corporation","robots":{"index":"index","follow":"follow","max-snippet":"max-snippet:-1","max-image-preview":"max-image-preview:large","max-video-preview":"max-video-preview:-1"},"canonical":"https:\/\/www.fvdrc.com\/fr\/solutions\/drc-at-fruit-logistica-february-5-7-2020-berlin-germany\/","og_locale":"fr_FR","og_type":"article","og_title":"La DRC \u00e0 la Fruit Logistica du 5 au 7 f\u00e9vrier prochains \u00e0 Berlin, en Allemagne - Fruit and Vegetable Dispute Resolution Corporation","og_description":"&nbsp; La DRC se rendra \u00e0 Berlin, en Allemagne, pour prendre part \u00e0 l\u2019\u00e9dition 2020 de la foire commerciale Fruit Logistica. Les membres de l\u2019\u00e9quipe de la DRC animeront du 5 au 7 f\u00e9vrier prochains, un kiosque au pavillon du Canada o\u00f9 ils pourront accueillir les membres, actuels et potentiels. Si certains de vos partenaires [&hellip;]","og_url":"https:\/\/www.fvdrc.com\/fr\/solutions\/drc-at-fruit-logistica-february-5-7-2020-berlin-germany\/","og_site_name":"Fruit and Vegetable Dispute Resolution Corporation","article_published_time":"2020-01-17T16:29:36+00:00","article_modified_time":"2020-06-18T18:58:01+00:00","og_image":[{"width":400,"height":250,"url":"https:\/\/secureservercdn.net\/104.238.70.184\/t8t.979.mwp.accessdomain.com\/wp-content\/uploads\/2020\/01\/Fruit-logistica-2020.jpg?time=1662217403","type":"image\/jpeg"}],"author":"DRC","twitter_card":"summary_large_image","twitter_misc":{"Written by":"DRC","Est. reading time":"2 minutes"},"schema":{"@context":"https:\/\/schema.org","@graph":[{"@type":"Article","@id":"https:\/\/www.fvdrc.com\/fr\/solutions\/drc-at-fruit-logistica-february-5-7-2020-berlin-germany\/#article","isPartOf":{"@id":"https:\/\/www.fvdrc.com\/fr\/solutions\/drc-at-fruit-logistica-february-5-7-2020-berlin-germany\/"},"author":{"name":"DRC","@id":"https:\/\/fvdrc.com\/#\/schema\/person\/9a44a987eaca5b14f726e1f34a984383"},"headline":"La DRC \u00e0 la Fruit Logistica du 5 au 7 f\u00e9vrier prochains \u00e0 Berlin, en Allemagne","datePublished":"2020-01-17T16:29:36+00:00","dateModified":"2020-06-18T18:58:01+00:00","mainEntityOfPage":{"@id":"https:\/\/www.fvdrc.com\/fr\/solutions\/drc-at-fruit-logistica-february-5-7-2020-berlin-germany\/"},"wordCount":324,"commentCount":0,"publisher":{"@id":"https:\/\/fvdrc.com\/#organization"},"image":{"@id":"https:\/\/www.fvdrc.com\/fr\/solutions\/drc-at-fruit-logistica-february-5-7-2020-berlin-germany\/#primaryimage"},"thumbnailUrl":"https:\/\/fvdrc.com\/wp-content\/uploads\/2020\/01\/Fruit-logistica-2020.jpg","inLanguage":"fr-FR","potentialAction":[{"@type":"CommentAction","name":"Comment","target":["https:\/\/www.fvdrc.com\/fr\/solutions\/drc-at-fruit-logistica-february-5-7-2020-berlin-germany\/#respond"]}]},{"@type":"WebPage","@id":"https:\/\/www.fvdrc.com\/fr\/solutions\/drc-at-fruit-logistica-february-5-7-2020-berlin-germany\/","url":"https:\/\/www.fvdrc.com\/fr\/solutions\/drc-at-fruit-logistica-february-5-7-2020-berlin-germany\/","name":"La DRC \u00e0 la Fruit Logistica du 5 au 7 f\u00e9vrier prochains \u00e0 Berlin, en Allemagne - Fruit and Vegetable Dispute Resolution Corporation","isPartOf":{"@id":"https:\/\/fvdrc.com\/#website"},"primaryImageOfPage":{"@id":"https:\/\/www.fvdrc.com\/fr\/solutions\/drc-at-fruit-logistica-february-5-7-2020-berlin-germany\/#primaryimage"},"image":{"@id":"https:\/\/www.fvdrc.com\/fr\/solutions\/drc-at-fruit-logistica-february-5-7-2020-berlin-germany\/#primaryimage"},"thumbnailUrl":"https:\/\/fvdrc.com\/wp-content\/uploads\/2020\/01\/Fruit-logistica-2020.jpg","datePublished":"2020-01-17T16:29:36+00:00","dateModified":"2020-06-18T18:58:01+00:00","breadcrumb":{"@id":"https:\/\/www.fvdrc.com\/fr\/solutions\/drc-at-fruit-logistica-february-5-7-2020-berlin-germany\/#breadcrumb"},"inLanguage":"fr-FR","potentialAction":[{"@type":"ReadAction","target":["https:\/\/www.fvdrc.com\/fr\/solutions\/drc-at-fruit-logistica-february-5-7-2020-berlin-germany\/"]}]},{"@type":"ImageObject","inLanguage":"fr-FR","@id":"https:\/\/www.fvdrc.com\/fr\/solutions\/drc-at-fruit-logistica-february-5-7-2020-berlin-germany\/#primaryimage","url":"https:\/\/fvdrc.com\/wp-content\/uploads\/2020\/01\/Fruit-logistica-2020.jpg","contentUrl":"https:\/\/fvdrc.com\/wp-content\/uploads\/2020\/01\/Fruit-logistica-2020.jpg","width":400,"height":250},{"@type":"BreadcrumbList","@id":"https:\/\/www.fvdrc.com\/fr\/solutions\/drc-at-fruit-logistica-february-5-7-2020-berlin-germany\/#breadcrumb","itemListElement":[{"@type":"ListItem","position":1,"name":"Home","item":"https:\/\/fvdrc.com\/fr\/"},{"@type":"ListItem","position":2,"name":"La DRC \u00e0 la Fruit Logistica du 5 au 7 f\u00e9vrier prochains \u00e0 Berlin, en Allemagne"}]},{"@type":"WebSite","@id":"https:\/\/fvdrc.com\/#website","url":"https:\/\/fvdrc.com\/","name":"Fruit and Vegetable Dispute Resolution Corporation","description":"Trade with Confidence","publisher":{"@id":"https:\/\/fvdrc.com\/#organization"},"potentialAction":[{"@type":"SearchAction","target":{"@type":"EntryPoint","urlTemplate":"https:\/\/fvdrc.com\/?s={search_term_string}"},"query-input":{"@type":"PropertyValueSpecification","valueRequired":true,"valueName":"search_term_string"}}],"inLanguage":"fr-FR"},{"@type":"Organization","@id":"https:\/\/fvdrc.com\/#organization","name":"Fruit and Vegetable Dispute Resolution Corporation","url":"https:\/\/fvdrc.com\/","logo":{"@type":"ImageObject","inLanguage":"fr-FR","@id":"https:\/\/fvdrc.com\/#\/schema\/logo\/image\/","url":"https:\/\/fvdrc.com\/wp-content\/uploads\/2020\/06\/DRC-logo@2x.png","contentUrl":"https:\/\/fvdrc.com\/wp-content\/uploads\/2020\/06\/DRC-logo@2x.png","width":261,"height":140,"caption":"Fruit and Vegetable Dispute Resolution Corporation"},"image":{"@id":"https:\/\/fvdrc.com\/#\/schema\/logo\/image\/"}},{"@type":"Person","@id":"https:\/\/fvdrc.com\/#\/schema\/person\/9a44a987eaca5b14f726e1f34a984383","name":"DRC","image":{"@type":"ImageObject","inLanguage":"fr-FR","@id":"https:\/\/secure.gravatar.com\/avatar\/9e96b42d184bd365caaff20776303ccbfb18e624e781b687ee62ffd71e927990?s=96&d=mm&r=g","url":"https:\/\/secure.gravatar.com\/avatar\/9e96b42d184bd365caaff20776303ccbfb18e624e781b687ee62ffd71e927990?s=96&d=mm&r=g","contentUrl":"https:\/\/secure.gravatar.com\/avatar\/9e96b42d184bd365caaff20776303ccbfb18e624e781b687ee62ffd71e927990?s=96&d=mm&r=g","caption":"DRC"},"url":"https:\/\/fvdrc.com\/fr\/solutions\/author\/drc\/"}]}},"featured_image_src":"https:\/\/fvdrc.com\/wp-content\/uploads\/2020\/01\/Fruit-logistica-2020.jpg","featured_image_src_square":"https:\/\/fvdrc.com\/wp-content\/uploads\/2020\/01\/Fruit-logistica-2020.jpg","author_info":{"display_name":"DRC","author_link":"https:\/\/fvdrc.com\/fr\/solutions\/author\/drc\/"},"uagb_featured_image_src":{"full":["https:\/\/fvdrc.com\/wp-content\/uploads\/2020\/01\/Fruit-logistica-2020.jpg",400,250,false],"thumbnail":["https:\/\/fvdrc.com\/wp-content\/uploads\/2020\/01\/Fruit-logistica-2020-150x150.jpg",150,150,true],"medium":["https:\/\/fvdrc.com\/wp-content\/uploads\/2020\/01\/Fruit-logistica-2020-300x188.jpg",300,188,true],"medium_large":["https:\/\/fvdrc.com\/wp-content\/uploads\/2020\/01\/Fruit-logistica-2020.jpg",400,250,false],"large":["https:\/\/fvdrc.com\/wp-content\/uploads\/2020\/01\/Fruit-logistica-2020.jpg",400,250,false],"gs-tiny":["https:\/\/fvdrc.com\/wp-content\/uploads\/2020\/01\/Fruit-logistica-2020.jpg",50,31,false],"xl":["https:\/\/fvdrc.com\/wp-content\/uploads\/2020\/01\/Fruit-logistica-2020.jpg",400,250,false],"xxl":["https:\/\/fvdrc.com\/wp-content\/uploads\/2020\/01\/Fruit-logistica-2020.jpg",400,250,false],"xxxl":["https:\/\/fvdrc.com\/wp-content\/uploads\/2020\/01\/Fruit-logistica-2020.jpg",400,250,false],"xxxxl":["https:\/\/fvdrc.com\/wp-content\/uploads\/2020\/01\/Fruit-logistica-2020.jpg",400,250,false],"xxxxxl":["https:\/\/fvdrc.com\/wp-content\/uploads\/2020\/01\/Fruit-logistica-2020.jpg",400,250,false],"1536x1536":["https:\/\/fvdrc.com\/wp-content\/uploads\/2020\/01\/Fruit-logistica-2020.jpg",400,250,false],"2048x2048":["https:\/\/fvdrc.com\/wp-content\/uploads\/2020\/01\/Fruit-logistica-2020.jpg",400,250,false],"gb-block-post-grid-landscape":["https:\/\/fvdrc.com\/wp-content\/uploads\/2020\/01\/Fruit-logistica-2020.jpg",400,250,false],"gb-block-post-grid-square":["https:\/\/fvdrc.com\/wp-content\/uploads\/2020\/01\/Fruit-logistica-2020.jpg",400,250,false],"post-thumbnail":["https:\/\/fvdrc.com\/wp-content\/uploads\/2020\/01\/Fruit-logistica-2020.jpg",400,250,false],"twentytwenty-fullscreen":["https:\/\/fvdrc.com\/wp-content\/uploads\/2020\/01\/Fruit-logistica-2020.jpg",400,250,false]},"uagb_author_info":{"display_name":"DRC","author_link":"https:\/\/fvdrc.com\/fr\/solutions\/author\/drc\/"},"uagb_comment_info":0,"uagb_excerpt":"&nbsp; La DRC se rendra \u00e0 Berlin, en Allemagne, pour prendre part \u00e0 l\u2019\u00e9dition 2020 de la foire commerciale Fruit Logistica. Les membres de l\u2019\u00e9quipe de la DRC animeront du 5 au 7 f\u00e9vrier prochains, un kiosque au pavillon du Canada o\u00f9 ils pourront accueillir les membres, actuels et potentiels. Si certains de vos partenaires&hellip;","_links":{"self":[{"href":"https:\/\/fvdrc.com\/fr\/wp-json\/wp\/v2\/posts\/2498","targetHints":{"allow":["GET"]}}],"collection":[{"href":"https:\/\/fvdrc.com\/fr\/wp-json\/wp\/v2\/posts"}],"about":[{"href":"https:\/\/fvdrc.com\/fr\/wp-json\/wp\/v2\/types\/post"}],"author":[{"embeddable":true,"href":"https:\/\/fvdrc.com\/fr\/wp-json\/wp\/v2\/users\/2"}],"replies":[{"embeddable":true,"href":"https:\/\/fvdrc.com\/fr\/wp-json\/wp\/v2\/comments?post=2498"}],"version-history":[{"count":1,"href":"https:\/\/fvdrc.com\/fr\/wp-json\/wp\/v2\/posts\/2498\/revisions"}],"predecessor-version":[{"id":3455,"href":"https:\/\/fvdrc.com\/fr\/wp-json\/wp\/v2\/posts\/2498\/revisions\/3455"}],"wp:featuredmedia":[{"embeddable":true,"href":"https:\/\/fvdrc.com\/fr\/wp-json\/wp\/v2\/media\/2494"}],"wp:attachment":[{"href":"https:\/\/fvdrc.com\/fr\/wp-json\/wp\/v2\/media?parent=2498"}],"wp:term":[{"taxonomy":"category","embeddable":true,"href":"https:\/\/fvdrc.com\/fr\/wp-json\/wp\/v2\/categories?post=2498"},{"taxonomy":"post_tag","embeddable":true,"href":"https:\/\/fvdrc.com\/fr\/wp-json\/wp\/v2\/tags?post=2498"}],"curies":[{"name":"wp","href":"https:\/\/api.w.org\/{rel}","templated":true}]}}