{"id":2259,"date":"2019-07-17T11:10:00","date_gmt":"2019-07-17T15:10:00","guid":{"rendered":"https:\/\/www.fvdrc.com\/solutions\/do-farm-markets-require-a-drc-membership\/"},"modified":"2020-06-18T14:57:27","modified_gmt":"2020-06-18T18:57:27","slug":"do-farm-markets-require-a-drc-membership","status":"publish","type":"post","link":"https:\/\/fvdrc.com\/fr\/solutions\/do-farm-markets-require-a-drc-membership\/","title":{"rendered":"Les agriculteurs qui \u00e9coulent leurs produits au march\u00e9 ou \u00e0 la ferme sont-ils tenus d\u2019adh\u00e9rer \u00e0 la DRC?"},"content":{"rendered":"<p>De nos jours, bien des march\u00e9s demeurent ouverts toute l\u2019ann\u00e9e mais c\u2019est du d\u00e9but de l\u2019\u00e9t\u00e9 jusqu\u2019\u00e0 l\u2019automne qui constitue la haute saison pour les agriculteurs qui y \u00e9coulent leurs fruits et l\u00e9gumes et pour les consommateurs qui les ach\u00e8tent.<\/p>\n<p>Dans le cadre de l\u2019initiative de diffusion de la DRC et de la pr\u00e9paration \u00e0 l\u2019entr\u00e9e en vigueur du <em>R\u00e8glement sur la salubrit\u00e9 des aliments au Canada<\/em> (RSAC), une s\u00e9rie d\u2019outils d\u2019auto\u00e9valuation a \u00e9t\u00e9 \u00e9labor\u00e9e pour aider les gens \u00e0 d\u00e9terminer leur besoin en termes d\u2019adh\u00e9sion \u00e0 la DRC pour veiller \u00e0 ce qu\u2019ils se conforment aux exigences r\u00e9glementaires du RSAC. Le r\u00e8glement exige de quiconque vend, ach\u00e8te, importe ou exporte des fruits et l\u00e9gumes qu\u2019il soit membre en r\u00e8gle de la DRC, sous r\u00e9serves des exceptions pr\u00e9vues dans la r\u00e9glementation.<\/p>\n<p>L\u2019une des cat\u00e9gories incluses dans cette s\u00e9rie est <strong>March\u00e9s agricoles et autre vente directe aux consommateurs<\/strong>. Pour bien comprendre ce qu\u2019est cette cat\u00e9gorie, il est important de se donner une d\u00e9finition commune\u00a0:<\/p>\n<p>Vendeur au march\u00e9 agricole\u00a0: Un producteur ou toute autre personne qui vend directement aux consommateurs dans un march\u00e9 agricole, dans une \u00e9choppe de march\u00e9 ou dans un \u00e9talage en bordure de route.<\/p>\n<p>Dans certains cas, une ferme ou une unit\u00e9 de production peut avoir une personnalit\u00e9 juridique distincte aux fins de mise en march\u00e9. Selon la nature des transactions et la destination finale des fruits et l\u00e9gumes, l\u2019adh\u00e9sion \u00e0 la DRC peut \u00eatre requise pour l\u2019entit\u00e9 de mise en march\u00e9.<\/p>\n<p>L\u2019auto\u00e9valuation couvre un certain nombre de sc\u00e9narios par des questions-r\u00e9ponses, y compris\u00a0:<\/p>\n<ul>\n<li>Je compl\u00e8te ma production ou les ventes des vendeurs avec des fruits et l\u00e9gumes frais achet\u00e9s aupr\u00e8s d\u2019autres producteurs situ\u00e9s dans une province autre que celle o\u00f9 se trouve mon \u00e9tablissement commercial ou dans un march\u00e9 agricole ou une \u00e9choppe de march\u00e9. (Adh\u00e9sion \u00e0 la DRC requise).<\/li>\n<li>Je compl\u00e8te ma production ou les ventes des vendeurs avec des fruits et l\u00e9gumes frais achet\u00e9s aupr\u00e8s d\u2019autres producteurs de ma province que je vends dans une province autre que celle o\u00f9 se trouve mon \u00e9tablissement commercial ou dans un march\u00e9 agricole ou une \u00e9choppe de march\u00e9. (Adh\u00e9sion \u00e0 la DRC requise).<\/li>\n<li>J\u2019emballe et je vends dans un march\u00e9 agricole ou un \u00e9talage routier seulement des fruits et des l\u00e9gumes frais que j\u2019ai cultiv\u00e9s moi-m\u00eame en tant qu\u2019entit\u00e9 commerciale unique, et je les exp\u00e9die dans une autre province ou \u00e0 l\u2018\u00e9chelle mondiale. (Adh\u00e9sion \u00e0 la DRC non requise).<\/li>\n<\/ul>\n<p>Il y a de nombreux cadres d\u2019affaires et de mise en march\u00e9 pour les agriculteurs de march\u00e9 agricole ou les entit\u00e9s de mise en march\u00e9. Pour acc\u00e9der \u00e0 l\u2019outil d\u2019auto\u00e9valuation et d\u00e9terminer si votre situation requiert l\u2019adh\u00e9sion \u00e0 la DRC ou non, visitez le <a href=\"https:\/\/fvdrc.com\/wp-content\/uploads\/2017\/11\/4_SFCR-DRC-Farm-Market-Direct-to-Consumers-Self-Assessment-FRENCH.pdf\">https:\/\/fvdrc.com\/wp-content\/uploads\/2017\/11\/4_SFCR-DRC-Farm-Market-Direct-to-Consumers-Self-Assessment-FRENCH.pdf<\/a>.<\/p>\n","protected":false},"excerpt":{"rendered":"<p>De nos jours, bien des march\u00e9s demeurent ouverts toute l\u2019ann\u00e9e mais c\u2019est du d\u00e9but de l\u2019\u00e9t\u00e9 jusqu\u2019\u00e0 l\u2019automne qui constitue la haute saison pour les agriculteurs qui y \u00e9coulent leurs fruits et l\u00e9gumes et pour les consommateurs qui les ach\u00e8tent. Dans le cadre de l\u2019initiative de diffusion de la DRC et de la pr\u00e9paration \u00e0 [&hellip;]<\/p>\n","protected":false},"author":2,"featured_media":2239,"comment_status":"open","ping_status":"open","sticky":false,"template":"","format":"standard","meta":{"_acf_changed":false,"_coblocks_attr":"","_coblocks_dimensions":"","_coblocks_responsive_height":"","_coblocks_accordion_ie_support":"","om_disable_all_campaigns":false,"_uag_custom_page_level_css":"","_monsterinsights_skip_tracking":false,"_monsterinsights_sitenote_active":false,"_monsterinsights_sitenote_note":"","_monsterinsights_sitenote_category":0,"_uf_show_specific_survey":0,"_uf_disable_surveys":false,"footnotes":"","_wpscppro_dont_share_socialmedia":false,"_wpscppro_custom_social_share_image":0,"_facebook_share_type":"","_twitter_share_type":"","_linkedin_share_type":"","_pinterest_share_type":"","_linkedin_share_type_page":"","_instagram_share_type":"","_medium_share_type":"","_threads_share_type":"","_google_business_share_type":"","_selected_social_profile":[],"_wpsp_enable_custom_social_template":false,"_wpsp_social_scheduling":{"enabled":false,"datetime":null,"platforms":[],"status":"template_only","dateOption":"today","timeOption":"now","customDays":"","customHours":"","customDate":"","customTime":"","schedulingType":"absolute"},"_wpsp_active_default_template":true},"categories":[2,2],"tags":[],"class_list":["post-2259","post","type-post","status-publish","format-standard","has-post-thumbnail","hentry","category-non-classifiee"],"acf":[],"aioseo_notices":[],"yoast_head":"<!-- This site is optimized with the Yoast SEO plugin v27.4 - https:\/\/yoast.com\/product\/yoast-seo-wordpress\/ -->\n<title>Les agriculteurs qui \u00e9coulent leurs produits au march\u00e9 ou \u00e0 la ferme sont-ils tenus d\u2019adh\u00e9rer \u00e0 la DRC? - Fruit and Vegetable Dispute Resolution Corporation<\/title>\n<meta name=\"robots\" content=\"index, follow, max-snippet:-1, max-image-preview:large, max-video-preview:-1\" \/>\n<link rel=\"canonical\" href=\"https:\/\/www.fvdrc.com\/fr\/solutions\/do-farm-markets-require-a-drc-membership\/\" \/>\n<meta property=\"og:locale\" content=\"fr_FR\" \/>\n<meta property=\"og:type\" content=\"article\" \/>\n<meta property=\"og:title\" content=\"Les agriculteurs qui \u00e9coulent leurs produits au march\u00e9 ou \u00e0 la ferme sont-ils tenus d\u2019adh\u00e9rer \u00e0 la DRC? - Fruit and Vegetable Dispute Resolution Corporation\" \/>\n<meta property=\"og:description\" content=\"De nos jours, bien des march\u00e9s demeurent ouverts toute l\u2019ann\u00e9e mais c\u2019est du d\u00e9but de l\u2019\u00e9t\u00e9 jusqu\u2019\u00e0 l\u2019automne qui constitue la haute saison pour les agriculteurs qui y \u00e9coulent leurs fruits et l\u00e9gumes et pour les consommateurs qui les ach\u00e8tent. Dans le cadre de l\u2019initiative de diffusion de la DRC et de la pr\u00e9paration \u00e0 [&hellip;]\" \/>\n<meta property=\"og:url\" content=\"https:\/\/www.fvdrc.com\/fr\/solutions\/do-farm-markets-require-a-drc-membership\/\" \/>\n<meta property=\"og:site_name\" content=\"Fruit and Vegetable Dispute Resolution Corporation\" \/>\n<meta property=\"article:published_time\" content=\"2019-07-17T15:10:00+00:00\" \/>\n<meta property=\"article:modified_time\" content=\"2020-06-18T18:57:27+00:00\" \/>\n<meta property=\"og:image\" content=\"https:\/\/www.fvdrc.com\/wp-content\/uploads\/2019\/07\/Self.Assessment.000.jpg\" \/>\n\t<meta property=\"og:image:width\" content=\"400\" \/>\n\t<meta property=\"og:image:height\" content=\"250\" \/>\n\t<meta property=\"og:image:type\" content=\"image\/jpeg\" \/>\n<meta name=\"author\" content=\"DRC\" \/>\n<meta name=\"twitter:card\" content=\"summary_large_image\" \/>\n<meta name=\"twitter:label1\" content=\"Written by\" \/>\n\t<meta name=\"twitter:data1\" content=\"DRC\" \/>\n\t<meta name=\"twitter:label2\" content=\"Est. reading time\" \/>\n\t<meta name=\"twitter:data2\" content=\"3 minutes\" \/>\n<script type=\"application\/ld+json\" class=\"yoast-schema-graph\">{\"@context\":\"https:\\\/\\\/schema.org\",\"@graph\":[{\"@type\":\"Article\",\"@id\":\"https:\\\/\\\/www.fvdrc.com\\\/fr\\\/solutions\\\/do-farm-markets-require-a-drc-membership\\\/#article\",\"isPartOf\":{\"@id\":\"https:\\\/\\\/www.fvdrc.com\\\/fr\\\/solutions\\\/do-farm-markets-require-a-drc-membership\\\/\"},\"author\":{\"name\":\"DRC\",\"@id\":\"https:\\\/\\\/fvdrc.com\\\/#\\\/schema\\\/person\\\/9a44a987eaca5b14f726e1f34a984383\"},\"headline\":\"Les agriculteurs qui \u00e9coulent leurs produits au march\u00e9 ou \u00e0 la ferme sont-ils tenus d\u2019adh\u00e9rer \u00e0 la DRC?\",\"datePublished\":\"2019-07-17T15:10:00+00:00\",\"dateModified\":\"2020-06-18T18:57:27+00:00\",\"mainEntityOfPage\":{\"@id\":\"https:\\\/\\\/www.fvdrc.com\\\/fr\\\/solutions\\\/do-farm-markets-require-a-drc-membership\\\/\"},\"wordCount\":536,\"commentCount\":0,\"publisher\":{\"@id\":\"https:\\\/\\\/fvdrc.com\\\/#organization\"},\"image\":{\"@id\":\"https:\\\/\\\/www.fvdrc.com\\\/fr\\\/solutions\\\/do-farm-markets-require-a-drc-membership\\\/#primaryimage\"},\"thumbnailUrl\":\"https:\\\/\\\/fvdrc.com\\\/wp-content\\\/uploads\\\/2019\\\/07\\\/Self.Assessment.000.jpg\",\"articleSection\":[\"Non classifi\u00e9(e)\",\"Non classifi\u00e9(e)\"],\"inLanguage\":\"fr-FR\",\"potentialAction\":[{\"@type\":\"CommentAction\",\"name\":\"Comment\",\"target\":[\"https:\\\/\\\/www.fvdrc.com\\\/fr\\\/solutions\\\/do-farm-markets-require-a-drc-membership\\\/#respond\"]}]},{\"@type\":\"WebPage\",\"@id\":\"https:\\\/\\\/www.fvdrc.com\\\/fr\\\/solutions\\\/do-farm-markets-require-a-drc-membership\\\/\",\"url\":\"https:\\\/\\\/www.fvdrc.com\\\/fr\\\/solutions\\\/do-farm-markets-require-a-drc-membership\\\/\",\"name\":\"Les agriculteurs qui \u00e9coulent leurs produits au march\u00e9 ou \u00e0 la ferme sont-ils tenus d\u2019adh\u00e9rer \u00e0 la DRC? - Fruit and Vegetable Dispute Resolution Corporation\",\"isPartOf\":{\"@id\":\"https:\\\/\\\/fvdrc.com\\\/#website\"},\"primaryImageOfPage\":{\"@id\":\"https:\\\/\\\/www.fvdrc.com\\\/fr\\\/solutions\\\/do-farm-markets-require-a-drc-membership\\\/#primaryimage\"},\"image\":{\"@id\":\"https:\\\/\\\/www.fvdrc.com\\\/fr\\\/solutions\\\/do-farm-markets-require-a-drc-membership\\\/#primaryimage\"},\"thumbnailUrl\":\"https:\\\/\\\/fvdrc.com\\\/wp-content\\\/uploads\\\/2019\\\/07\\\/Self.Assessment.000.jpg\",\"datePublished\":\"2019-07-17T15:10:00+00:00\",\"dateModified\":\"2020-06-18T18:57:27+00:00\",\"breadcrumb\":{\"@id\":\"https:\\\/\\\/www.fvdrc.com\\\/fr\\\/solutions\\\/do-farm-markets-require-a-drc-membership\\\/#breadcrumb\"},\"inLanguage\":\"fr-FR\",\"potentialAction\":[{\"@type\":\"ReadAction\",\"target\":[\"https:\\\/\\\/www.fvdrc.com\\\/fr\\\/solutions\\\/do-farm-markets-require-a-drc-membership\\\/\"]}]},{\"@type\":\"ImageObject\",\"inLanguage\":\"fr-FR\",\"@id\":\"https:\\\/\\\/www.fvdrc.com\\\/fr\\\/solutions\\\/do-farm-markets-require-a-drc-membership\\\/#primaryimage\",\"url\":\"https:\\\/\\\/fvdrc.com\\\/wp-content\\\/uploads\\\/2019\\\/07\\\/Self.Assessment.000.jpg\",\"contentUrl\":\"https:\\\/\\\/fvdrc.com\\\/wp-content\\\/uploads\\\/2019\\\/07\\\/Self.Assessment.000.jpg\",\"width\":400,\"height\":250},{\"@type\":\"BreadcrumbList\",\"@id\":\"https:\\\/\\\/www.fvdrc.com\\\/fr\\\/solutions\\\/do-farm-markets-require-a-drc-membership\\\/#breadcrumb\",\"itemListElement\":[{\"@type\":\"ListItem\",\"position\":1,\"name\":\"Home\",\"item\":\"https:\\\/\\\/fvdrc.com\\\/fr\\\/\"},{\"@type\":\"ListItem\",\"position\":2,\"name\":\"Les agriculteurs qui \u00e9coulent leurs produits au march\u00e9 ou \u00e0 la ferme sont-ils tenus d\u2019adh\u00e9rer \u00e0 la DRC?\"}]},{\"@type\":\"WebSite\",\"@id\":\"https:\\\/\\\/fvdrc.com\\\/#website\",\"url\":\"https:\\\/\\\/fvdrc.com\\\/\",\"name\":\"Fruit and Vegetable Dispute Resolution Corporation\",\"description\":\"Trade with Confidence\",\"publisher\":{\"@id\":\"https:\\\/\\\/fvdrc.com\\\/#organization\"},\"potentialAction\":[{\"@type\":\"SearchAction\",\"target\":{\"@type\":\"EntryPoint\",\"urlTemplate\":\"https:\\\/\\\/fvdrc.com\\\/?s={search_term_string}\"},\"query-input\":{\"@type\":\"PropertyValueSpecification\",\"valueRequired\":true,\"valueName\":\"search_term_string\"}}],\"inLanguage\":\"fr-FR\"},{\"@type\":\"Organization\",\"@id\":\"https:\\\/\\\/fvdrc.com\\\/#organization\",\"name\":\"Fruit and Vegetable Dispute Resolution Corporation\",\"url\":\"https:\\\/\\\/fvdrc.com\\\/\",\"logo\":{\"@type\":\"ImageObject\",\"inLanguage\":\"fr-FR\",\"@id\":\"https:\\\/\\\/fvdrc.com\\\/#\\\/schema\\\/logo\\\/image\\\/\",\"url\":\"https:\\\/\\\/fvdrc.com\\\/wp-content\\\/uploads\\\/2020\\\/06\\\/DRC-logo@2x.png\",\"contentUrl\":\"https:\\\/\\\/fvdrc.com\\\/wp-content\\\/uploads\\\/2020\\\/06\\\/DRC-logo@2x.png\",\"width\":261,\"height\":140,\"caption\":\"Fruit and Vegetable Dispute Resolution Corporation\"},\"image\":{\"@id\":\"https:\\\/\\\/fvdrc.com\\\/#\\\/schema\\\/logo\\\/image\\\/\"}},{\"@type\":\"Person\",\"@id\":\"https:\\\/\\\/fvdrc.com\\\/#\\\/schema\\\/person\\\/9a44a987eaca5b14f726e1f34a984383\",\"name\":\"DRC\",\"image\":{\"@type\":\"ImageObject\",\"inLanguage\":\"fr-FR\",\"@id\":\"https:\\\/\\\/secure.gravatar.com\\\/avatar\\\/9e96b42d184bd365caaff20776303ccbfb18e624e781b687ee62ffd71e927990?s=96&d=mm&r=g\",\"url\":\"https:\\\/\\\/secure.gravatar.com\\\/avatar\\\/9e96b42d184bd365caaff20776303ccbfb18e624e781b687ee62ffd71e927990?s=96&d=mm&r=g\",\"contentUrl\":\"https:\\\/\\\/secure.gravatar.com\\\/avatar\\\/9e96b42d184bd365caaff20776303ccbfb18e624e781b687ee62ffd71e927990?s=96&d=mm&r=g\",\"caption\":\"DRC\"},\"url\":\"https:\\\/\\\/fvdrc.com\\\/fr\\\/solutions\\\/author\\\/drc\\\/\"}]}<\/script>\n<!-- \/ Yoast SEO plugin. -->","yoast_head_json":{"title":"Les agriculteurs qui \u00e9coulent leurs produits au march\u00e9 ou \u00e0 la ferme sont-ils tenus d\u2019adh\u00e9rer \u00e0 la DRC? - Fruit and Vegetable Dispute Resolution Corporation","robots":{"index":"index","follow":"follow","max-snippet":"max-snippet:-1","max-image-preview":"max-image-preview:large","max-video-preview":"max-video-preview:-1"},"canonical":"https:\/\/www.fvdrc.com\/fr\/solutions\/do-farm-markets-require-a-drc-membership\/","og_locale":"fr_FR","og_type":"article","og_title":"Les agriculteurs qui \u00e9coulent leurs produits au march\u00e9 ou \u00e0 la ferme sont-ils tenus d\u2019adh\u00e9rer \u00e0 la DRC? - Fruit and Vegetable Dispute Resolution Corporation","og_description":"De nos jours, bien des march\u00e9s demeurent ouverts toute l\u2019ann\u00e9e mais c\u2019est du d\u00e9but de l\u2019\u00e9t\u00e9 jusqu\u2019\u00e0 l\u2019automne qui constitue la haute saison pour les agriculteurs qui y \u00e9coulent leurs fruits et l\u00e9gumes et pour les consommateurs qui les ach\u00e8tent. Dans le cadre de l\u2019initiative de diffusion de la DRC et de la pr\u00e9paration \u00e0 [&hellip;]","og_url":"https:\/\/www.fvdrc.com\/fr\/solutions\/do-farm-markets-require-a-drc-membership\/","og_site_name":"Fruit and Vegetable Dispute Resolution Corporation","article_published_time":"2019-07-17T15:10:00+00:00","article_modified_time":"2020-06-18T18:57:27+00:00","og_image":[{"width":400,"height":250,"url":"https:\/\/www.fvdrc.com\/wp-content\/uploads\/2019\/07\/Self.Assessment.000.jpg","type":"image\/jpeg"}],"author":"DRC","twitter_card":"summary_large_image","twitter_misc":{"Written by":"DRC","Est. reading time":"3 minutes"},"schema":{"@context":"https:\/\/schema.org","@graph":[{"@type":"Article","@id":"https:\/\/www.fvdrc.com\/fr\/solutions\/do-farm-markets-require-a-drc-membership\/#article","isPartOf":{"@id":"https:\/\/www.fvdrc.com\/fr\/solutions\/do-farm-markets-require-a-drc-membership\/"},"author":{"name":"DRC","@id":"https:\/\/fvdrc.com\/#\/schema\/person\/9a44a987eaca5b14f726e1f34a984383"},"headline":"Les agriculteurs qui \u00e9coulent leurs produits au march\u00e9 ou \u00e0 la ferme sont-ils tenus d\u2019adh\u00e9rer \u00e0 la DRC?","datePublished":"2019-07-17T15:10:00+00:00","dateModified":"2020-06-18T18:57:27+00:00","mainEntityOfPage":{"@id":"https:\/\/www.fvdrc.com\/fr\/solutions\/do-farm-markets-require-a-drc-membership\/"},"wordCount":536,"commentCount":0,"publisher":{"@id":"https:\/\/fvdrc.com\/#organization"},"image":{"@id":"https:\/\/www.fvdrc.com\/fr\/solutions\/do-farm-markets-require-a-drc-membership\/#primaryimage"},"thumbnailUrl":"https:\/\/fvdrc.com\/wp-content\/uploads\/2019\/07\/Self.Assessment.000.jpg","articleSection":["Non classifi\u00e9(e)","Non classifi\u00e9(e)"],"inLanguage":"fr-FR","potentialAction":[{"@type":"CommentAction","name":"Comment","target":["https:\/\/www.fvdrc.com\/fr\/solutions\/do-farm-markets-require-a-drc-membership\/#respond"]}]},{"@type":"WebPage","@id":"https:\/\/www.fvdrc.com\/fr\/solutions\/do-farm-markets-require-a-drc-membership\/","url":"https:\/\/www.fvdrc.com\/fr\/solutions\/do-farm-markets-require-a-drc-membership\/","name":"Les agriculteurs qui \u00e9coulent leurs produits au march\u00e9 ou \u00e0 la ferme sont-ils tenus d\u2019adh\u00e9rer \u00e0 la DRC? - Fruit and Vegetable Dispute Resolution Corporation","isPartOf":{"@id":"https:\/\/fvdrc.com\/#website"},"primaryImageOfPage":{"@id":"https:\/\/www.fvdrc.com\/fr\/solutions\/do-farm-markets-require-a-drc-membership\/#primaryimage"},"image":{"@id":"https:\/\/www.fvdrc.com\/fr\/solutions\/do-farm-markets-require-a-drc-membership\/#primaryimage"},"thumbnailUrl":"https:\/\/fvdrc.com\/wp-content\/uploads\/2019\/07\/Self.Assessment.000.jpg","datePublished":"2019-07-17T15:10:00+00:00","dateModified":"2020-06-18T18:57:27+00:00","breadcrumb":{"@id":"https:\/\/www.fvdrc.com\/fr\/solutions\/do-farm-markets-require-a-drc-membership\/#breadcrumb"},"inLanguage":"fr-FR","potentialAction":[{"@type":"ReadAction","target":["https:\/\/www.fvdrc.com\/fr\/solutions\/do-farm-markets-require-a-drc-membership\/"]}]},{"@type":"ImageObject","inLanguage":"fr-FR","@id":"https:\/\/www.fvdrc.com\/fr\/solutions\/do-farm-markets-require-a-drc-membership\/#primaryimage","url":"https:\/\/fvdrc.com\/wp-content\/uploads\/2019\/07\/Self.Assessment.000.jpg","contentUrl":"https:\/\/fvdrc.com\/wp-content\/uploads\/2019\/07\/Self.Assessment.000.jpg","width":400,"height":250},{"@type":"BreadcrumbList","@id":"https:\/\/www.fvdrc.com\/fr\/solutions\/do-farm-markets-require-a-drc-membership\/#breadcrumb","itemListElement":[{"@type":"ListItem","position":1,"name":"Home","item":"https:\/\/fvdrc.com\/fr\/"},{"@type":"ListItem","position":2,"name":"Les agriculteurs qui \u00e9coulent leurs produits au march\u00e9 ou \u00e0 la ferme sont-ils tenus d\u2019adh\u00e9rer \u00e0 la DRC?"}]},{"@type":"WebSite","@id":"https:\/\/fvdrc.com\/#website","url":"https:\/\/fvdrc.com\/","name":"Fruit and Vegetable Dispute Resolution Corporation","description":"Trade with Confidence","publisher":{"@id":"https:\/\/fvdrc.com\/#organization"},"potentialAction":[{"@type":"SearchAction","target":{"@type":"EntryPoint","urlTemplate":"https:\/\/fvdrc.com\/?s={search_term_string}"},"query-input":{"@type":"PropertyValueSpecification","valueRequired":true,"valueName":"search_term_string"}}],"inLanguage":"fr-FR"},{"@type":"Organization","@id":"https:\/\/fvdrc.com\/#organization","name":"Fruit and Vegetable Dispute Resolution Corporation","url":"https:\/\/fvdrc.com\/","logo":{"@type":"ImageObject","inLanguage":"fr-FR","@id":"https:\/\/fvdrc.com\/#\/schema\/logo\/image\/","url":"https:\/\/fvdrc.com\/wp-content\/uploads\/2020\/06\/DRC-logo@2x.png","contentUrl":"https:\/\/fvdrc.com\/wp-content\/uploads\/2020\/06\/DRC-logo@2x.png","width":261,"height":140,"caption":"Fruit and Vegetable Dispute Resolution Corporation"},"image":{"@id":"https:\/\/fvdrc.com\/#\/schema\/logo\/image\/"}},{"@type":"Person","@id":"https:\/\/fvdrc.com\/#\/schema\/person\/9a44a987eaca5b14f726e1f34a984383","name":"DRC","image":{"@type":"ImageObject","inLanguage":"fr-FR","@id":"https:\/\/secure.gravatar.com\/avatar\/9e96b42d184bd365caaff20776303ccbfb18e624e781b687ee62ffd71e927990?s=96&d=mm&r=g","url":"https:\/\/secure.gravatar.com\/avatar\/9e96b42d184bd365caaff20776303ccbfb18e624e781b687ee62ffd71e927990?s=96&d=mm&r=g","contentUrl":"https:\/\/secure.gravatar.com\/avatar\/9e96b42d184bd365caaff20776303ccbfb18e624e781b687ee62ffd71e927990?s=96&d=mm&r=g","caption":"DRC"},"url":"https:\/\/fvdrc.com\/fr\/solutions\/author\/drc\/"}]}},"featured_image_src":"https:\/\/fvdrc.com\/wp-content\/uploads\/2019\/07\/Self.Assessment.000.jpg","featured_image_src_square":"https:\/\/fvdrc.com\/wp-content\/uploads\/2019\/07\/Self.Assessment.000.jpg","author_info":{"display_name":"DRC","author_link":"https:\/\/fvdrc.com\/fr\/solutions\/author\/drc\/"},"uagb_featured_image_src":{"full":["https:\/\/fvdrc.com\/wp-content\/uploads\/2019\/07\/Self.Assessment.000.jpg",400,250,false],"thumbnail":["https:\/\/fvdrc.com\/wp-content\/uploads\/2019\/07\/Self.Assessment.000.jpg",150,94,false],"medium":["https:\/\/fvdrc.com\/wp-content\/uploads\/2019\/07\/Self.Assessment.000.jpg",300,188,false],"medium_large":["https:\/\/fvdrc.com\/wp-content\/uploads\/2019\/07\/Self.Assessment.000.jpg",400,250,false],"large":["https:\/\/fvdrc.com\/wp-content\/uploads\/2019\/07\/Self.Assessment.000.jpg",400,250,false],"gs-tiny":["https:\/\/fvdrc.com\/wp-content\/uploads\/2019\/07\/Self.Assessment.000.jpg",50,31,false],"xl":["https:\/\/fvdrc.com\/wp-content\/uploads\/2019\/07\/Self.Assessment.000.jpg",400,250,false],"xxl":["https:\/\/fvdrc.com\/wp-content\/uploads\/2019\/07\/Self.Assessment.000.jpg",400,250,false],"xxxl":["https:\/\/fvdrc.com\/wp-content\/uploads\/2019\/07\/Self.Assessment.000.jpg",400,250,false],"xxxxl":["https:\/\/fvdrc.com\/wp-content\/uploads\/2019\/07\/Self.Assessment.000.jpg",400,250,false],"xxxxxl":["https:\/\/fvdrc.com\/wp-content\/uploads\/2019\/07\/Self.Assessment.000.jpg",400,250,false],"1536x1536":["https:\/\/fvdrc.com\/wp-content\/uploads\/2019\/07\/Self.Assessment.000.jpg",400,250,false],"2048x2048":["https:\/\/fvdrc.com\/wp-content\/uploads\/2019\/07\/Self.Assessment.000.jpg",400,250,false],"gb-block-post-grid-landscape":["https:\/\/fvdrc.com\/wp-content\/uploads\/2019\/07\/Self.Assessment.000.jpg",400,250,false],"gb-block-post-grid-square":["https:\/\/fvdrc.com\/wp-content\/uploads\/2019\/07\/Self.Assessment.000.jpg",400,250,false],"post-thumbnail":["https:\/\/fvdrc.com\/wp-content\/uploads\/2019\/07\/Self.Assessment.000.jpg",400,250,false],"twentytwenty-fullscreen":["https:\/\/fvdrc.com\/wp-content\/uploads\/2019\/07\/Self.Assessment.000.jpg",400,250,false]},"uagb_author_info":{"display_name":"DRC","author_link":"https:\/\/fvdrc.com\/fr\/solutions\/author\/drc\/"},"uagb_comment_info":0,"uagb_excerpt":"De nos jours, bien des march\u00e9s demeurent ouverts toute l\u2019ann\u00e9e mais c\u2019est du d\u00e9but de l\u2019\u00e9t\u00e9 jusqu\u2019\u00e0 l\u2019automne qui constitue la haute saison pour les agriculteurs qui y \u00e9coulent leurs fruits et l\u00e9gumes et pour les consommateurs qui les ach\u00e8tent. Dans le cadre de l\u2019initiative de diffusion de la DRC et de la pr\u00e9paration \u00e0&hellip;","_links":{"self":[{"href":"https:\/\/fvdrc.com\/fr\/wp-json\/wp\/v2\/posts\/2259","targetHints":{"allow":["GET"]}}],"collection":[{"href":"https:\/\/fvdrc.com\/fr\/wp-json\/wp\/v2\/posts"}],"about":[{"href":"https:\/\/fvdrc.com\/fr\/wp-json\/wp\/v2\/types\/post"}],"author":[{"embeddable":true,"href":"https:\/\/fvdrc.com\/fr\/wp-json\/wp\/v2\/users\/2"}],"replies":[{"embeddable":true,"href":"https:\/\/fvdrc.com\/fr\/wp-json\/wp\/v2\/comments?post=2259"}],"version-history":[{"count":1,"href":"https:\/\/fvdrc.com\/fr\/wp-json\/wp\/v2\/posts\/2259\/revisions"}],"predecessor-version":[{"id":3380,"href":"https:\/\/fvdrc.com\/fr\/wp-json\/wp\/v2\/posts\/2259\/revisions\/3380"}],"wp:featuredmedia":[{"embeddable":true,"href":"https:\/\/fvdrc.com\/fr\/wp-json\/wp\/v2\/media\/2239"}],"wp:attachment":[{"href":"https:\/\/fvdrc.com\/fr\/wp-json\/wp\/v2\/media?parent=2259"}],"wp:term":[{"taxonomy":"category","embeddable":true,"href":"https:\/\/fvdrc.com\/fr\/wp-json\/wp\/v2\/categories?post=2259"},{"taxonomy":"post_tag","embeddable":true,"href":"https:\/\/fvdrc.com\/fr\/wp-json\/wp\/v2\/tags?post=2259"}],"curies":[{"name":"wp","href":"https:\/\/api.w.org\/{rel}","templated":true}]}}