{"id":2249,"date":"2019-07-17T11:02:22","date_gmt":"2019-07-17T15:02:22","guid":{"rendered":"https:\/\/www.fvdrc.com\/solutions\/board-of-directors-annual-general-meeting\/"},"modified":"2020-06-18T14:57:24","modified_gmt":"2020-06-18T18:57:24","slug":"board-of-directors-annual-general-meeting","status":"publish","type":"post","link":"https:\/\/fvdrc.com\/fr\/solutions\/board-of-directors-annual-general-meeting\/","title":{"rendered":"R\u00e9union du conseil d\u2019administration et assembl\u00e9e g\u00e9n\u00e9rale annuelle"},"content":{"rendered":"<p>La r\u00e9union du conseil d\u2019administration et l\u2019assembl\u00e9e g\u00e9n\u00e9rale annuelle des membres de la DRC a eu lieu \u00e0 Qu\u00e9bec, au Canada, les 23 et 24 mai 2019. La DRC a fait rapport au conseil d\u2019administration et aux membres de ses principales priorit\u00e9s, dont son nouveau r\u00f4le en vertu de la <em>Loi sur la salubrit\u00e9 des aliments au Canada<\/em>, des adh\u00e9sions, de la mise en march\u00e9 et de l\u2019assistance commerciale. Le conseil d\u2019administration a \u00e9galement b\u00e9n\u00e9fici\u00e9 d\u2019une mise-\u00e0-jour de l\u2019Agence canadienne d\u2019inspection des aliments concernant les services d\u2019inspection \u00e0 destination et la mise en application du <em>R\u00e8glement sur la salubrit\u00e9 des aliments au Canada<\/em>. Les membres ont \u00e9lu Frank Pagliaro, du Canada, Mike Stuart et Bret Erikson, des \u00c9tats-Unis, et Gonzalo Aguilar, du Mexique, \u00e0 titre d\u2019administrateurs.<\/p>\n<p>Le conseil d\u2019administration et le personnel de la DRC ont \u00e9galement \u00e9t\u00e9 re\u00e7us chez Patates Dolbec inc. pour une visite de leurs installations ultramodernes. Patates Dolbec inc. est une entreprise familiale qui, depuis plus de cinquante ans, s\u2019est forg\u00e9 une r\u00e9putation enviable dans le secteur agroalimentaire gr\u00e2ce \u00e0 un travail acharn\u00e9, \u00e0 une in\u00e9puisable passion pour l\u2019agriculture et \u00e0 une \u00e9quipe dynamique exp\u00e9riment\u00e9e et innovatrice dans la culture des pommes de terre. Le conseil s\u2019est dit particuli\u00e8rement impressionn\u00e9 par leur usine 4.0 qui comprend notamment un train robotis\u00e9 et d\u2019autres \u00e9l\u00e9ments \u00e0 la fine pointe de la technologie. Au nom du conseil d\u2019administration, un gros merci \u00e0 Jos\u00e9e et St\u00e9phan pour cette visite extraordinaire.<\/p>\n","protected":false},"excerpt":{"rendered":"<p>La r\u00e9union du conseil d\u2019administration et l\u2019assembl\u00e9e g\u00e9n\u00e9rale annuelle des membres de la DRC a eu lieu \u00e0 Qu\u00e9bec, au Canada, les 23 et 24 mai 2019. La DRC a fait rapport au conseil d\u2019administration et aux membres de ses principales priorit\u00e9s, dont son nouveau r\u00f4le en vertu de la Loi sur la salubrit\u00e9 des [&hellip;]<\/p>\n","protected":false},"author":2,"featured_media":999,"comment_status":"open","ping_status":"open","sticky":false,"template":"","format":"standard","meta":{"_acf_changed":false,"_coblocks_attr":"","_coblocks_dimensions":"","_coblocks_responsive_height":"","_coblocks_accordion_ie_support":"","om_disable_all_campaigns":false,"_uag_custom_page_level_css":"","_monsterinsights_skip_tracking":false,"_monsterinsights_sitenote_active":false,"_monsterinsights_sitenote_note":"","_monsterinsights_sitenote_category":0,"_uf_show_specific_survey":0,"_uf_disable_surveys":false,"footnotes":"","_wpscppro_dont_share_socialmedia":false,"_wpscppro_custom_social_share_image":0,"_facebook_share_type":"","_twitter_share_type":"","_linkedin_share_type":"","_pinterest_share_type":"","_linkedin_share_type_page":"","_instagram_share_type":"","_medium_share_type":"","_threads_share_type":"","_google_business_share_type":"","_selected_social_profile":[],"_wpsp_enable_custom_social_template":false,"_wpsp_social_scheduling":{"enabled":false,"datetime":null,"platforms":[],"status":"template_only","dateOption":"today","timeOption":"now","customDays":"","customHours":"","customDate":"","customTime":"","schedulingType":"absolute"},"_wpsp_active_default_template":true},"categories":[1,1],"tags":[],"class_list":["post-2249","post","type-post","status-publish","format-standard","has-post-thumbnail","hentry","category-uncategorized"],"acf":[],"aioseo_notices":[],"yoast_head":"<!-- This site is optimized with the Yoast SEO plugin v27.4 - https:\/\/yoast.com\/product\/yoast-seo-wordpress\/ -->\n<title>R\u00e9union du conseil d\u2019administration et assembl\u00e9e g\u00e9n\u00e9rale annuelle - Fruit and Vegetable Dispute Resolution Corporation<\/title>\n<meta name=\"robots\" content=\"index, follow, max-snippet:-1, max-image-preview:large, max-video-preview:-1\" \/>\n<link rel=\"canonical\" href=\"https:\/\/www.fvdrc.com\/fr\/solutions\/board-of-directors-annual-general-meeting\/\" \/>\n<meta property=\"og:locale\" content=\"fr_FR\" \/>\n<meta property=\"og:type\" content=\"article\" \/>\n<meta property=\"og:title\" content=\"R\u00e9union du conseil d\u2019administration et assembl\u00e9e g\u00e9n\u00e9rale annuelle - Fruit and Vegetable Dispute Resolution Corporation\" \/>\n<meta property=\"og:description\" content=\"La r\u00e9union du conseil d\u2019administration et l\u2019assembl\u00e9e g\u00e9n\u00e9rale annuelle des membres de la DRC a eu lieu \u00e0 Qu\u00e9bec, au Canada, les 23 et 24 mai 2019. La DRC a fait rapport au conseil d\u2019administration et aux membres de ses principales priorit\u00e9s, dont son nouveau r\u00f4le en vertu de la Loi sur la salubrit\u00e9 des [&hellip;]\" \/>\n<meta property=\"og:url\" content=\"https:\/\/www.fvdrc.com\/fr\/solutions\/board-of-directors-annual-general-meeting\/\" \/>\n<meta property=\"og:site_name\" content=\"Fruit and Vegetable Dispute Resolution Corporation\" \/>\n<meta property=\"article:published_time\" content=\"2019-07-17T15:02:22+00:00\" \/>\n<meta property=\"article:modified_time\" content=\"2020-06-18T18:57:24+00:00\" \/>\n<meta property=\"og:image\" content=\"https:\/\/secureservercdn.net\/104.238.70.184\/t8t.979.mwp.accessdomain.com\/wp-content\/uploads\/2017\/05\/board_meeting.jpg?time=1662086419\" \/>\n\t<meta property=\"og:image:width\" content=\"400\" \/>\n\t<meta property=\"og:image:height\" content=\"250\" \/>\n\t<meta property=\"og:image:type\" content=\"image\/jpeg\" \/>\n<meta name=\"author\" content=\"DRC\" \/>\n<meta name=\"twitter:card\" content=\"summary_large_image\" \/>\n<meta name=\"twitter:label1\" content=\"Written by\" \/>\n\t<meta name=\"twitter:data1\" content=\"DRC\" \/>\n\t<meta name=\"twitter:label2\" content=\"Est. reading time\" \/>\n\t<meta name=\"twitter:data2\" content=\"1 minute\" \/>\n<script type=\"application\/ld+json\" class=\"yoast-schema-graph\">{\"@context\":\"https:\\\/\\\/schema.org\",\"@graph\":[{\"@type\":\"Article\",\"@id\":\"https:\\\/\\\/www.fvdrc.com\\\/fr\\\/solutions\\\/board-of-directors-annual-general-meeting\\\/#article\",\"isPartOf\":{\"@id\":\"https:\\\/\\\/www.fvdrc.com\\\/fr\\\/solutions\\\/board-of-directors-annual-general-meeting\\\/\"},\"author\":{\"name\":\"DRC\",\"@id\":\"https:\\\/\\\/fvdrc.com\\\/#\\\/schema\\\/person\\\/9a44a987eaca5b14f726e1f34a984383\"},\"headline\":\"R\u00e9union du conseil d\u2019administration et assembl\u00e9e g\u00e9n\u00e9rale annuelle\",\"datePublished\":\"2019-07-17T15:02:22+00:00\",\"dateModified\":\"2020-06-18T18:57:24+00:00\",\"mainEntityOfPage\":{\"@id\":\"https:\\\/\\\/www.fvdrc.com\\\/fr\\\/solutions\\\/board-of-directors-annual-general-meeting\\\/\"},\"wordCount\":279,\"commentCount\":0,\"publisher\":{\"@id\":\"https:\\\/\\\/fvdrc.com\\\/#organization\"},\"image\":{\"@id\":\"https:\\\/\\\/www.fvdrc.com\\\/fr\\\/solutions\\\/board-of-directors-annual-general-meeting\\\/#primaryimage\"},\"thumbnailUrl\":\"https:\\\/\\\/fvdrc.com\\\/wp-content\\\/uploads\\\/2017\\\/05\\\/board_meeting.jpg\",\"inLanguage\":\"fr-FR\",\"potentialAction\":[{\"@type\":\"CommentAction\",\"name\":\"Comment\",\"target\":[\"https:\\\/\\\/www.fvdrc.com\\\/fr\\\/solutions\\\/board-of-directors-annual-general-meeting\\\/#respond\"]}]},{\"@type\":\"WebPage\",\"@id\":\"https:\\\/\\\/www.fvdrc.com\\\/fr\\\/solutions\\\/board-of-directors-annual-general-meeting\\\/\",\"url\":\"https:\\\/\\\/www.fvdrc.com\\\/fr\\\/solutions\\\/board-of-directors-annual-general-meeting\\\/\",\"name\":\"R\u00e9union du conseil d\u2019administration et assembl\u00e9e g\u00e9n\u00e9rale annuelle - Fruit and Vegetable Dispute Resolution Corporation\",\"isPartOf\":{\"@id\":\"https:\\\/\\\/fvdrc.com\\\/#website\"},\"primaryImageOfPage\":{\"@id\":\"https:\\\/\\\/www.fvdrc.com\\\/fr\\\/solutions\\\/board-of-directors-annual-general-meeting\\\/#primaryimage\"},\"image\":{\"@id\":\"https:\\\/\\\/www.fvdrc.com\\\/fr\\\/solutions\\\/board-of-directors-annual-general-meeting\\\/#primaryimage\"},\"thumbnailUrl\":\"https:\\\/\\\/fvdrc.com\\\/wp-content\\\/uploads\\\/2017\\\/05\\\/board_meeting.jpg\",\"datePublished\":\"2019-07-17T15:02:22+00:00\",\"dateModified\":\"2020-06-18T18:57:24+00:00\",\"breadcrumb\":{\"@id\":\"https:\\\/\\\/www.fvdrc.com\\\/fr\\\/solutions\\\/board-of-directors-annual-general-meeting\\\/#breadcrumb\"},\"inLanguage\":\"fr-FR\",\"potentialAction\":[{\"@type\":\"ReadAction\",\"target\":[\"https:\\\/\\\/www.fvdrc.com\\\/fr\\\/solutions\\\/board-of-directors-annual-general-meeting\\\/\"]}]},{\"@type\":\"ImageObject\",\"inLanguage\":\"fr-FR\",\"@id\":\"https:\\\/\\\/www.fvdrc.com\\\/fr\\\/solutions\\\/board-of-directors-annual-general-meeting\\\/#primaryimage\",\"url\":\"https:\\\/\\\/fvdrc.com\\\/wp-content\\\/uploads\\\/2017\\\/05\\\/board_meeting.jpg\",\"contentUrl\":\"https:\\\/\\\/fvdrc.com\\\/wp-content\\\/uploads\\\/2017\\\/05\\\/board_meeting.jpg\",\"width\":400,\"height\":250},{\"@type\":\"BreadcrumbList\",\"@id\":\"https:\\\/\\\/www.fvdrc.com\\\/fr\\\/solutions\\\/board-of-directors-annual-general-meeting\\\/#breadcrumb\",\"itemListElement\":[{\"@type\":\"ListItem\",\"position\":1,\"name\":\"Home\",\"item\":\"https:\\\/\\\/fvdrc.com\\\/fr\\\/\"},{\"@type\":\"ListItem\",\"position\":2,\"name\":\"R\u00e9union du conseil d\u2019administration et assembl\u00e9e g\u00e9n\u00e9rale annuelle\"}]},{\"@type\":\"WebSite\",\"@id\":\"https:\\\/\\\/fvdrc.com\\\/#website\",\"url\":\"https:\\\/\\\/fvdrc.com\\\/\",\"name\":\"Fruit and Vegetable Dispute Resolution Corporation\",\"description\":\"Trade with Confidence\",\"publisher\":{\"@id\":\"https:\\\/\\\/fvdrc.com\\\/#organization\"},\"potentialAction\":[{\"@type\":\"SearchAction\",\"target\":{\"@type\":\"EntryPoint\",\"urlTemplate\":\"https:\\\/\\\/fvdrc.com\\\/?s={search_term_string}\"},\"query-input\":{\"@type\":\"PropertyValueSpecification\",\"valueRequired\":true,\"valueName\":\"search_term_string\"}}],\"inLanguage\":\"fr-FR\"},{\"@type\":\"Organization\",\"@id\":\"https:\\\/\\\/fvdrc.com\\\/#organization\",\"name\":\"Fruit and Vegetable Dispute Resolution Corporation\",\"url\":\"https:\\\/\\\/fvdrc.com\\\/\",\"logo\":{\"@type\":\"ImageObject\",\"inLanguage\":\"fr-FR\",\"@id\":\"https:\\\/\\\/fvdrc.com\\\/#\\\/schema\\\/logo\\\/image\\\/\",\"url\":\"https:\\\/\\\/fvdrc.com\\\/wp-content\\\/uploads\\\/2020\\\/06\\\/DRC-logo@2x.png\",\"contentUrl\":\"https:\\\/\\\/fvdrc.com\\\/wp-content\\\/uploads\\\/2020\\\/06\\\/DRC-logo@2x.png\",\"width\":261,\"height\":140,\"caption\":\"Fruit and Vegetable Dispute Resolution Corporation\"},\"image\":{\"@id\":\"https:\\\/\\\/fvdrc.com\\\/#\\\/schema\\\/logo\\\/image\\\/\"}},{\"@type\":\"Person\",\"@id\":\"https:\\\/\\\/fvdrc.com\\\/#\\\/schema\\\/person\\\/9a44a987eaca5b14f726e1f34a984383\",\"name\":\"DRC\",\"image\":{\"@type\":\"ImageObject\",\"inLanguage\":\"fr-FR\",\"@id\":\"https:\\\/\\\/secure.gravatar.com\\\/avatar\\\/9e96b42d184bd365caaff20776303ccbfb18e624e781b687ee62ffd71e927990?s=96&d=mm&r=g\",\"url\":\"https:\\\/\\\/secure.gravatar.com\\\/avatar\\\/9e96b42d184bd365caaff20776303ccbfb18e624e781b687ee62ffd71e927990?s=96&d=mm&r=g\",\"contentUrl\":\"https:\\\/\\\/secure.gravatar.com\\\/avatar\\\/9e96b42d184bd365caaff20776303ccbfb18e624e781b687ee62ffd71e927990?s=96&d=mm&r=g\",\"caption\":\"DRC\"},\"url\":\"https:\\\/\\\/fvdrc.com\\\/fr\\\/solutions\\\/author\\\/drc\\\/\"}]}<\/script>\n<!-- \/ Yoast SEO plugin. -->","yoast_head_json":{"title":"R\u00e9union du conseil d\u2019administration et assembl\u00e9e g\u00e9n\u00e9rale annuelle - Fruit and Vegetable Dispute Resolution Corporation","robots":{"index":"index","follow":"follow","max-snippet":"max-snippet:-1","max-image-preview":"max-image-preview:large","max-video-preview":"max-video-preview:-1"},"canonical":"https:\/\/www.fvdrc.com\/fr\/solutions\/board-of-directors-annual-general-meeting\/","og_locale":"fr_FR","og_type":"article","og_title":"R\u00e9union du conseil d\u2019administration et assembl\u00e9e g\u00e9n\u00e9rale annuelle - Fruit and Vegetable Dispute Resolution Corporation","og_description":"La r\u00e9union du conseil d\u2019administration et l\u2019assembl\u00e9e g\u00e9n\u00e9rale annuelle des membres de la DRC a eu lieu \u00e0 Qu\u00e9bec, au Canada, les 23 et 24 mai 2019. La DRC a fait rapport au conseil d\u2019administration et aux membres de ses principales priorit\u00e9s, dont son nouveau r\u00f4le en vertu de la Loi sur la salubrit\u00e9 des [&hellip;]","og_url":"https:\/\/www.fvdrc.com\/fr\/solutions\/board-of-directors-annual-general-meeting\/","og_site_name":"Fruit and Vegetable Dispute Resolution Corporation","article_published_time":"2019-07-17T15:02:22+00:00","article_modified_time":"2020-06-18T18:57:24+00:00","og_image":[{"width":400,"height":250,"url":"https:\/\/secureservercdn.net\/104.238.70.184\/t8t.979.mwp.accessdomain.com\/wp-content\/uploads\/2017\/05\/board_meeting.jpg?time=1662086419","type":"image\/jpeg"}],"author":"DRC","twitter_card":"summary_large_image","twitter_misc":{"Written by":"DRC","Est. reading time":"1 minute"},"schema":{"@context":"https:\/\/schema.org","@graph":[{"@type":"Article","@id":"https:\/\/www.fvdrc.com\/fr\/solutions\/board-of-directors-annual-general-meeting\/#article","isPartOf":{"@id":"https:\/\/www.fvdrc.com\/fr\/solutions\/board-of-directors-annual-general-meeting\/"},"author":{"name":"DRC","@id":"https:\/\/fvdrc.com\/#\/schema\/person\/9a44a987eaca5b14f726e1f34a984383"},"headline":"R\u00e9union du conseil d\u2019administration et assembl\u00e9e g\u00e9n\u00e9rale annuelle","datePublished":"2019-07-17T15:02:22+00:00","dateModified":"2020-06-18T18:57:24+00:00","mainEntityOfPage":{"@id":"https:\/\/www.fvdrc.com\/fr\/solutions\/board-of-directors-annual-general-meeting\/"},"wordCount":279,"commentCount":0,"publisher":{"@id":"https:\/\/fvdrc.com\/#organization"},"image":{"@id":"https:\/\/www.fvdrc.com\/fr\/solutions\/board-of-directors-annual-general-meeting\/#primaryimage"},"thumbnailUrl":"https:\/\/fvdrc.com\/wp-content\/uploads\/2017\/05\/board_meeting.jpg","inLanguage":"fr-FR","potentialAction":[{"@type":"CommentAction","name":"Comment","target":["https:\/\/www.fvdrc.com\/fr\/solutions\/board-of-directors-annual-general-meeting\/#respond"]}]},{"@type":"WebPage","@id":"https:\/\/www.fvdrc.com\/fr\/solutions\/board-of-directors-annual-general-meeting\/","url":"https:\/\/www.fvdrc.com\/fr\/solutions\/board-of-directors-annual-general-meeting\/","name":"R\u00e9union du conseil d\u2019administration et assembl\u00e9e g\u00e9n\u00e9rale annuelle - Fruit and Vegetable Dispute Resolution Corporation","isPartOf":{"@id":"https:\/\/fvdrc.com\/#website"},"primaryImageOfPage":{"@id":"https:\/\/www.fvdrc.com\/fr\/solutions\/board-of-directors-annual-general-meeting\/#primaryimage"},"image":{"@id":"https:\/\/www.fvdrc.com\/fr\/solutions\/board-of-directors-annual-general-meeting\/#primaryimage"},"thumbnailUrl":"https:\/\/fvdrc.com\/wp-content\/uploads\/2017\/05\/board_meeting.jpg","datePublished":"2019-07-17T15:02:22+00:00","dateModified":"2020-06-18T18:57:24+00:00","breadcrumb":{"@id":"https:\/\/www.fvdrc.com\/fr\/solutions\/board-of-directors-annual-general-meeting\/#breadcrumb"},"inLanguage":"fr-FR","potentialAction":[{"@type":"ReadAction","target":["https:\/\/www.fvdrc.com\/fr\/solutions\/board-of-directors-annual-general-meeting\/"]}]},{"@type":"ImageObject","inLanguage":"fr-FR","@id":"https:\/\/www.fvdrc.com\/fr\/solutions\/board-of-directors-annual-general-meeting\/#primaryimage","url":"https:\/\/fvdrc.com\/wp-content\/uploads\/2017\/05\/board_meeting.jpg","contentUrl":"https:\/\/fvdrc.com\/wp-content\/uploads\/2017\/05\/board_meeting.jpg","width":400,"height":250},{"@type":"BreadcrumbList","@id":"https:\/\/www.fvdrc.com\/fr\/solutions\/board-of-directors-annual-general-meeting\/#breadcrumb","itemListElement":[{"@type":"ListItem","position":1,"name":"Home","item":"https:\/\/fvdrc.com\/fr\/"},{"@type":"ListItem","position":2,"name":"R\u00e9union du conseil d\u2019administration et assembl\u00e9e g\u00e9n\u00e9rale annuelle"}]},{"@type":"WebSite","@id":"https:\/\/fvdrc.com\/#website","url":"https:\/\/fvdrc.com\/","name":"Fruit and Vegetable Dispute Resolution Corporation","description":"Trade with Confidence","publisher":{"@id":"https:\/\/fvdrc.com\/#organization"},"potentialAction":[{"@type":"SearchAction","target":{"@type":"EntryPoint","urlTemplate":"https:\/\/fvdrc.com\/?s={search_term_string}"},"query-input":{"@type":"PropertyValueSpecification","valueRequired":true,"valueName":"search_term_string"}}],"inLanguage":"fr-FR"},{"@type":"Organization","@id":"https:\/\/fvdrc.com\/#organization","name":"Fruit and Vegetable Dispute Resolution Corporation","url":"https:\/\/fvdrc.com\/","logo":{"@type":"ImageObject","inLanguage":"fr-FR","@id":"https:\/\/fvdrc.com\/#\/schema\/logo\/image\/","url":"https:\/\/fvdrc.com\/wp-content\/uploads\/2020\/06\/DRC-logo@2x.png","contentUrl":"https:\/\/fvdrc.com\/wp-content\/uploads\/2020\/06\/DRC-logo@2x.png","width":261,"height":140,"caption":"Fruit and Vegetable Dispute Resolution Corporation"},"image":{"@id":"https:\/\/fvdrc.com\/#\/schema\/logo\/image\/"}},{"@type":"Person","@id":"https:\/\/fvdrc.com\/#\/schema\/person\/9a44a987eaca5b14f726e1f34a984383","name":"DRC","image":{"@type":"ImageObject","inLanguage":"fr-FR","@id":"https:\/\/secure.gravatar.com\/avatar\/9e96b42d184bd365caaff20776303ccbfb18e624e781b687ee62ffd71e927990?s=96&d=mm&r=g","url":"https:\/\/secure.gravatar.com\/avatar\/9e96b42d184bd365caaff20776303ccbfb18e624e781b687ee62ffd71e927990?s=96&d=mm&r=g","contentUrl":"https:\/\/secure.gravatar.com\/avatar\/9e96b42d184bd365caaff20776303ccbfb18e624e781b687ee62ffd71e927990?s=96&d=mm&r=g","caption":"DRC"},"url":"https:\/\/fvdrc.com\/fr\/solutions\/author\/drc\/"}]}},"featured_image_src":"https:\/\/fvdrc.com\/wp-content\/uploads\/2017\/05\/board_meeting.jpg","featured_image_src_square":"https:\/\/fvdrc.com\/wp-content\/uploads\/2017\/05\/board_meeting.jpg","author_info":{"display_name":"DRC","author_link":"https:\/\/fvdrc.com\/fr\/solutions\/author\/drc\/"},"uagb_featured_image_src":{"full":["https:\/\/fvdrc.com\/wp-content\/uploads\/2017\/05\/board_meeting.jpg",400,250,false],"thumbnail":["https:\/\/fvdrc.com\/wp-content\/uploads\/2017\/05\/board_meeting.jpg",150,94,false],"medium":["https:\/\/fvdrc.com\/wp-content\/uploads\/2017\/05\/board_meeting.jpg",300,188,false],"medium_large":["https:\/\/fvdrc.com\/wp-content\/uploads\/2017\/05\/board_meeting.jpg",400,250,false],"large":["https:\/\/fvdrc.com\/wp-content\/uploads\/2017\/05\/board_meeting.jpg",400,250,false],"gs-tiny":["https:\/\/fvdrc.com\/wp-content\/uploads\/2017\/05\/board_meeting.jpg",50,31,false],"xl":["https:\/\/fvdrc.com\/wp-content\/uploads\/2017\/05\/board_meeting.jpg",400,250,false],"xxl":["https:\/\/fvdrc.com\/wp-content\/uploads\/2017\/05\/board_meeting.jpg",400,250,false],"xxxl":["https:\/\/fvdrc.com\/wp-content\/uploads\/2017\/05\/board_meeting.jpg",400,250,false],"xxxxl":["https:\/\/fvdrc.com\/wp-content\/uploads\/2017\/05\/board_meeting.jpg",400,250,false],"xxxxxl":["https:\/\/fvdrc.com\/wp-content\/uploads\/2017\/05\/board_meeting.jpg",400,250,false],"1536x1536":["https:\/\/fvdrc.com\/wp-content\/uploads\/2017\/05\/board_meeting.jpg",400,250,false],"2048x2048":["https:\/\/fvdrc.com\/wp-content\/uploads\/2017\/05\/board_meeting.jpg",400,250,false],"gb-block-post-grid-landscape":["https:\/\/fvdrc.com\/wp-content\/uploads\/2017\/05\/board_meeting.jpg",400,250,false],"gb-block-post-grid-square":["https:\/\/fvdrc.com\/wp-content\/uploads\/2017\/05\/board_meeting.jpg",400,250,false],"post-thumbnail":["https:\/\/fvdrc.com\/wp-content\/uploads\/2017\/05\/board_meeting.jpg",400,250,false],"twentytwenty-fullscreen":["https:\/\/fvdrc.com\/wp-content\/uploads\/2017\/05\/board_meeting.jpg",400,250,false]},"uagb_author_info":{"display_name":"DRC","author_link":"https:\/\/fvdrc.com\/fr\/solutions\/author\/drc\/"},"uagb_comment_info":0,"uagb_excerpt":"La r\u00e9union du conseil d\u2019administration et l\u2019assembl\u00e9e g\u00e9n\u00e9rale annuelle des membres de la DRC a eu lieu \u00e0 Qu\u00e9bec, au Canada, les 23 et 24 mai 2019. La DRC a fait rapport au conseil d\u2019administration et aux membres de ses principales priorit\u00e9s, dont son nouveau r\u00f4le en vertu de la Loi sur la salubrit\u00e9 des&hellip;","_links":{"self":[{"href":"https:\/\/fvdrc.com\/fr\/wp-json\/wp\/v2\/posts\/2249","targetHints":{"allow":["GET"]}}],"collection":[{"href":"https:\/\/fvdrc.com\/fr\/wp-json\/wp\/v2\/posts"}],"about":[{"href":"https:\/\/fvdrc.com\/fr\/wp-json\/wp\/v2\/types\/post"}],"author":[{"embeddable":true,"href":"https:\/\/fvdrc.com\/fr\/wp-json\/wp\/v2\/users\/2"}],"replies":[{"embeddable":true,"href":"https:\/\/fvdrc.com\/fr\/wp-json\/wp\/v2\/comments?post=2249"}],"version-history":[{"count":1,"href":"https:\/\/fvdrc.com\/fr\/wp-json\/wp\/v2\/posts\/2249\/revisions"}],"predecessor-version":[{"id":3374,"href":"https:\/\/fvdrc.com\/fr\/wp-json\/wp\/v2\/posts\/2249\/revisions\/3374"}],"wp:featuredmedia":[{"embeddable":true,"href":"https:\/\/fvdrc.com\/fr\/wp-json\/wp\/v2\/media\/999"}],"wp:attachment":[{"href":"https:\/\/fvdrc.com\/fr\/wp-json\/wp\/v2\/media?parent=2249"}],"wp:term":[{"taxonomy":"category","embeddable":true,"href":"https:\/\/fvdrc.com\/fr\/wp-json\/wp\/v2\/categories?post=2249"},{"taxonomy":"post_tag","embeddable":true,"href":"https:\/\/fvdrc.com\/fr\/wp-json\/wp\/v2\/tags?post=2249"}],"curies":[{"name":"wp","href":"https:\/\/api.w.org\/{rel}","templated":true}]}}