{"id":1906,"date":"2018-11-13T11:21:55","date_gmt":"2018-11-13T16:21:55","guid":{"rendered":"https:\/\/www.fvdrc.com\/solutions\/first-steps-europe\/"},"modified":"2020-06-18T14:56:45","modified_gmt":"2020-06-18T18:56:45","slug":"first-steps-europe","status":"publish","type":"post","link":"https:\/\/fvdrc.com\/fr\/solutions\/first-steps-europe\/","title":{"rendered":"Les premiers pas en Europe"},"content":{"rendered":"<p>Depuis l\u2019\u00e9tablissement de la DRC \u00e0 titre d\u2019organisme de r\u00e8glement des diff\u00e9rends commerciaux entre les entreprises nord-am\u00e9ricaines priv\u00e9es, en 1999, ses efforts de mise en march\u00e9 ont surtout consist\u00e9 en sa participation \u00e0 un large \u00e9ventail d\u2019\u00e9v\u00e9nements, de foires commerciales et de congr\u00e8s sectoriels au Canada, aux \u00c9tats-Unis et au Mexique. La DRC fait \u00e9galement la promotion de sa gamme de services en Am\u00e9rique centrale et en Am\u00e9rique du Sud en participant \u00e0 des webinaires et des s\u00e9minaires o\u00f9 nous sommes invit\u00e9s par le bureau de promotion du commerce ou une autre organisation du pays h\u00f4te. En cons\u00e9quence, les adh\u00e9sions ont augment\u00e9 dans cette zone.<\/p>\n<p>Au cours des derni\u00e8res ann\u00e9es, le nombre de membres provenant d\u2019Europe s\u2019est accru, notamment gr\u00e2ce au commerce extraterritorial d\u2019entreprises actuellement membres de la DRC. \u00c0 sa r\u00e9union de juillet 2018, le conseil d\u2019administration a abord\u00e9 l\u2019id\u00e9e d\u2019\u00e9largir son rayonnement sur le Vieux Continent et Jaime Bustamante, le gestionnaire de l\u2019assistance commerciale, a r\u00e9cemment pris part \u00e0 la Fruit Attraction \u00e0 Madrid, en Espagne, o\u00f9 il a eu l\u2019occasion de rencontrer plusieurs entreprises qui exportent vers l\u2019Am\u00e9rique du Nord, de m\u00eame qu\u2019un certain nombre de membres europ\u00e9ens de la DRC. Il s\u2019est dit tr\u00e8s impressionn\u00e9 par la qualit\u00e9 de la foire commerciale et l\u2019assistance, de m\u00eame que par l\u2019int\u00e9r\u00eat \u00e0 l\u2019\u00e9gard de la DRC et des services qu\u2019elle offre.<\/p>\n<p>C\u2019\u00e9tait la premi\u00e8re visite de la DRC en Europe alors qu\u2019elle cherche \u00e0 procurer davantage de valeur \u00e0 ses membres actuels qui transigent avec des firmes europ\u00e9ennes. Venez nous voir au pavillon canadien lors de la Fruit Logistica qui aura lieu en f\u00e9vrier 2019, tandis que nous continuons \u00e0 examiner et \u00e9valuer les diff\u00e9rentes possibilit\u00e9s qui s\u2019offrent \u00e0 la DRC et \u00e0 ses membres.<\/p>\n","protected":false},"excerpt":{"rendered":"<p>Depuis l\u2019\u00e9tablissement de la DRC \u00e0 titre d\u2019organisme de r\u00e8glement des diff\u00e9rends commerciaux entre les entreprises nord-am\u00e9ricaines priv\u00e9es, en 1999, ses efforts de mise en march\u00e9 ont surtout consist\u00e9 en sa participation \u00e0 un large \u00e9ventail d\u2019\u00e9v\u00e9nements, de foires commerciales et de congr\u00e8s sectoriels au Canada, aux \u00c9tats-Unis et au Mexique. La DRC fait \u00e9galement [&hellip;]<\/p>\n","protected":false},"author":2,"featured_media":1896,"comment_status":"open","ping_status":"open","sticky":false,"template":"","format":"standard","meta":{"_acf_changed":false,"_coblocks_attr":"","_coblocks_dimensions":"","_coblocks_responsive_height":"","_coblocks_accordion_ie_support":"","om_disable_all_campaigns":false,"_uag_custom_page_level_css":"","_monsterinsights_skip_tracking":false,"_monsterinsights_sitenote_active":false,"_monsterinsights_sitenote_note":"","_monsterinsights_sitenote_category":0,"_uf_show_specific_survey":0,"_uf_disable_surveys":false,"footnotes":"","_wpscppro_dont_share_socialmedia":false,"_wpscppro_custom_social_share_image":0,"_facebook_share_type":"","_twitter_share_type":"","_linkedin_share_type":"","_pinterest_share_type":"","_linkedin_share_type_page":"","_instagram_share_type":"","_medium_share_type":"","_threads_share_type":"","_google_business_share_type":"","_selected_social_profile":[],"_wpsp_enable_custom_social_template":false,"_wpsp_social_scheduling":{"enabled":false,"datetime":null,"platforms":[],"status":"template_only","dateOption":"today","timeOption":"now","customDays":"","customHours":"","customDate":"","customTime":"","schedulingType":"absolute"},"_wpsp_active_default_template":true},"categories":[2,2],"tags":[],"class_list":["post-1906","post","type-post","status-publish","format-standard","has-post-thumbnail","hentry","category-non-classifiee"],"acf":[],"aioseo_notices":[],"yoast_head":"<!-- This site is optimized with the Yoast SEO plugin v27.4 - https:\/\/yoast.com\/product\/yoast-seo-wordpress\/ -->\n<title>Les premiers pas en Europe - Fruit and Vegetable Dispute Resolution Corporation<\/title>\n<meta name=\"robots\" content=\"index, follow, max-snippet:-1, max-image-preview:large, max-video-preview:-1\" \/>\n<link rel=\"canonical\" href=\"https:\/\/www.fvdrc.com\/fr\/solutions\/first-steps-europe\/\" \/>\n<meta property=\"og:locale\" content=\"fr_FR\" \/>\n<meta property=\"og:type\" content=\"article\" \/>\n<meta property=\"og:title\" content=\"Les premiers pas en Europe - Fruit and Vegetable Dispute Resolution Corporation\" \/>\n<meta property=\"og:description\" content=\"Depuis l\u2019\u00e9tablissement de la DRC \u00e0 titre d\u2019organisme de r\u00e8glement des diff\u00e9rends commerciaux entre les entreprises nord-am\u00e9ricaines priv\u00e9es, en 1999, ses efforts de mise en march\u00e9 ont surtout consist\u00e9 en sa participation \u00e0 un large \u00e9ventail d\u2019\u00e9v\u00e9nements, de foires commerciales et de congr\u00e8s sectoriels au Canada, aux \u00c9tats-Unis et au Mexique. La DRC fait \u00e9galement [&hellip;]\" \/>\n<meta property=\"og:url\" content=\"https:\/\/www.fvdrc.com\/fr\/solutions\/first-steps-europe\/\" \/>\n<meta property=\"og:site_name\" content=\"Fruit and Vegetable Dispute Resolution Corporation\" \/>\n<meta property=\"article:published_time\" content=\"2018-11-13T16:21:55+00:00\" \/>\n<meta property=\"article:modified_time\" content=\"2020-06-18T18:56:45+00:00\" \/>\n<meta property=\"og:image\" content=\"https:\/\/secureservercdn.net\/104.238.70.184\/t8t.979.mwp.accessdomain.com\/wp-content\/uploads\/2018\/11\/Fruit.Attraction_picture.jpg?time=1662217403\" \/>\n\t<meta property=\"og:image:width\" content=\"400\" \/>\n\t<meta property=\"og:image:height\" content=\"250\" \/>\n\t<meta property=\"og:image:type\" content=\"image\/jpeg\" \/>\n<meta name=\"author\" content=\"DRC\" \/>\n<meta name=\"twitter:card\" content=\"summary_large_image\" \/>\n<meta name=\"twitter:label1\" content=\"Written by\" \/>\n\t<meta name=\"twitter:data1\" content=\"DRC\" \/>\n\t<meta name=\"twitter:label2\" content=\"Est. reading time\" \/>\n\t<meta name=\"twitter:data2\" content=\"2 minutes\" \/>\n<script type=\"application\/ld+json\" class=\"yoast-schema-graph\">{\"@context\":\"https:\\\/\\\/schema.org\",\"@graph\":[{\"@type\":\"Article\",\"@id\":\"https:\\\/\\\/www.fvdrc.com\\\/fr\\\/solutions\\\/first-steps-europe\\\/#article\",\"isPartOf\":{\"@id\":\"https:\\\/\\\/www.fvdrc.com\\\/fr\\\/solutions\\\/first-steps-europe\\\/\"},\"author\":{\"name\":\"DRC\",\"@id\":\"https:\\\/\\\/fvdrc.com\\\/#\\\/schema\\\/person\\\/9a44a987eaca5b14f726e1f34a984383\"},\"headline\":\"Les premiers pas en Europe\",\"datePublished\":\"2018-11-13T16:21:55+00:00\",\"dateModified\":\"2020-06-18T18:56:45+00:00\",\"mainEntityOfPage\":{\"@id\":\"https:\\\/\\\/www.fvdrc.com\\\/fr\\\/solutions\\\/first-steps-europe\\\/\"},\"wordCount\":329,\"commentCount\":0,\"publisher\":{\"@id\":\"https:\\\/\\\/fvdrc.com\\\/#organization\"},\"image\":{\"@id\":\"https:\\\/\\\/www.fvdrc.com\\\/fr\\\/solutions\\\/first-steps-europe\\\/#primaryimage\"},\"thumbnailUrl\":\"https:\\\/\\\/fvdrc.com\\\/wp-content\\\/uploads\\\/2018\\\/11\\\/Fruit.Attraction_picture.jpg\",\"articleSection\":[\"Non classifi\u00e9(e)\",\"Non classifi\u00e9(e)\"],\"inLanguage\":\"fr-FR\",\"potentialAction\":[{\"@type\":\"CommentAction\",\"name\":\"Comment\",\"target\":[\"https:\\\/\\\/www.fvdrc.com\\\/fr\\\/solutions\\\/first-steps-europe\\\/#respond\"]}]},{\"@type\":\"WebPage\",\"@id\":\"https:\\\/\\\/www.fvdrc.com\\\/fr\\\/solutions\\\/first-steps-europe\\\/\",\"url\":\"https:\\\/\\\/www.fvdrc.com\\\/fr\\\/solutions\\\/first-steps-europe\\\/\",\"name\":\"Les premiers pas en Europe - Fruit and Vegetable Dispute Resolution Corporation\",\"isPartOf\":{\"@id\":\"https:\\\/\\\/fvdrc.com\\\/#website\"},\"primaryImageOfPage\":{\"@id\":\"https:\\\/\\\/www.fvdrc.com\\\/fr\\\/solutions\\\/first-steps-europe\\\/#primaryimage\"},\"image\":{\"@id\":\"https:\\\/\\\/www.fvdrc.com\\\/fr\\\/solutions\\\/first-steps-europe\\\/#primaryimage\"},\"thumbnailUrl\":\"https:\\\/\\\/fvdrc.com\\\/wp-content\\\/uploads\\\/2018\\\/11\\\/Fruit.Attraction_picture.jpg\",\"datePublished\":\"2018-11-13T16:21:55+00:00\",\"dateModified\":\"2020-06-18T18:56:45+00:00\",\"breadcrumb\":{\"@id\":\"https:\\\/\\\/www.fvdrc.com\\\/fr\\\/solutions\\\/first-steps-europe\\\/#breadcrumb\"},\"inLanguage\":\"fr-FR\",\"potentialAction\":[{\"@type\":\"ReadAction\",\"target\":[\"https:\\\/\\\/www.fvdrc.com\\\/fr\\\/solutions\\\/first-steps-europe\\\/\"]}]},{\"@type\":\"ImageObject\",\"inLanguage\":\"fr-FR\",\"@id\":\"https:\\\/\\\/www.fvdrc.com\\\/fr\\\/solutions\\\/first-steps-europe\\\/#primaryimage\",\"url\":\"https:\\\/\\\/fvdrc.com\\\/wp-content\\\/uploads\\\/2018\\\/11\\\/Fruit.Attraction_picture.jpg\",\"contentUrl\":\"https:\\\/\\\/fvdrc.com\\\/wp-content\\\/uploads\\\/2018\\\/11\\\/Fruit.Attraction_picture.jpg\",\"width\":400,\"height\":250},{\"@type\":\"BreadcrumbList\",\"@id\":\"https:\\\/\\\/www.fvdrc.com\\\/fr\\\/solutions\\\/first-steps-europe\\\/#breadcrumb\",\"itemListElement\":[{\"@type\":\"ListItem\",\"position\":1,\"name\":\"Home\",\"item\":\"https:\\\/\\\/fvdrc.com\\\/fr\\\/\"},{\"@type\":\"ListItem\",\"position\":2,\"name\":\"Les premiers pas en Europe\"}]},{\"@type\":\"WebSite\",\"@id\":\"https:\\\/\\\/fvdrc.com\\\/#website\",\"url\":\"https:\\\/\\\/fvdrc.com\\\/\",\"name\":\"Fruit and Vegetable Dispute Resolution Corporation\",\"description\":\"Trade with Confidence\",\"publisher\":{\"@id\":\"https:\\\/\\\/fvdrc.com\\\/#organization\"},\"potentialAction\":[{\"@type\":\"SearchAction\",\"target\":{\"@type\":\"EntryPoint\",\"urlTemplate\":\"https:\\\/\\\/fvdrc.com\\\/?s={search_term_string}\"},\"query-input\":{\"@type\":\"PropertyValueSpecification\",\"valueRequired\":true,\"valueName\":\"search_term_string\"}}],\"inLanguage\":\"fr-FR\"},{\"@type\":\"Organization\",\"@id\":\"https:\\\/\\\/fvdrc.com\\\/#organization\",\"name\":\"Fruit and Vegetable Dispute Resolution Corporation\",\"url\":\"https:\\\/\\\/fvdrc.com\\\/\",\"logo\":{\"@type\":\"ImageObject\",\"inLanguage\":\"fr-FR\",\"@id\":\"https:\\\/\\\/fvdrc.com\\\/#\\\/schema\\\/logo\\\/image\\\/\",\"url\":\"https:\\\/\\\/fvdrc.com\\\/wp-content\\\/uploads\\\/2020\\\/06\\\/DRC-logo@2x.png\",\"contentUrl\":\"https:\\\/\\\/fvdrc.com\\\/wp-content\\\/uploads\\\/2020\\\/06\\\/DRC-logo@2x.png\",\"width\":261,\"height\":140,\"caption\":\"Fruit and Vegetable Dispute Resolution Corporation\"},\"image\":{\"@id\":\"https:\\\/\\\/fvdrc.com\\\/#\\\/schema\\\/logo\\\/image\\\/\"}},{\"@type\":\"Person\",\"@id\":\"https:\\\/\\\/fvdrc.com\\\/#\\\/schema\\\/person\\\/9a44a987eaca5b14f726e1f34a984383\",\"name\":\"DRC\",\"image\":{\"@type\":\"ImageObject\",\"inLanguage\":\"fr-FR\",\"@id\":\"https:\\\/\\\/secure.gravatar.com\\\/avatar\\\/9e96b42d184bd365caaff20776303ccbfb18e624e781b687ee62ffd71e927990?s=96&d=mm&r=g\",\"url\":\"https:\\\/\\\/secure.gravatar.com\\\/avatar\\\/9e96b42d184bd365caaff20776303ccbfb18e624e781b687ee62ffd71e927990?s=96&d=mm&r=g\",\"contentUrl\":\"https:\\\/\\\/secure.gravatar.com\\\/avatar\\\/9e96b42d184bd365caaff20776303ccbfb18e624e781b687ee62ffd71e927990?s=96&d=mm&r=g\",\"caption\":\"DRC\"},\"url\":\"https:\\\/\\\/fvdrc.com\\\/fr\\\/solutions\\\/author\\\/drc\\\/\"}]}<\/script>\n<!-- \/ Yoast SEO plugin. -->","yoast_head_json":{"title":"Les premiers pas en Europe - Fruit and Vegetable Dispute Resolution Corporation","robots":{"index":"index","follow":"follow","max-snippet":"max-snippet:-1","max-image-preview":"max-image-preview:large","max-video-preview":"max-video-preview:-1"},"canonical":"https:\/\/www.fvdrc.com\/fr\/solutions\/first-steps-europe\/","og_locale":"fr_FR","og_type":"article","og_title":"Les premiers pas en Europe - Fruit and Vegetable Dispute Resolution Corporation","og_description":"Depuis l\u2019\u00e9tablissement de la DRC \u00e0 titre d\u2019organisme de r\u00e8glement des diff\u00e9rends commerciaux entre les entreprises nord-am\u00e9ricaines priv\u00e9es, en 1999, ses efforts de mise en march\u00e9 ont surtout consist\u00e9 en sa participation \u00e0 un large \u00e9ventail d\u2019\u00e9v\u00e9nements, de foires commerciales et de congr\u00e8s sectoriels au Canada, aux \u00c9tats-Unis et au Mexique. La DRC fait \u00e9galement [&hellip;]","og_url":"https:\/\/www.fvdrc.com\/fr\/solutions\/first-steps-europe\/","og_site_name":"Fruit and Vegetable Dispute Resolution Corporation","article_published_time":"2018-11-13T16:21:55+00:00","article_modified_time":"2020-06-18T18:56:45+00:00","og_image":[{"width":400,"height":250,"url":"https:\/\/secureservercdn.net\/104.238.70.184\/t8t.979.mwp.accessdomain.com\/wp-content\/uploads\/2018\/11\/Fruit.Attraction_picture.jpg?time=1662217403","type":"image\/jpeg"}],"author":"DRC","twitter_card":"summary_large_image","twitter_misc":{"Written by":"DRC","Est. reading time":"2 minutes"},"schema":{"@context":"https:\/\/schema.org","@graph":[{"@type":"Article","@id":"https:\/\/www.fvdrc.com\/fr\/solutions\/first-steps-europe\/#article","isPartOf":{"@id":"https:\/\/www.fvdrc.com\/fr\/solutions\/first-steps-europe\/"},"author":{"name":"DRC","@id":"https:\/\/fvdrc.com\/#\/schema\/person\/9a44a987eaca5b14f726e1f34a984383"},"headline":"Les premiers pas en Europe","datePublished":"2018-11-13T16:21:55+00:00","dateModified":"2020-06-18T18:56:45+00:00","mainEntityOfPage":{"@id":"https:\/\/www.fvdrc.com\/fr\/solutions\/first-steps-europe\/"},"wordCount":329,"commentCount":0,"publisher":{"@id":"https:\/\/fvdrc.com\/#organization"},"image":{"@id":"https:\/\/www.fvdrc.com\/fr\/solutions\/first-steps-europe\/#primaryimage"},"thumbnailUrl":"https:\/\/fvdrc.com\/wp-content\/uploads\/2018\/11\/Fruit.Attraction_picture.jpg","articleSection":["Non classifi\u00e9(e)","Non classifi\u00e9(e)"],"inLanguage":"fr-FR","potentialAction":[{"@type":"CommentAction","name":"Comment","target":["https:\/\/www.fvdrc.com\/fr\/solutions\/first-steps-europe\/#respond"]}]},{"@type":"WebPage","@id":"https:\/\/www.fvdrc.com\/fr\/solutions\/first-steps-europe\/","url":"https:\/\/www.fvdrc.com\/fr\/solutions\/first-steps-europe\/","name":"Les premiers pas en Europe - Fruit and Vegetable Dispute Resolution Corporation","isPartOf":{"@id":"https:\/\/fvdrc.com\/#website"},"primaryImageOfPage":{"@id":"https:\/\/www.fvdrc.com\/fr\/solutions\/first-steps-europe\/#primaryimage"},"image":{"@id":"https:\/\/www.fvdrc.com\/fr\/solutions\/first-steps-europe\/#primaryimage"},"thumbnailUrl":"https:\/\/fvdrc.com\/wp-content\/uploads\/2018\/11\/Fruit.Attraction_picture.jpg","datePublished":"2018-11-13T16:21:55+00:00","dateModified":"2020-06-18T18:56:45+00:00","breadcrumb":{"@id":"https:\/\/www.fvdrc.com\/fr\/solutions\/first-steps-europe\/#breadcrumb"},"inLanguage":"fr-FR","potentialAction":[{"@type":"ReadAction","target":["https:\/\/www.fvdrc.com\/fr\/solutions\/first-steps-europe\/"]}]},{"@type":"ImageObject","inLanguage":"fr-FR","@id":"https:\/\/www.fvdrc.com\/fr\/solutions\/first-steps-europe\/#primaryimage","url":"https:\/\/fvdrc.com\/wp-content\/uploads\/2018\/11\/Fruit.Attraction_picture.jpg","contentUrl":"https:\/\/fvdrc.com\/wp-content\/uploads\/2018\/11\/Fruit.Attraction_picture.jpg","width":400,"height":250},{"@type":"BreadcrumbList","@id":"https:\/\/www.fvdrc.com\/fr\/solutions\/first-steps-europe\/#breadcrumb","itemListElement":[{"@type":"ListItem","position":1,"name":"Home","item":"https:\/\/fvdrc.com\/fr\/"},{"@type":"ListItem","position":2,"name":"Les premiers pas en Europe"}]},{"@type":"WebSite","@id":"https:\/\/fvdrc.com\/#website","url":"https:\/\/fvdrc.com\/","name":"Fruit and Vegetable Dispute Resolution Corporation","description":"Trade with Confidence","publisher":{"@id":"https:\/\/fvdrc.com\/#organization"},"potentialAction":[{"@type":"SearchAction","target":{"@type":"EntryPoint","urlTemplate":"https:\/\/fvdrc.com\/?s={search_term_string}"},"query-input":{"@type":"PropertyValueSpecification","valueRequired":true,"valueName":"search_term_string"}}],"inLanguage":"fr-FR"},{"@type":"Organization","@id":"https:\/\/fvdrc.com\/#organization","name":"Fruit and Vegetable Dispute Resolution Corporation","url":"https:\/\/fvdrc.com\/","logo":{"@type":"ImageObject","inLanguage":"fr-FR","@id":"https:\/\/fvdrc.com\/#\/schema\/logo\/image\/","url":"https:\/\/fvdrc.com\/wp-content\/uploads\/2020\/06\/DRC-logo@2x.png","contentUrl":"https:\/\/fvdrc.com\/wp-content\/uploads\/2020\/06\/DRC-logo@2x.png","width":261,"height":140,"caption":"Fruit and Vegetable Dispute Resolution Corporation"},"image":{"@id":"https:\/\/fvdrc.com\/#\/schema\/logo\/image\/"}},{"@type":"Person","@id":"https:\/\/fvdrc.com\/#\/schema\/person\/9a44a987eaca5b14f726e1f34a984383","name":"DRC","image":{"@type":"ImageObject","inLanguage":"fr-FR","@id":"https:\/\/secure.gravatar.com\/avatar\/9e96b42d184bd365caaff20776303ccbfb18e624e781b687ee62ffd71e927990?s=96&d=mm&r=g","url":"https:\/\/secure.gravatar.com\/avatar\/9e96b42d184bd365caaff20776303ccbfb18e624e781b687ee62ffd71e927990?s=96&d=mm&r=g","contentUrl":"https:\/\/secure.gravatar.com\/avatar\/9e96b42d184bd365caaff20776303ccbfb18e624e781b687ee62ffd71e927990?s=96&d=mm&r=g","caption":"DRC"},"url":"https:\/\/fvdrc.com\/fr\/solutions\/author\/drc\/"}]}},"featured_image_src":"https:\/\/fvdrc.com\/wp-content\/uploads\/2018\/11\/Fruit.Attraction_picture.jpg","featured_image_src_square":"https:\/\/fvdrc.com\/wp-content\/uploads\/2018\/11\/Fruit.Attraction_picture.jpg","author_info":{"display_name":"DRC","author_link":"https:\/\/fvdrc.com\/fr\/solutions\/author\/drc\/"},"uagb_featured_image_src":{"full":["https:\/\/fvdrc.com\/wp-content\/uploads\/2018\/11\/Fruit.Attraction_picture.jpg",400,250,false],"thumbnail":["https:\/\/fvdrc.com\/wp-content\/uploads\/2018\/11\/Fruit.Attraction_picture.jpg",150,94,false],"medium":["https:\/\/fvdrc.com\/wp-content\/uploads\/2018\/11\/Fruit.Attraction_picture.jpg",300,188,false],"medium_large":["https:\/\/fvdrc.com\/wp-content\/uploads\/2018\/11\/Fruit.Attraction_picture.jpg",400,250,false],"large":["https:\/\/fvdrc.com\/wp-content\/uploads\/2018\/11\/Fruit.Attraction_picture.jpg",400,250,false],"gs-tiny":["https:\/\/fvdrc.com\/wp-content\/uploads\/2018\/11\/Fruit.Attraction_picture.jpg",50,31,false],"xl":["https:\/\/fvdrc.com\/wp-content\/uploads\/2018\/11\/Fruit.Attraction_picture.jpg",400,250,false],"xxl":["https:\/\/fvdrc.com\/wp-content\/uploads\/2018\/11\/Fruit.Attraction_picture.jpg",400,250,false],"xxxl":["https:\/\/fvdrc.com\/wp-content\/uploads\/2018\/11\/Fruit.Attraction_picture.jpg",400,250,false],"xxxxl":["https:\/\/fvdrc.com\/wp-content\/uploads\/2018\/11\/Fruit.Attraction_picture.jpg",400,250,false],"xxxxxl":["https:\/\/fvdrc.com\/wp-content\/uploads\/2018\/11\/Fruit.Attraction_picture.jpg",400,250,false],"1536x1536":["https:\/\/fvdrc.com\/wp-content\/uploads\/2018\/11\/Fruit.Attraction_picture.jpg",400,250,false],"2048x2048":["https:\/\/fvdrc.com\/wp-content\/uploads\/2018\/11\/Fruit.Attraction_picture.jpg",400,250,false],"gb-block-post-grid-landscape":["https:\/\/fvdrc.com\/wp-content\/uploads\/2018\/11\/Fruit.Attraction_picture.jpg",400,250,false],"gb-block-post-grid-square":["https:\/\/fvdrc.com\/wp-content\/uploads\/2018\/11\/Fruit.Attraction_picture.jpg",400,250,false],"post-thumbnail":["https:\/\/fvdrc.com\/wp-content\/uploads\/2018\/11\/Fruit.Attraction_picture.jpg",400,250,false],"twentytwenty-fullscreen":["https:\/\/fvdrc.com\/wp-content\/uploads\/2018\/11\/Fruit.Attraction_picture.jpg",400,250,false]},"uagb_author_info":{"display_name":"DRC","author_link":"https:\/\/fvdrc.com\/fr\/solutions\/author\/drc\/"},"uagb_comment_info":0,"uagb_excerpt":"Depuis l\u2019\u00e9tablissement de la DRC \u00e0 titre d\u2019organisme de r\u00e8glement des diff\u00e9rends commerciaux entre les entreprises nord-am\u00e9ricaines priv\u00e9es, en 1999, ses efforts de mise en march\u00e9 ont surtout consist\u00e9 en sa participation \u00e0 un large \u00e9ventail d\u2019\u00e9v\u00e9nements, de foires commerciales et de congr\u00e8s sectoriels au Canada, aux \u00c9tats-Unis et au Mexique. La DRC fait \u00e9galement&hellip;","_links":{"self":[{"href":"https:\/\/fvdrc.com\/fr\/wp-json\/wp\/v2\/posts\/1906","targetHints":{"allow":["GET"]}}],"collection":[{"href":"https:\/\/fvdrc.com\/fr\/wp-json\/wp\/v2\/posts"}],"about":[{"href":"https:\/\/fvdrc.com\/fr\/wp-json\/wp\/v2\/types\/post"}],"author":[{"embeddable":true,"href":"https:\/\/fvdrc.com\/fr\/wp-json\/wp\/v2\/users\/2"}],"replies":[{"embeddable":true,"href":"https:\/\/fvdrc.com\/fr\/wp-json\/wp\/v2\/comments?post=1906"}],"version-history":[{"count":1,"href":"https:\/\/fvdrc.com\/fr\/wp-json\/wp\/v2\/posts\/1906\/revisions"}],"predecessor-version":[{"id":3281,"href":"https:\/\/fvdrc.com\/fr\/wp-json\/wp\/v2\/posts\/1906\/revisions\/3281"}],"wp:featuredmedia":[{"embeddable":true,"href":"https:\/\/fvdrc.com\/fr\/wp-json\/wp\/v2\/media\/1896"}],"wp:attachment":[{"href":"https:\/\/fvdrc.com\/fr\/wp-json\/wp\/v2\/media?parent=1906"}],"wp:term":[{"taxonomy":"category","embeddable":true,"href":"https:\/\/fvdrc.com\/fr\/wp-json\/wp\/v2\/categories?post=1906"},{"taxonomy":"post_tag","embeddable":true,"href":"https:\/\/fvdrc.com\/fr\/wp-json\/wp\/v2\/tags?post=1906"}],"curies":[{"name":"wp","href":"https:\/\/api.w.org\/{rel}","templated":true}]}}