{"id":1533,"date":"2018-03-29T11:07:49","date_gmt":"2018-03-29T15:07:49","guid":{"rendered":"https:\/\/www.fvdrc.com\/?p=1533"},"modified":"2020-06-18T14:56:10","modified_gmt":"2020-06-18T18:56:10","slug":"drc-cpma-april-24th-26th-vancouver-convention-centre","status":"publish","type":"post","link":"https:\/\/fvdrc.com\/fr\/solutions\/drc-cpma-april-24th-26th-vancouver-convention-centre\/","title":{"rendered":"DRC at CPMA April 24th-26th at the Vancouver Convention Centre"},"content":{"rendered":"<p>La DRC participera \u00e0 l\u2019Expo-congr\u00e8s 2018 de l\u2019ACDFL qui aura lieu au Vancouver Convention Center du 24 au 26 avril prochains. Venez saluer <a href=\"mailto:fwebber@fvdrc.com\">Fred Webber<\/a>, <a href=\"mailto:LMougeot@fvdrc.com\">Luc Mougeot<\/a>, <a href=\"mailto:abernier@fvdrc.com\">Andrea Bernier<\/a>, <a href=\"mailto:afowlie@fvdrc.com\">Anne Fowlie<\/a> et\u00a0<a href=\"mailto:pgonzalez@fvdrc.com\">Paola Gonzalez<\/a>\u00a0au kiosque 1259, ou fixez d\u2019avance une rencontre avec nous. Nous serons sur place pour r\u00e9pondre \u00e0 toutes vos questions concernant les changements r\u00e9glementaires qui s\u2019en viennent et affecteront les Canadiens.<\/p>\n<p>La proposition de <em>R\u00e8glement sur la salubrit\u00e9 des aliments au Canada <\/em>comprend plusieurs dispositions de toute premi\u00e8re importance pour les acheteurs et vendeurs de fruits et l\u00e9gumes frais, qui devraient entrer en vigueur en 2018. L\u2019adh\u00e9sion \u00e0 la DRC deviendra une exigence r\u00e9glementaire de l\u2019ACIA (l\u2019Agence canadienne d\u2019inspection des aliments) pour les Canadiens qui ach\u00e8tent, vendent, importent ou exportent des fruits et l\u00e9gumes frais, \u00e0 moins d\u2019en \u00eatre express\u00e9ment exempt\u00e9.<\/p>\n<p>Si vous n\u2019\u00eates pas capable de faire un saut au kiosque 1259, joignez-vous \u00e0 nous au salon d\u2019apprentissage sur le plancher de l\u2019Expo-congr\u00e8s. Le jeudi 26 avril, de midi trente \u00e0 13h.<\/p>\n<p>Pour en savoir davantage, veuillez communiquer avec nous.<\/p>\n<p>Le bureau d\u2019assistance de la DRC | 613-234-0982 |\u00a0<a href=\"mailto:Info@fvdrc.com\">Info@fvdrc.com<\/a><\/p>\n<figure id=\"attachment_1545\" aria-describedby=\"caption-attachment-1545\" style=\"width: 140px\" class=\"wp-caption alignleft\"><a href=\"mailto:fwebber@fvdrc.com\"><img decoding=\"async\" class=\"wp-image-1545 lazyload\" data-src=\"https:\/\/fvdrc.com\/wp-content\/uploads\/2018\/03\/Fred_Web_Colour-e1619554501668.jpg\" alt=\"\" width=\"140\" height=\"175\" src=\"data:image\/svg+xml;base64,PHN2ZyB3aWR0aD0iMSIgaGVpZ2h0PSIxIiB4bWxucz0iaHR0cDovL3d3dy53My5vcmcvMjAwMC9zdmciPjwvc3ZnPg==\" style=\"--smush-placeholder-width: 140px; --smush-placeholder-aspect-ratio: 140\/175;\" \/><\/a><figcaption id=\"caption-attachment-1545\" class=\"wp-caption-text\"><a href=\"mailto:fwebber@fvdrc.com\"><strong>Fred Webber<\/strong><\/a><br \/>Pr\u00e9sident-directeur g\u00e9n\u00e9ral<\/figcaption><\/figure>\n<p>&nbsp;<\/p>\n<p>&nbsp;<\/p>\n<p>&nbsp;<\/p>\n<p>&nbsp;<\/p>\n<p>&nbsp;<\/p>\n<p>&nbsp;<\/p>\n<figure id=\"attachment_1546\" aria-describedby=\"caption-attachment-1546\" style=\"width: 140px\" class=\"wp-caption alignnone\"><a href=\"mailto:lmougeot@fvdrc.com\"><img decoding=\"async\" class=\"wp-image-3597 lazyload\" data-src=\"https:\/\/fvdrc.com\/wp-content\/uploads\/2018\/03\/Luc_Mougeot_Web_Colour.jpg\" alt=\"\" width=\"140\" height=\"175\" src=\"data:image\/svg+xml;base64,PHN2ZyB3aWR0aD0iMSIgaGVpZ2h0PSIxIiB4bWxucz0iaHR0cDovL3d3dy53My5vcmcvMjAwMC9zdmciPjwvc3ZnPg==\" style=\"--smush-placeholder-width: 140px; --smush-placeholder-aspect-ratio: 140\/175;\" \/><\/a><figcaption id=\"caption-attachment-1546\" class=\"wp-caption-text\"><strong><a href=\"mailto:lmougeot@fvdrc.com\">Luc Mougeot<\/a><\/strong><br \/>Vice-pr\u00e9sident<\/figcaption><\/figure>\n<figure id=\"attachment_1544\" aria-describedby=\"caption-attachment-1544\" style=\"width: 140px\" class=\"wp-caption alignleft\"><a href=\"mailto:abernier@fvdrc.com\"><img decoding=\"async\" class=\"wp-image-1544 lazyload\" data-src=\"https:\/\/fvdrc.com\/wp-content\/uploads\/2018\/03\/Andrea_Bernier_Web_Colour.jpg\" alt=\"\" width=\"140\" height=\"175\" src=\"data:image\/svg+xml;base64,PHN2ZyB3aWR0aD0iMSIgaGVpZ2h0PSIxIiB4bWxucz0iaHR0cDovL3d3dy53My5vcmcvMjAwMC9zdmciPjwvc3ZnPg==\" style=\"--smush-placeholder-width: 140px; --smush-placeholder-aspect-ratio: 140\/175;\" \/><\/a><figcaption id=\"caption-attachment-1544\" class=\"wp-caption-text\"><strong><a href=\"mailto:abernier@fvdrc.com\">Andrea Bernier<\/a> <\/strong>Gestionnaire en communications et services aux membres<\/figcaption><\/figure>\n<figure id=\"attachment_1547\" aria-describedby=\"caption-attachment-1547\" style=\"width: 140px\" class=\"wp-caption alignnone\"><a href=\"mailto:pgonzalez@fvdrc.com\"><img decoding=\"async\" class=\"wp-image-1547 lazyload\" data-src=\"https:\/\/fvdrc.com\/wp-content\/uploads\/2018\/03\/Paola_Gonzalez_Diaz_Web_Colour.jpg\" alt=\"\" width=\"140\" height=\"175\" src=\"data:image\/svg+xml;base64,PHN2ZyB3aWR0aD0iMSIgaGVpZ2h0PSIxIiB4bWxucz0iaHR0cDovL3d3dy53My5vcmcvMjAwMC9zdmciPjwvc3ZnPg==\" style=\"--smush-placeholder-width: 140px; --smush-placeholder-aspect-ratio: 140\/175;\" \/><\/a><figcaption id=\"caption-attachment-1547\" class=\"wp-caption-text\"><strong><a href=\"mailto:pgonzalez@fvdrc.com\">Paola Gonzalez Diaz<\/a><\/strong><br \/>Agent d\u2019assistance commerciale<\/figcaption><\/figure>\n<figure id=\"attachment_1548\" aria-describedby=\"caption-attachment-1548\" style=\"width: 140px\" class=\"wp-caption alignleft\"><a href=\"mailto:afowlie@fvdrc.com\"><img decoding=\"async\" class=\"wp-image-1548 lazyload\" data-src=\"https:\/\/fvdrc.com\/wp-content\/uploads\/2018\/03\/Fowlie-1.jpg\" alt=\"\" width=\"140\" height=\"150\" src=\"data:image\/svg+xml;base64,PHN2ZyB3aWR0aD0iMSIgaGVpZ2h0PSIxIiB4bWxucz0iaHR0cDovL3d3dy53My5vcmcvMjAwMC9zdmciPjwvc3ZnPg==\" style=\"--smush-placeholder-width: 140px; --smush-placeholder-aspect-ratio: 140\/150;\" \/><\/a><figcaption id=\"caption-attachment-1548\" class=\"wp-caption-text\"><strong><a href=\"mailto:afowlie@fvdrc.com\">Anne Fowlie<\/a><\/strong><br \/>Projets Sp\u00e9ciaux<\/figcaption><\/figure>\n<p>&nbsp;<\/p>\n<p>&nbsp;<\/p>\n<p>&nbsp;<\/p>\n<p>&nbsp;<\/p>\n<p>&nbsp;<\/p>\n<p>&nbsp;<\/p>\n<p>Pour l\u2019assistance commerciale durant l\u2019Expo-congr\u00e8s, veuillez r\u00e9veiller <a href=\"mailto:jbustamante@fvdrc.com\">Jaime Bustamante<\/a> au bureau\u2026 Ha! Ha! Ha!<\/p>\n<p>&nbsp;<\/p>\n","protected":false},"excerpt":{"rendered":"<p>La DRC participera \u00e0 l\u2019Expo-congr\u00e8s 2018 de l\u2019ACDFL qui aura lieu au Vancouver Convention Center du 24 au 26 avril prochains. Venez saluer Fred Webber, Luc Mougeot, Andrea Bernier, Anne Fowlie et\u00a0Paola Gonzalez\u00a0au kiosque 1259, ou fixez d\u2019avance une rencontre avec nous. Nous serons sur place pour r\u00e9pondre \u00e0 toutes vos questions concernant les changements [&hellip;]<\/p>\n","protected":false},"author":2,"featured_media":1519,"comment_status":"closed","ping_status":"closed","sticky":false,"template":"","format":"standard","meta":{"_acf_changed":false,"_coblocks_attr":"","_coblocks_dimensions":"","_coblocks_responsive_height":"","_coblocks_accordion_ie_support":"","om_disable_all_campaigns":false,"_uag_custom_page_level_css":"","_monsterinsights_skip_tracking":false,"_monsterinsights_sitenote_active":false,"_monsterinsights_sitenote_note":"","_monsterinsights_sitenote_category":0,"_uf_show_specific_survey":0,"_uf_disable_surveys":false,"footnotes":"","_wpscppro_dont_share_socialmedia":false,"_wpscppro_custom_social_share_image":0,"_facebook_share_type":"","_twitter_share_type":"","_linkedin_share_type":"","_pinterest_share_type":"","_linkedin_share_type_page":"","_instagram_share_type":"","_medium_share_type":"","_threads_share_type":"","_google_business_share_type":"","_selected_social_profile":[],"_wpsp_enable_custom_social_template":false,"_wpsp_social_scheduling":{"enabled":false,"datetime":null,"platforms":[],"status":"template_only","dateOption":"today","timeOption":"now","customDays":"","customHours":"","customDate":"","customTime":"","schedulingType":"absolute"},"_wpsp_active_default_template":true},"categories":[1,1],"tags":[],"class_list":["post-1533","post","type-post","status-publish","format-standard","has-post-thumbnail","hentry","category-uncategorized"],"acf":[],"aioseo_notices":[],"yoast_head":"<!-- This site is optimized with the Yoast SEO plugin v27.4 - https:\/\/yoast.com\/product\/yoast-seo-wordpress\/ -->\n<title>DRC at CPMA April 24th-26th at the Vancouver Convention Centre - Fruit and Vegetable Dispute Resolution Corporation<\/title>\n<meta name=\"robots\" content=\"index, follow, max-snippet:-1, max-image-preview:large, max-video-preview:-1\" \/>\n<link rel=\"canonical\" href=\"https:\/\/www.fvdrc.com\/fr\/solutions\/drc-cpma-april-24th-26th-vancouver-convention-centre\/\" \/>\n<meta property=\"og:locale\" content=\"fr_FR\" \/>\n<meta property=\"og:type\" content=\"article\" \/>\n<meta property=\"og:title\" content=\"DRC at CPMA April 24th-26th at the Vancouver Convention Centre - Fruit and Vegetable Dispute Resolution Corporation\" \/>\n<meta property=\"og:description\" content=\"La DRC participera \u00e0 l\u2019Expo-congr\u00e8s 2018 de l\u2019ACDFL qui aura lieu au Vancouver Convention Center du 24 au 26 avril prochains. Venez saluer Fred Webber, Luc Mougeot, Andrea Bernier, Anne Fowlie et\u00a0Paola Gonzalez\u00a0au kiosque 1259, ou fixez d\u2019avance une rencontre avec nous. Nous serons sur place pour r\u00e9pondre \u00e0 toutes vos questions concernant les changements [&hellip;]\" \/>\n<meta property=\"og:url\" content=\"https:\/\/www.fvdrc.com\/fr\/solutions\/drc-cpma-april-24th-26th-vancouver-convention-centre\/\" \/>\n<meta property=\"og:site_name\" content=\"Fruit and Vegetable Dispute Resolution Corporation\" \/>\n<meta property=\"article:published_time\" content=\"2018-03-29T15:07:49+00:00\" \/>\n<meta property=\"article:modified_time\" content=\"2020-06-18T18:56:10+00:00\" \/>\n<meta property=\"og:image\" content=\"https:\/\/secureservercdn.net\/104.238.70.184\/t8t.979.mwp.accessdomain.com\/wp-content\/uploads\/2018\/03\/CPMA.2018_2.jpg?time=1662217403\" \/>\n\t<meta property=\"og:image:width\" content=\"400\" \/>\n\t<meta property=\"og:image:height\" content=\"250\" \/>\n\t<meta property=\"og:image:type\" content=\"image\/jpeg\" \/>\n<meta name=\"author\" content=\"DRC\" \/>\n<meta name=\"twitter:card\" content=\"summary_large_image\" \/>\n<meta name=\"twitter:label1\" content=\"Written by\" \/>\n\t<meta name=\"twitter:data1\" content=\"DRC\" \/>\n\t<meta name=\"twitter:label2\" content=\"Est. reading time\" \/>\n\t<meta name=\"twitter:data2\" content=\"1 minute\" \/>\n<script type=\"application\/ld+json\" class=\"yoast-schema-graph\">{\"@context\":\"https:\\\/\\\/schema.org\",\"@graph\":[{\"@type\":\"Article\",\"@id\":\"https:\\\/\\\/www.fvdrc.com\\\/fr\\\/solutions\\\/drc-cpma-april-24th-26th-vancouver-convention-centre\\\/#article\",\"isPartOf\":{\"@id\":\"https:\\\/\\\/www.fvdrc.com\\\/fr\\\/solutions\\\/drc-cpma-april-24th-26th-vancouver-convention-centre\\\/\"},\"author\":{\"name\":\"DRC\",\"@id\":\"https:\\\/\\\/fvdrc.com\\\/#\\\/schema\\\/person\\\/9a44a987eaca5b14f726e1f34a984383\"},\"headline\":\"DRC at CPMA April 24th-26th at the Vancouver Convention Centre\",\"datePublished\":\"2018-03-29T15:07:49+00:00\",\"dateModified\":\"2020-06-18T18:56:10+00:00\",\"mainEntityOfPage\":{\"@id\":\"https:\\\/\\\/www.fvdrc.com\\\/fr\\\/solutions\\\/drc-cpma-april-24th-26th-vancouver-convention-centre\\\/\"},\"wordCount\":307,\"publisher\":{\"@id\":\"https:\\\/\\\/fvdrc.com\\\/#organization\"},\"image\":{\"@id\":\"https:\\\/\\\/www.fvdrc.com\\\/fr\\\/solutions\\\/drc-cpma-april-24th-26th-vancouver-convention-centre\\\/#primaryimage\"},\"thumbnailUrl\":\"https:\\\/\\\/fvdrc.com\\\/wp-content\\\/uploads\\\/2018\\\/03\\\/CPMA.2018_2.jpg\",\"inLanguage\":\"fr-FR\"},{\"@type\":\"WebPage\",\"@id\":\"https:\\\/\\\/www.fvdrc.com\\\/fr\\\/solutions\\\/drc-cpma-april-24th-26th-vancouver-convention-centre\\\/\",\"url\":\"https:\\\/\\\/www.fvdrc.com\\\/fr\\\/solutions\\\/drc-cpma-april-24th-26th-vancouver-convention-centre\\\/\",\"name\":\"DRC at CPMA April 24th-26th at the Vancouver Convention Centre - Fruit and Vegetable Dispute Resolution Corporation\",\"isPartOf\":{\"@id\":\"https:\\\/\\\/fvdrc.com\\\/#website\"},\"primaryImageOfPage\":{\"@id\":\"https:\\\/\\\/www.fvdrc.com\\\/fr\\\/solutions\\\/drc-cpma-april-24th-26th-vancouver-convention-centre\\\/#primaryimage\"},\"image\":{\"@id\":\"https:\\\/\\\/www.fvdrc.com\\\/fr\\\/solutions\\\/drc-cpma-april-24th-26th-vancouver-convention-centre\\\/#primaryimage\"},\"thumbnailUrl\":\"https:\\\/\\\/fvdrc.com\\\/wp-content\\\/uploads\\\/2018\\\/03\\\/CPMA.2018_2.jpg\",\"datePublished\":\"2018-03-29T15:07:49+00:00\",\"dateModified\":\"2020-06-18T18:56:10+00:00\",\"breadcrumb\":{\"@id\":\"https:\\\/\\\/www.fvdrc.com\\\/fr\\\/solutions\\\/drc-cpma-april-24th-26th-vancouver-convention-centre\\\/#breadcrumb\"},\"inLanguage\":\"fr-FR\",\"potentialAction\":[{\"@type\":\"ReadAction\",\"target\":[\"https:\\\/\\\/www.fvdrc.com\\\/fr\\\/solutions\\\/drc-cpma-april-24th-26th-vancouver-convention-centre\\\/\"]}]},{\"@type\":\"ImageObject\",\"inLanguage\":\"fr-FR\",\"@id\":\"https:\\\/\\\/www.fvdrc.com\\\/fr\\\/solutions\\\/drc-cpma-april-24th-26th-vancouver-convention-centre\\\/#primaryimage\",\"url\":\"https:\\\/\\\/fvdrc.com\\\/wp-content\\\/uploads\\\/2018\\\/03\\\/CPMA.2018_2.jpg\",\"contentUrl\":\"https:\\\/\\\/fvdrc.com\\\/wp-content\\\/uploads\\\/2018\\\/03\\\/CPMA.2018_2.jpg\",\"width\":400,\"height\":250},{\"@type\":\"BreadcrumbList\",\"@id\":\"https:\\\/\\\/www.fvdrc.com\\\/fr\\\/solutions\\\/drc-cpma-april-24th-26th-vancouver-convention-centre\\\/#breadcrumb\",\"itemListElement\":[{\"@type\":\"ListItem\",\"position\":1,\"name\":\"Home\",\"item\":\"https:\\\/\\\/fvdrc.com\\\/fr\\\/\"},{\"@type\":\"ListItem\",\"position\":2,\"name\":\"DRC at CPMA April 24th-26th at the Vancouver Convention Centre\"}]},{\"@type\":\"WebSite\",\"@id\":\"https:\\\/\\\/fvdrc.com\\\/#website\",\"url\":\"https:\\\/\\\/fvdrc.com\\\/\",\"name\":\"Fruit and Vegetable Dispute Resolution Corporation\",\"description\":\"Trade with Confidence\",\"publisher\":{\"@id\":\"https:\\\/\\\/fvdrc.com\\\/#organization\"},\"potentialAction\":[{\"@type\":\"SearchAction\",\"target\":{\"@type\":\"EntryPoint\",\"urlTemplate\":\"https:\\\/\\\/fvdrc.com\\\/?s={search_term_string}\"},\"query-input\":{\"@type\":\"PropertyValueSpecification\",\"valueRequired\":true,\"valueName\":\"search_term_string\"}}],\"inLanguage\":\"fr-FR\"},{\"@type\":\"Organization\",\"@id\":\"https:\\\/\\\/fvdrc.com\\\/#organization\",\"name\":\"Fruit and Vegetable Dispute Resolution Corporation\",\"url\":\"https:\\\/\\\/fvdrc.com\\\/\",\"logo\":{\"@type\":\"ImageObject\",\"inLanguage\":\"fr-FR\",\"@id\":\"https:\\\/\\\/fvdrc.com\\\/#\\\/schema\\\/logo\\\/image\\\/\",\"url\":\"https:\\\/\\\/fvdrc.com\\\/wp-content\\\/uploads\\\/2020\\\/06\\\/DRC-logo@2x.png\",\"contentUrl\":\"https:\\\/\\\/fvdrc.com\\\/wp-content\\\/uploads\\\/2020\\\/06\\\/DRC-logo@2x.png\",\"width\":261,\"height\":140,\"caption\":\"Fruit and Vegetable Dispute Resolution Corporation\"},\"image\":{\"@id\":\"https:\\\/\\\/fvdrc.com\\\/#\\\/schema\\\/logo\\\/image\\\/\"}},{\"@type\":\"Person\",\"@id\":\"https:\\\/\\\/fvdrc.com\\\/#\\\/schema\\\/person\\\/9a44a987eaca5b14f726e1f34a984383\",\"name\":\"DRC\",\"image\":{\"@type\":\"ImageObject\",\"inLanguage\":\"fr-FR\",\"@id\":\"https:\\\/\\\/secure.gravatar.com\\\/avatar\\\/9e96b42d184bd365caaff20776303ccbfb18e624e781b687ee62ffd71e927990?s=96&d=mm&r=g\",\"url\":\"https:\\\/\\\/secure.gravatar.com\\\/avatar\\\/9e96b42d184bd365caaff20776303ccbfb18e624e781b687ee62ffd71e927990?s=96&d=mm&r=g\",\"contentUrl\":\"https:\\\/\\\/secure.gravatar.com\\\/avatar\\\/9e96b42d184bd365caaff20776303ccbfb18e624e781b687ee62ffd71e927990?s=96&d=mm&r=g\",\"caption\":\"DRC\"},\"url\":\"https:\\\/\\\/fvdrc.com\\\/fr\\\/solutions\\\/author\\\/drc\\\/\"}]}<\/script>\n<!-- \/ Yoast SEO plugin. -->","yoast_head_json":{"title":"DRC at CPMA April 24th-26th at the Vancouver Convention Centre - Fruit and Vegetable Dispute Resolution Corporation","robots":{"index":"index","follow":"follow","max-snippet":"max-snippet:-1","max-image-preview":"max-image-preview:large","max-video-preview":"max-video-preview:-1"},"canonical":"https:\/\/www.fvdrc.com\/fr\/solutions\/drc-cpma-april-24th-26th-vancouver-convention-centre\/","og_locale":"fr_FR","og_type":"article","og_title":"DRC at CPMA April 24th-26th at the Vancouver Convention Centre - Fruit and Vegetable Dispute Resolution Corporation","og_description":"La DRC participera \u00e0 l\u2019Expo-congr\u00e8s 2018 de l\u2019ACDFL qui aura lieu au Vancouver Convention Center du 24 au 26 avril prochains. Venez saluer Fred Webber, Luc Mougeot, Andrea Bernier, Anne Fowlie et\u00a0Paola Gonzalez\u00a0au kiosque 1259, ou fixez d\u2019avance une rencontre avec nous. Nous serons sur place pour r\u00e9pondre \u00e0 toutes vos questions concernant les changements [&hellip;]","og_url":"https:\/\/www.fvdrc.com\/fr\/solutions\/drc-cpma-april-24th-26th-vancouver-convention-centre\/","og_site_name":"Fruit and Vegetable Dispute Resolution Corporation","article_published_time":"2018-03-29T15:07:49+00:00","article_modified_time":"2020-06-18T18:56:10+00:00","og_image":[{"width":400,"height":250,"url":"https:\/\/secureservercdn.net\/104.238.70.184\/t8t.979.mwp.accessdomain.com\/wp-content\/uploads\/2018\/03\/CPMA.2018_2.jpg?time=1662217403","type":"image\/jpeg"}],"author":"DRC","twitter_card":"summary_large_image","twitter_misc":{"Written by":"DRC","Est. reading time":"1 minute"},"schema":{"@context":"https:\/\/schema.org","@graph":[{"@type":"Article","@id":"https:\/\/www.fvdrc.com\/fr\/solutions\/drc-cpma-april-24th-26th-vancouver-convention-centre\/#article","isPartOf":{"@id":"https:\/\/www.fvdrc.com\/fr\/solutions\/drc-cpma-april-24th-26th-vancouver-convention-centre\/"},"author":{"name":"DRC","@id":"https:\/\/fvdrc.com\/#\/schema\/person\/9a44a987eaca5b14f726e1f34a984383"},"headline":"DRC at CPMA April 24th-26th at the Vancouver Convention Centre","datePublished":"2018-03-29T15:07:49+00:00","dateModified":"2020-06-18T18:56:10+00:00","mainEntityOfPage":{"@id":"https:\/\/www.fvdrc.com\/fr\/solutions\/drc-cpma-april-24th-26th-vancouver-convention-centre\/"},"wordCount":307,"publisher":{"@id":"https:\/\/fvdrc.com\/#organization"},"image":{"@id":"https:\/\/www.fvdrc.com\/fr\/solutions\/drc-cpma-april-24th-26th-vancouver-convention-centre\/#primaryimage"},"thumbnailUrl":"https:\/\/fvdrc.com\/wp-content\/uploads\/2018\/03\/CPMA.2018_2.jpg","inLanguage":"fr-FR"},{"@type":"WebPage","@id":"https:\/\/www.fvdrc.com\/fr\/solutions\/drc-cpma-april-24th-26th-vancouver-convention-centre\/","url":"https:\/\/www.fvdrc.com\/fr\/solutions\/drc-cpma-april-24th-26th-vancouver-convention-centre\/","name":"DRC at CPMA April 24th-26th at the Vancouver Convention Centre - Fruit and Vegetable Dispute Resolution Corporation","isPartOf":{"@id":"https:\/\/fvdrc.com\/#website"},"primaryImageOfPage":{"@id":"https:\/\/www.fvdrc.com\/fr\/solutions\/drc-cpma-april-24th-26th-vancouver-convention-centre\/#primaryimage"},"image":{"@id":"https:\/\/www.fvdrc.com\/fr\/solutions\/drc-cpma-april-24th-26th-vancouver-convention-centre\/#primaryimage"},"thumbnailUrl":"https:\/\/fvdrc.com\/wp-content\/uploads\/2018\/03\/CPMA.2018_2.jpg","datePublished":"2018-03-29T15:07:49+00:00","dateModified":"2020-06-18T18:56:10+00:00","breadcrumb":{"@id":"https:\/\/www.fvdrc.com\/fr\/solutions\/drc-cpma-april-24th-26th-vancouver-convention-centre\/#breadcrumb"},"inLanguage":"fr-FR","potentialAction":[{"@type":"ReadAction","target":["https:\/\/www.fvdrc.com\/fr\/solutions\/drc-cpma-april-24th-26th-vancouver-convention-centre\/"]}]},{"@type":"ImageObject","inLanguage":"fr-FR","@id":"https:\/\/www.fvdrc.com\/fr\/solutions\/drc-cpma-april-24th-26th-vancouver-convention-centre\/#primaryimage","url":"https:\/\/fvdrc.com\/wp-content\/uploads\/2018\/03\/CPMA.2018_2.jpg","contentUrl":"https:\/\/fvdrc.com\/wp-content\/uploads\/2018\/03\/CPMA.2018_2.jpg","width":400,"height":250},{"@type":"BreadcrumbList","@id":"https:\/\/www.fvdrc.com\/fr\/solutions\/drc-cpma-april-24th-26th-vancouver-convention-centre\/#breadcrumb","itemListElement":[{"@type":"ListItem","position":1,"name":"Home","item":"https:\/\/fvdrc.com\/fr\/"},{"@type":"ListItem","position":2,"name":"DRC at CPMA April 24th-26th at the Vancouver Convention Centre"}]},{"@type":"WebSite","@id":"https:\/\/fvdrc.com\/#website","url":"https:\/\/fvdrc.com\/","name":"Fruit and Vegetable Dispute Resolution Corporation","description":"Trade with Confidence","publisher":{"@id":"https:\/\/fvdrc.com\/#organization"},"potentialAction":[{"@type":"SearchAction","target":{"@type":"EntryPoint","urlTemplate":"https:\/\/fvdrc.com\/?s={search_term_string}"},"query-input":{"@type":"PropertyValueSpecification","valueRequired":true,"valueName":"search_term_string"}}],"inLanguage":"fr-FR"},{"@type":"Organization","@id":"https:\/\/fvdrc.com\/#organization","name":"Fruit and Vegetable Dispute Resolution Corporation","url":"https:\/\/fvdrc.com\/","logo":{"@type":"ImageObject","inLanguage":"fr-FR","@id":"https:\/\/fvdrc.com\/#\/schema\/logo\/image\/","url":"https:\/\/fvdrc.com\/wp-content\/uploads\/2020\/06\/DRC-logo@2x.png","contentUrl":"https:\/\/fvdrc.com\/wp-content\/uploads\/2020\/06\/DRC-logo@2x.png","width":261,"height":140,"caption":"Fruit and Vegetable Dispute Resolution Corporation"},"image":{"@id":"https:\/\/fvdrc.com\/#\/schema\/logo\/image\/"}},{"@type":"Person","@id":"https:\/\/fvdrc.com\/#\/schema\/person\/9a44a987eaca5b14f726e1f34a984383","name":"DRC","image":{"@type":"ImageObject","inLanguage":"fr-FR","@id":"https:\/\/secure.gravatar.com\/avatar\/9e96b42d184bd365caaff20776303ccbfb18e624e781b687ee62ffd71e927990?s=96&d=mm&r=g","url":"https:\/\/secure.gravatar.com\/avatar\/9e96b42d184bd365caaff20776303ccbfb18e624e781b687ee62ffd71e927990?s=96&d=mm&r=g","contentUrl":"https:\/\/secure.gravatar.com\/avatar\/9e96b42d184bd365caaff20776303ccbfb18e624e781b687ee62ffd71e927990?s=96&d=mm&r=g","caption":"DRC"},"url":"https:\/\/fvdrc.com\/fr\/solutions\/author\/drc\/"}]}},"featured_image_src":"https:\/\/fvdrc.com\/wp-content\/uploads\/2018\/03\/CPMA.2018_2.jpg","featured_image_src_square":"https:\/\/fvdrc.com\/wp-content\/uploads\/2018\/03\/CPMA.2018_2.jpg","author_info":{"display_name":"DRC","author_link":"https:\/\/fvdrc.com\/fr\/solutions\/author\/drc\/"},"uagb_featured_image_src":{"full":["https:\/\/fvdrc.com\/wp-content\/uploads\/2018\/03\/CPMA.2018_2.jpg",400,250,false],"thumbnail":["https:\/\/fvdrc.com\/wp-content\/uploads\/2018\/03\/CPMA.2018_2.jpg",150,94,false],"medium":["https:\/\/fvdrc.com\/wp-content\/uploads\/2018\/03\/CPMA.2018_2.jpg",300,188,false],"medium_large":["https:\/\/fvdrc.com\/wp-content\/uploads\/2018\/03\/CPMA.2018_2.jpg",400,250,false],"large":["https:\/\/fvdrc.com\/wp-content\/uploads\/2018\/03\/CPMA.2018_2.jpg",400,250,false],"gs-tiny":["https:\/\/fvdrc.com\/wp-content\/uploads\/2018\/03\/CPMA.2018_2.jpg",50,31,false],"xl":["https:\/\/fvdrc.com\/wp-content\/uploads\/2018\/03\/CPMA.2018_2.jpg",400,250,false],"xxl":["https:\/\/fvdrc.com\/wp-content\/uploads\/2018\/03\/CPMA.2018_2.jpg",400,250,false],"xxxl":["https:\/\/fvdrc.com\/wp-content\/uploads\/2018\/03\/CPMA.2018_2.jpg",400,250,false],"xxxxl":["https:\/\/fvdrc.com\/wp-content\/uploads\/2018\/03\/CPMA.2018_2.jpg",400,250,false],"xxxxxl":["https:\/\/fvdrc.com\/wp-content\/uploads\/2018\/03\/CPMA.2018_2.jpg",400,250,false],"1536x1536":["https:\/\/fvdrc.com\/wp-content\/uploads\/2018\/03\/CPMA.2018_2.jpg",400,250,false],"2048x2048":["https:\/\/fvdrc.com\/wp-content\/uploads\/2018\/03\/CPMA.2018_2.jpg",400,250,false],"gb-block-post-grid-landscape":["https:\/\/fvdrc.com\/wp-content\/uploads\/2018\/03\/CPMA.2018_2.jpg",400,250,false],"gb-block-post-grid-square":["https:\/\/fvdrc.com\/wp-content\/uploads\/2018\/03\/CPMA.2018_2.jpg",400,250,false],"post-thumbnail":["https:\/\/fvdrc.com\/wp-content\/uploads\/2018\/03\/CPMA.2018_2.jpg",400,250,false],"twentytwenty-fullscreen":["https:\/\/fvdrc.com\/wp-content\/uploads\/2018\/03\/CPMA.2018_2.jpg",400,250,false]},"uagb_author_info":{"display_name":"DRC","author_link":"https:\/\/fvdrc.com\/fr\/solutions\/author\/drc\/"},"uagb_comment_info":0,"uagb_excerpt":"La DRC participera \u00e0 l\u2019Expo-congr\u00e8s 2018 de l\u2019ACDFL qui aura lieu au Vancouver Convention Center du 24 au 26 avril prochains. Venez saluer Fred Webber, Luc Mougeot, Andrea Bernier, Anne Fowlie et\u00a0Paola Gonzalez\u00a0au kiosque 1259, ou fixez d\u2019avance une rencontre avec nous. Nous serons sur place pour r\u00e9pondre \u00e0 toutes vos questions concernant les changements&hellip;","_links":{"self":[{"href":"https:\/\/fvdrc.com\/fr\/wp-json\/wp\/v2\/posts\/1533","targetHints":{"allow":["GET"]}}],"collection":[{"href":"https:\/\/fvdrc.com\/fr\/wp-json\/wp\/v2\/posts"}],"about":[{"href":"https:\/\/fvdrc.com\/fr\/wp-json\/wp\/v2\/types\/post"}],"author":[{"embeddable":true,"href":"https:\/\/fvdrc.com\/fr\/wp-json\/wp\/v2\/users\/2"}],"replies":[{"embeddable":true,"href":"https:\/\/fvdrc.com\/fr\/wp-json\/wp\/v2\/comments?post=1533"}],"version-history":[{"count":3,"href":"https:\/\/fvdrc.com\/fr\/wp-json\/wp\/v2\/posts\/1533\/revisions"}],"predecessor-version":[{"id":3198,"href":"https:\/\/fvdrc.com\/fr\/wp-json\/wp\/v2\/posts\/1533\/revisions\/3198"}],"wp:featuredmedia":[{"embeddable":true,"href":"https:\/\/fvdrc.com\/fr\/wp-json\/wp\/v2\/media\/1519"}],"wp:attachment":[{"href":"https:\/\/fvdrc.com\/fr\/wp-json\/wp\/v2\/media?parent=1533"}],"wp:term":[{"taxonomy":"category","embeddable":true,"href":"https:\/\/fvdrc.com\/fr\/wp-json\/wp\/v2\/categories?post=1533"},{"taxonomy":"post_tag","embeddable":true,"href":"https:\/\/fvdrc.com\/fr\/wp-json\/wp\/v2\/tags?post=1533"}],"curies":[{"name":"wp","href":"https:\/\/api.w.org\/{rel}","templated":true}]}}