{"id":8045,"date":"2023-06-23T14:04:42","date_gmt":"2023-06-23T18:04:42","guid":{"rendered":"https:\/\/www.fvdrc.com\/?post_type=news&#038;p=8045"},"modified":"2023-06-23T14:04:44","modified_gmt":"2023-06-23T18:04:44","slug":"le-conseil-nomme-de-nouveaux-titulaires","status":"publish","type":"news","link":"https:\/\/fvdrc.com\/fr\/nouvelles\/le-conseil-nomme-de-nouveaux-titulaires\/","title":{"rendered":"Le conseil d\u2019administration de la Corporation de r\u00e8glement des diff\u00e9rends dans les fruits et l\u00e9gumes nomme de nouveaux titulaires \u00e0 la pr\u00e9sidence et \u00e0 la vice-pr\u00e9sidence du conseil."},"content":{"rendered":"\n<p>L\u2019assembl\u00e9e g\u00e9n\u00e9rale des membres de la DRC, qui s\u2019est d\u00e9roul\u00e9 avec succ\u00e8s \u00e0 Whistler, en Colombie-Britannique, le 1er juin 2023, a donn\u00e9 lieu \u00e0 une grande annonce. En effet, deux des membres les plus influents et distingu\u00e9s du secteur des fruits et l\u00e9gumes, Glenn Baty, ancien pr\u00e9sident du conseil, et Matt McInerney, ancien vice-pr\u00e9sident, quittent le conseil d\u2019administration de la DRC apr\u00e8s un long mandat.<\/p>\n<p>Glenn et Matt ont \u00e9t\u00e9 des architectes de la premi\u00e8re heure \u00e0 la DRC, d\u00e9j\u00e0 fortement engag\u00e9s d\u00e8s la conceptualisation de l\u2019organisation en 1998. Luc Mougeot, le pr\u00e9sident-directeur g\u00e9n\u00e9ral de la DRC, les a chaleureusement remerci\u00e9s de la passion, du d\u00e9vouement et du leadership bienveillant avec lesquels ils ont contribu\u00e9 \u00e0 la cr\u00e9ation et \u00e0 la croissance de la DRC. Glenn et Matt nous l\u00e8guent un vaste h\u00e9ritage en mati\u00e8re de collaboration, d\u2019innovation et de respect qui continuera \u00e0 guider la DRC au cours des ann\u00e9es qui viennent.<\/p>\n<p>Bret Erickson, de J&amp;D Produce, qui si\u00e8ge au conseil depuis fort longtemps, devient le nouveau pr\u00e9sident du conseil d\u2019administration de la DRC. George Pitsikoulis, de Canadawide Fruit Wholesalers, a pour sa part, \u00e9t\u00e9 nomm\u00e9 \u00e0 l\u2019un des deux postes de vice-pr\u00e9sident.<\/p>\n<p>Glenn a soumis son rapport de la pr\u00e9sidence pour 2022, remerciant le personnel et les administrateurs actuels, soulignant leur remarquable contribution, de m\u00eame que celle de tous ceux et celles qui ont fait \u0153uvre de pionnier depuis la cr\u00e9ation de la DRC.<\/p>\n<p>Kevin Smith, le secr\u00e9taire-tr\u00e9sorier de la DRC, a soumis son rapport, effectuant un survol du portrait financier de la DRC. <br \/>Jaime Bustamante a pr\u00e9sent\u00e9 une modification aux normes commerciales. L\u2019ajout de la d\u00e9finition de l\u2019expression \u00ab unit\u00e9 commerciale \u00bb a \u00e9t\u00e9 ent\u00e9rin\u00e9.<\/p>\n<p>Luc et Glenn ont conclu la rencontre en remerciant les membres, les administrateurs et le personnel de la DRC d\u2019avoir particip\u00e9 \u00e0 la r\u00e9union. <\/p>\n","protected":false},"excerpt":{"rendered":"<p>L\u2019assembl\u00e9e g\u00e9n\u00e9rale des membres de la DRC, qui s\u2019est d\u00e9roul\u00e9 avec succ\u00e8s \u00e0 Whistler, en Colombie-Britannique, le 1er juin 2023, a donn\u00e9 lieu \u00e0 une grande annonce. En effet, deux des membres les plus influents et distingu\u00e9s du secteur des fruits et l\u00e9gumes, Glenn Baty, ancien pr\u00e9sident du conseil, et Matt McInerney, ancien vice-pr\u00e9sident, quittent [&hellip;]<\/p>\n","protected":false},"author":2,"featured_media":0,"template":"","news_category":[],"news_tags":[],"class_list":["post-8045","news","type-news","status-publish","hentry"],"acf":[],"aioseo_notices":[],"yoast_head":"<!-- This site is optimized with the Yoast SEO plugin v27.4 - https:\/\/yoast.com\/product\/yoast-seo-wordpress\/ -->\n<title>Le conseil d\u2019administration de la Corporation de r\u00e8glement des diff\u00e9rends dans les fruits et l\u00e9gumes nomme de nouveaux titulaires \u00e0 la pr\u00e9sidence et \u00e0 la vice-pr\u00e9sidence du conseil. - Fruit and Vegetable Dispute Resolution Corporation<\/title>\n<meta name=\"description\" content=\"Le conseil d\u2019administration de la Corporation de r\u00e8glement des diff\u00e9rends dans les fruits et l\u00e9gumes nomme de nouveaux titulaires \u00e0 la pr\u00e9sidence et \u00e0 la vice-pr\u00e9sidence du conseil.\" \/>\n<meta name=\"robots\" content=\"index, follow, max-snippet:-1, max-image-preview:large, max-video-preview:-1\" \/>\n<link rel=\"canonical\" href=\"https:\/\/www.fvdrc.com\/fr\/nouvelles\/le-conseil-nomme-de-nouveaux-titulaires\/\" \/>\n<meta property=\"og:locale\" content=\"fr_FR\" \/>\n<meta property=\"og:type\" content=\"article\" \/>\n<meta property=\"og:title\" content=\"Le conseil d\u2019administration de la Corporation de r\u00e8glement des diff\u00e9rends dans les fruits et l\u00e9gumes nomme de nouveaux titulaires \u00e0 la pr\u00e9sidence et \u00e0 la vice-pr\u00e9sidence du conseil. - Fruit and Vegetable Dispute Resolution Corporation\" \/>\n<meta property=\"og:description\" content=\"Le conseil d\u2019administration de la Corporation de r\u00e8glement des diff\u00e9rends dans les fruits et l\u00e9gumes nomme de nouveaux titulaires \u00e0 la pr\u00e9sidence et \u00e0 la vice-pr\u00e9sidence du conseil.\" \/>\n<meta property=\"og:url\" content=\"https:\/\/www.fvdrc.com\/fr\/nouvelles\/le-conseil-nomme-de-nouveaux-titulaires\/\" \/>\n<meta property=\"og:site_name\" content=\"Fruit and Vegetable Dispute Resolution Corporation\" \/>\n<meta property=\"article:modified_time\" content=\"2023-06-23T18:04:44+00:00\" \/>\n<meta name=\"twitter:card\" content=\"summary_large_image\" \/>\n<meta name=\"twitter:label1\" content=\"Est. reading time\" \/>\n\t<meta name=\"twitter:data1\" content=\"2 minutes\" \/>\n<script type=\"application\/ld+json\" class=\"yoast-schema-graph\">{\"@context\":\"https:\\\/\\\/schema.org\",\"@graph\":[{\"@type\":\"WebPage\",\"@id\":\"https:\\\/\\\/www.fvdrc.com\\\/fr\\\/nouvelles\\\/le-conseil-nomme-de-nouveaux-titulaires\\\/\",\"url\":\"https:\\\/\\\/www.fvdrc.com\\\/fr\\\/nouvelles\\\/le-conseil-nomme-de-nouveaux-titulaires\\\/\",\"name\":\"Le conseil d\u2019administration de la Corporation de r\u00e8glement des diff\u00e9rends dans les fruits et l\u00e9gumes nomme de nouveaux titulaires \u00e0 la pr\u00e9sidence et \u00e0 la vice-pr\u00e9sidence du conseil. - Fruit and Vegetable Dispute Resolution Corporation\",\"isPartOf\":{\"@id\":\"https:\\\/\\\/fvdrc.com\\\/#website\"},\"datePublished\":\"2023-06-23T18:04:42+00:00\",\"dateModified\":\"2023-06-23T18:04:44+00:00\",\"description\":\"Le conseil d\u2019administration de la Corporation de r\u00e8glement des diff\u00e9rends dans les fruits et l\u00e9gumes nomme de nouveaux titulaires \u00e0 la pr\u00e9sidence et \u00e0 la vice-pr\u00e9sidence du conseil.\",\"breadcrumb\":{\"@id\":\"https:\\\/\\\/www.fvdrc.com\\\/fr\\\/nouvelles\\\/le-conseil-nomme-de-nouveaux-titulaires\\\/#breadcrumb\"},\"inLanguage\":\"fr-FR\",\"potentialAction\":[{\"@type\":\"ReadAction\",\"target\":[\"https:\\\/\\\/www.fvdrc.com\\\/fr\\\/nouvelles\\\/le-conseil-nomme-de-nouveaux-titulaires\\\/\"]}]},{\"@type\":\"BreadcrumbList\",\"@id\":\"https:\\\/\\\/www.fvdrc.com\\\/fr\\\/nouvelles\\\/le-conseil-nomme-de-nouveaux-titulaires\\\/#breadcrumb\",\"itemListElement\":[{\"@type\":\"ListItem\",\"position\":1,\"name\":\"Home\",\"item\":\"https:\\\/\\\/fvdrc.com\\\/fr\\\/\"},{\"@type\":\"ListItem\",\"position\":2,\"name\":\"Le conseil d\u2019administration de la Corporation de r\u00e8glement des diff\u00e9rends dans les fruits et l\u00e9gumes nomme de nouveaux titulaires \u00e0 la pr\u00e9sidence et \u00e0 la vice-pr\u00e9sidence du conseil.\"}]},{\"@type\":\"WebSite\",\"@id\":\"https:\\\/\\\/fvdrc.com\\\/#website\",\"url\":\"https:\\\/\\\/fvdrc.com\\\/\",\"name\":\"Fruit and Vegetable Dispute Resolution Corporation\",\"description\":\"Trade with Confidence\",\"publisher\":{\"@id\":\"https:\\\/\\\/fvdrc.com\\\/#organization\"},\"potentialAction\":[{\"@type\":\"SearchAction\",\"target\":{\"@type\":\"EntryPoint\",\"urlTemplate\":\"https:\\\/\\\/fvdrc.com\\\/?s={search_term_string}\"},\"query-input\":{\"@type\":\"PropertyValueSpecification\",\"valueRequired\":true,\"valueName\":\"search_term_string\"}}],\"inLanguage\":\"fr-FR\"},{\"@type\":\"Organization\",\"@id\":\"https:\\\/\\\/fvdrc.com\\\/#organization\",\"name\":\"Fruit and Vegetable Dispute Resolution Corporation\",\"url\":\"https:\\\/\\\/fvdrc.com\\\/\",\"logo\":{\"@type\":\"ImageObject\",\"inLanguage\":\"fr-FR\",\"@id\":\"https:\\\/\\\/fvdrc.com\\\/#\\\/schema\\\/logo\\\/image\\\/\",\"url\":\"https:\\\/\\\/fvdrc.com\\\/wp-content\\\/uploads\\\/2020\\\/06\\\/DRC-logo@2x.png\",\"contentUrl\":\"https:\\\/\\\/fvdrc.com\\\/wp-content\\\/uploads\\\/2020\\\/06\\\/DRC-logo@2x.png\",\"width\":261,\"height\":140,\"caption\":\"Fruit and Vegetable Dispute Resolution Corporation\"},\"image\":{\"@id\":\"https:\\\/\\\/fvdrc.com\\\/#\\\/schema\\\/logo\\\/image\\\/\"}}]}<\/script>\n<!-- \/ Yoast SEO plugin. -->","yoast_head_json":{"title":"Le conseil d\u2019administration de la Corporation de r\u00e8glement des diff\u00e9rends dans les fruits et l\u00e9gumes nomme de nouveaux titulaires \u00e0 la pr\u00e9sidence et \u00e0 la vice-pr\u00e9sidence du conseil. - Fruit and Vegetable Dispute Resolution Corporation","description":"Le conseil d\u2019administration de la Corporation de r\u00e8glement des diff\u00e9rends dans les fruits et l\u00e9gumes nomme de nouveaux titulaires \u00e0 la pr\u00e9sidence et \u00e0 la vice-pr\u00e9sidence du conseil.","robots":{"index":"index","follow":"follow","max-snippet":"max-snippet:-1","max-image-preview":"max-image-preview:large","max-video-preview":"max-video-preview:-1"},"canonical":"https:\/\/www.fvdrc.com\/fr\/nouvelles\/le-conseil-nomme-de-nouveaux-titulaires\/","og_locale":"fr_FR","og_type":"article","og_title":"Le conseil d\u2019administration de la Corporation de r\u00e8glement des diff\u00e9rends dans les fruits et l\u00e9gumes nomme de nouveaux titulaires \u00e0 la pr\u00e9sidence et \u00e0 la vice-pr\u00e9sidence du conseil. - Fruit and Vegetable Dispute Resolution Corporation","og_description":"Le conseil d\u2019administration de la Corporation de r\u00e8glement des diff\u00e9rends dans les fruits et l\u00e9gumes nomme de nouveaux titulaires \u00e0 la pr\u00e9sidence et \u00e0 la vice-pr\u00e9sidence du conseil.","og_url":"https:\/\/www.fvdrc.com\/fr\/nouvelles\/le-conseil-nomme-de-nouveaux-titulaires\/","og_site_name":"Fruit and Vegetable Dispute Resolution Corporation","article_modified_time":"2023-06-23T18:04:44+00:00","twitter_card":"summary_large_image","twitter_misc":{"Est. reading time":"2 minutes"},"schema":{"@context":"https:\/\/schema.org","@graph":[{"@type":"WebPage","@id":"https:\/\/www.fvdrc.com\/fr\/nouvelles\/le-conseil-nomme-de-nouveaux-titulaires\/","url":"https:\/\/www.fvdrc.com\/fr\/nouvelles\/le-conseil-nomme-de-nouveaux-titulaires\/","name":"Le conseil d\u2019administration de la Corporation de r\u00e8glement des diff\u00e9rends dans les fruits et l\u00e9gumes nomme de nouveaux titulaires \u00e0 la pr\u00e9sidence et \u00e0 la vice-pr\u00e9sidence du conseil. - Fruit and Vegetable Dispute Resolution Corporation","isPartOf":{"@id":"https:\/\/fvdrc.com\/#website"},"datePublished":"2023-06-23T18:04:42+00:00","dateModified":"2023-06-23T18:04:44+00:00","description":"Le conseil d\u2019administration de la Corporation de r\u00e8glement des diff\u00e9rends dans les fruits et l\u00e9gumes nomme de nouveaux titulaires \u00e0 la pr\u00e9sidence et \u00e0 la vice-pr\u00e9sidence du conseil.","breadcrumb":{"@id":"https:\/\/www.fvdrc.com\/fr\/nouvelles\/le-conseil-nomme-de-nouveaux-titulaires\/#breadcrumb"},"inLanguage":"fr-FR","potentialAction":[{"@type":"ReadAction","target":["https:\/\/www.fvdrc.com\/fr\/nouvelles\/le-conseil-nomme-de-nouveaux-titulaires\/"]}]},{"@type":"BreadcrumbList","@id":"https:\/\/www.fvdrc.com\/fr\/nouvelles\/le-conseil-nomme-de-nouveaux-titulaires\/#breadcrumb","itemListElement":[{"@type":"ListItem","position":1,"name":"Home","item":"https:\/\/fvdrc.com\/fr\/"},{"@type":"ListItem","position":2,"name":"Le conseil d\u2019administration de la Corporation de r\u00e8glement des diff\u00e9rends dans les fruits et l\u00e9gumes nomme de nouveaux titulaires \u00e0 la pr\u00e9sidence et \u00e0 la vice-pr\u00e9sidence du conseil."}]},{"@type":"WebSite","@id":"https:\/\/fvdrc.com\/#website","url":"https:\/\/fvdrc.com\/","name":"Fruit and Vegetable Dispute Resolution Corporation","description":"Trade with Confidence","publisher":{"@id":"https:\/\/fvdrc.com\/#organization"},"potentialAction":[{"@type":"SearchAction","target":{"@type":"EntryPoint","urlTemplate":"https:\/\/fvdrc.com\/?s={search_term_string}"},"query-input":{"@type":"PropertyValueSpecification","valueRequired":true,"valueName":"search_term_string"}}],"inLanguage":"fr-FR"},{"@type":"Organization","@id":"https:\/\/fvdrc.com\/#organization","name":"Fruit and Vegetable Dispute Resolution Corporation","url":"https:\/\/fvdrc.com\/","logo":{"@type":"ImageObject","inLanguage":"fr-FR","@id":"https:\/\/fvdrc.com\/#\/schema\/logo\/image\/","url":"https:\/\/fvdrc.com\/wp-content\/uploads\/2020\/06\/DRC-logo@2x.png","contentUrl":"https:\/\/fvdrc.com\/wp-content\/uploads\/2020\/06\/DRC-logo@2x.png","width":261,"height":140,"caption":"Fruit and Vegetable Dispute Resolution Corporation"},"image":{"@id":"https:\/\/fvdrc.com\/#\/schema\/logo\/image\/"}}]}},"uagb_featured_image_src":{"full":false,"thumbnail":false,"medium":false,"medium_large":false,"large":false,"gs-tiny":false,"xl":false,"xxl":false,"xxxl":false,"xxxxl":false,"xxxxxl":false,"1536x1536":false,"2048x2048":false,"gb-block-post-grid-landscape":false,"gb-block-post-grid-square":false,"post-thumbnail":false,"twentytwenty-fullscreen":false},"uagb_author_info":{"display_name":"DRC","author_link":"https:\/\/fvdrc.com\/fr\/solutions\/author\/drc\/"},"uagb_comment_info":0,"uagb_excerpt":"L\u2019assembl\u00e9e g\u00e9n\u00e9rale des membres de la DRC, qui s\u2019est d\u00e9roul\u00e9 avec succ\u00e8s \u00e0 Whistler, en Colombie-Britannique, le 1er juin 2023, a donn\u00e9 lieu \u00e0 une grande annonce. En effet, deux des membres les plus influents et distingu\u00e9s du secteur des fruits et l\u00e9gumes, Glenn Baty, ancien pr\u00e9sident du conseil, et Matt McInerney, ancien vice-pr\u00e9sident, quittent&hellip;","_links":{"self":[{"href":"https:\/\/fvdrc.com\/fr\/wp-json\/wp\/v2\/news\/8045","targetHints":{"allow":["GET"]}}],"collection":[{"href":"https:\/\/fvdrc.com\/fr\/wp-json\/wp\/v2\/news"}],"about":[{"href":"https:\/\/fvdrc.com\/fr\/wp-json\/wp\/v2\/types\/news"}],"author":[{"embeddable":true,"href":"https:\/\/fvdrc.com\/fr\/wp-json\/wp\/v2\/users\/2"}],"wp:attachment":[{"href":"https:\/\/fvdrc.com\/fr\/wp-json\/wp\/v2\/media?parent=8045"}],"wp:term":[{"taxonomy":"news_category","embeddable":true,"href":"https:\/\/fvdrc.com\/fr\/wp-json\/wp\/v2\/news_category?post=8045"},{"taxonomy":"news_tags","embeddable":true,"href":"https:\/\/fvdrc.com\/fr\/wp-json\/wp\/v2\/news_tags?post=8045"}],"curies":[{"name":"wp","href":"https:\/\/api.w.org\/{rel}","templated":true}]}}