{"id":14533,"date":"2025-11-26T15:16:28","date_gmt":"2025-11-26T20:16:28","guid":{"rendered":"https:\/\/fvdrc.com\/?post_type=news&#038;p=14533"},"modified":"2025-11-26T15:16:36","modified_gmt":"2025-11-26T20:16:36","slug":"deces-de-fred-webber","status":"publish","type":"news","link":"https:\/\/fvdrc.com\/fr\/nouvelles\/deces-de-fred-webber\/","title":{"rendered":"D\u00e9c\u00e8s de Fred Webber"},"content":{"rendered":"\n<div class=\"wp-block-uagb-image aligncenter uagb-block-b44d3518 wp-block-uagb-image--layout-default wp-block-uagb-image--effect-static wp-block-uagb-image--align-center\"><figure class=\"wp-block-uagb-image__figure\"><img decoding=\"async\" data-srcset=\"https:\/\/fvdrc.com\/wp-content\/uploads\/2025\/11\/Fred_Web_Colour.jpg ,https:\/\/fvdrc.com\/wp-content\/uploads\/2025\/11\/Fred_Web_Colour.jpg 780w, https:\/\/fvdrc.com\/wp-content\/uploads\/2025\/11\/Fred_Web_Colour.jpg 360w\" data-sizes=\"auto, (max-width: 480px) 150px\" data-src=\"https:\/\/fvdrc.com\/wp-content\/uploads\/2025\/11\/Fred_Web_Colour.jpg\" alt=\"\" class=\"uag-image-14531 lazyload\" width=\"207\" height=\"259\" title=\"Fred_Web_Colour\" role=\"img\" src=\"data:image\/svg+xml;base64,PHN2ZyB3aWR0aD0iMSIgaGVpZ2h0PSIxIiB4bWxucz0iaHR0cDovL3d3dy53My5vcmcvMjAwMC9zdmciPjwvc3ZnPg==\" style=\"--smush-placeholder-width: 207px; --smush-placeholder-aspect-ratio: 207\/259;\" \/><\/figure><\/div>\n\n\n\n<p dir=\"auto\"><strong>OTTAWA, le 26 novembre 2025 &#8211;<\/strong> C\u2019est avec une profonde tristesse que nous vous annon\u00e7ons le d\u00e9c\u00e8s de Fred Webber, pr\u00e9sident-directeur g\u00e9n\u00e9ral retrait\u00e9 de la Corporation de r\u00e8glement des diff\u00e9rends dans les fruits et l\u00e9gumes (la DRC) , survenu le 24 novembre 2025. Il laisse derri\u00e8re lui un h\u00e9ritage remarquable, fa\u00e7onn\u00e9 par son engagement ind\u00e9fectible envers l\u2019\u00e9quit\u00e9 et le commerce \u00e9thique dans l\u2019industrie des fruits et l\u00e9gumes frais.<\/p>\n<p>Fred a d\u00e9but\u00e9 sa carri\u00e8re au sein de la branche PACA de l\u2019USDA en tant que sp\u00e9cialiste du marketing, o\u00f9 il a d\u00e9velopp\u00e9 son savoir-faire unique et est devenu un d\u00e9fenseur impartial du droit des contrats dans l\u2019industrie des produits frais. Il a ensuite perfectionn\u00e9 ses comp\u00e9tences et ses qualit\u00e9s de leader chez Bluebook Services, Inc., o\u00f9 il a occup\u00e9 les postes de chef arbitre de la soci\u00e9t\u00e9, puis de vice-pr\u00e9sident des services sp\u00e9ciaux. C\u2019est \u00e0 cette p\u00e9riode que des leaders de l\u2019industrie lui ont demand\u00e9 de jouer un r\u00f4le cl\u00e9 dans l\u2019\u00e9laboration et la mise en \u0153uvre des normes commerciales ainsi que des r\u00e8gles d\u2019arbitrage et de m\u00e9diation pour la DRC nouvellement cr\u00e9\u00e9e, dont la mission principale \u00e9tait de fournir des services de r\u00e8glement des diff\u00e9rends, d\u2019abord \u00e0 l\u2019industrie canadienne, puis \u00e0 l\u2019ensemble de l\u2019Am\u00e9rique du Nord.<\/p>\n<p>D\u00e8s son premier jour en tant que vice-pr\u00e9sident de l\u2019assistance commerciale de la DRC, Fred s\u2019est consacr\u00e9 \u00e0 l\u2019\u00e9tablissement de pratiques commerciales justes et \u00e9thiques, non seulement en Am\u00e9rique du Nord, mais \u00e9galement \u00e0 l\u2019\u00e9chelle internationale. Fred \u00e9tait largement reconnu et respect\u00e9 pour son engagement in\u00e9branlable envers l\u2019\u00e9quit\u00e9. C\u2019est cette philosophie et son int\u00e9grit\u00e9 constante qui lui ont valu le respect de tant de personnes dans l\u2019industrie des produits frais.<\/p>\n<p>Tout au long de son parcours \u00e0 la DRC, Fred n\u2019a jamais rel\u00e2ch\u00e9 ses efforts pour mettre en place au Canada un m\u00e9canisme de fiducie r\u00e9put\u00e9e similaire \u00e0 celui du PACA. M\u00eame \u00e0 la retraite, il a collabor\u00e9 \u00e0 la r\u00e9daction du projet de loi C-280 \u2013 Loi sur la protection financi\u00e8re des producteurs de fruits et l\u00e9gumes frais, un projet de loi d\u2019initiative parlementaire qui offre un m\u00e9canisme de protection contre les insolvabilit\u00e9s et contribue ainsi \u00e0 la stabilit\u00e9 de la cha\u00eene d\u2019approvisionnement en produits frais.<\/p>\n<p>Son h\u00e9ritage perdure \u00e0 travers les valeurs qu\u2019il a d\u00e9fendues tout au long de sa carri\u00e8re et sa passion profonde pour l\u2019industrie des produits frais. Ceux qui ont eu le privil\u00e8ge de le conna\u00eetre ressentiront cruellement son absence et l\u2019\u00e9quipe de la DRC regrettera profond\u00e9ment son d\u00e9vouement et son mentorat.<\/p>\n\n\n\n<p style=\"text-align: center;\">&#8211; 30 &#8211;\u00a0<\/p>\n<p>Pour les demandes des m\u00e9dias de la DRC, ou pour toute question concernant cette annonce, veuillez contacter :<\/p>\n<p>Nicole MacDonald<br \/>Sp\u00e9cialiste en communications et marketing<br \/><strong>La Corporation de r\u00e8glement des diff\u00e9rends dans les fruits et l\u00e9gumes<\/strong><br \/>T: 1.613.234.0982 | C: nmacdonald@fvdrc.com<\/p>\n","protected":false},"excerpt":{"rendered":"<p>OTTAWA, le 26 novembre 2025 &#8211; C\u2019est avec une profonde tristesse que nous vous annon\u00e7ons le d\u00e9c\u00e8s de Fred Webber, pr\u00e9sident-directeur g\u00e9n\u00e9ral retrait\u00e9 de la Corporation de r\u00e8glement des diff\u00e9rends dans les fruits et l\u00e9gumes (la DRC) , survenu le 24 novembre 2025. Il laisse derri\u00e8re lui un h\u00e9ritage remarquable, fa\u00e7onn\u00e9 par son engagement ind\u00e9fectible [&hellip;]<\/p>\n","protected":false},"author":2,"featured_media":0,"template":"","news_category":[],"news_tags":[],"class_list":["post-14533","news","type-news","status-publish","hentry"],"acf":[],"aioseo_notices":[],"yoast_head":"<!-- This site is optimized with the Yoast SEO plugin v27.4 - https:\/\/yoast.com\/product\/yoast-seo-wordpress\/ -->\n<title>D\u00e9c\u00e8s de Fred Webber - Fruit and Vegetable Dispute Resolution Corporation<\/title>\n<meta name=\"description\" content=\"C\u2019est avec une profonde tristesse que nous vous annon\u00e7ons le d\u00e9c\u00e8s de Fred Webber, pr\u00e9sident-directeur g\u00e9n\u00e9ral retrait\u00e9 de la DRC , survenu le 24 novembre 2025.\" \/>\n<meta name=\"robots\" content=\"index, follow, max-snippet:-1, max-image-preview:large, max-video-preview:-1\" \/>\n<link rel=\"canonical\" href=\"https:\/\/fvdrc.com\/fr\/nouvelles\/deces-de-fred-webber\/\" \/>\n<meta property=\"og:locale\" content=\"fr_FR\" \/>\n<meta property=\"og:type\" content=\"article\" \/>\n<meta property=\"og:title\" content=\"D\u00e9c\u00e8s de Fred Webber - Fruit and Vegetable Dispute Resolution Corporation\" \/>\n<meta property=\"og:description\" content=\"C\u2019est avec une profonde tristesse que nous vous annon\u00e7ons le d\u00e9c\u00e8s de Fred Webber, pr\u00e9sident-directeur g\u00e9n\u00e9ral retrait\u00e9 de la DRC , survenu le 24 novembre 2025.\" \/>\n<meta property=\"og:url\" content=\"https:\/\/fvdrc.com\/fr\/nouvelles\/deces-de-fred-webber\/\" \/>\n<meta property=\"og:site_name\" content=\"Fruit and Vegetable Dispute Resolution Corporation\" \/>\n<meta property=\"article:modified_time\" content=\"2025-11-26T20:16:36+00:00\" \/>\n<meta property=\"og:image\" content=\"https:\/\/fvdrc.com\/wp-content\/uploads\/2025\/11\/Fred_Web_Colour.jpg\" \/>\n<meta name=\"twitter:card\" content=\"summary_large_image\" \/>\n<meta name=\"twitter:label1\" content=\"Est. reading time\" \/>\n\t<meta name=\"twitter:data1\" content=\"3 minutes\" \/>\n<script type=\"application\/ld+json\" class=\"yoast-schema-graph\">{\"@context\":\"https:\\\/\\\/schema.org\",\"@graph\":[{\"@type\":\"WebPage\",\"@id\":\"https:\\\/\\\/fvdrc.com\\\/fr\\\/nouvelles\\\/deces-de-fred-webber\\\/\",\"url\":\"https:\\\/\\\/fvdrc.com\\\/fr\\\/nouvelles\\\/deces-de-fred-webber\\\/\",\"name\":\"D\u00e9c\u00e8s de Fred Webber - Fruit and Vegetable Dispute Resolution Corporation\",\"isPartOf\":{\"@id\":\"https:\\\/\\\/fvdrc.com\\\/#website\"},\"primaryImageOfPage\":{\"@id\":\"https:\\\/\\\/fvdrc.com\\\/fr\\\/nouvelles\\\/deces-de-fred-webber\\\/#primaryimage\"},\"image\":{\"@id\":\"https:\\\/\\\/fvdrc.com\\\/fr\\\/nouvelles\\\/deces-de-fred-webber\\\/#primaryimage\"},\"thumbnailUrl\":\"https:\\\/\\\/fvdrc.com\\\/wp-content\\\/uploads\\\/2025\\\/11\\\/Fred_Web_Colour.jpg\",\"datePublished\":\"2025-11-26T20:16:28+00:00\",\"dateModified\":\"2025-11-26T20:16:36+00:00\",\"description\":\"C\u2019est avec une profonde tristesse que nous vous annon\u00e7ons le d\u00e9c\u00e8s de Fred Webber, pr\u00e9sident-directeur g\u00e9n\u00e9ral retrait\u00e9 de la DRC , survenu le 24 novembre 2025.\",\"breadcrumb\":{\"@id\":\"https:\\\/\\\/fvdrc.com\\\/fr\\\/nouvelles\\\/deces-de-fred-webber\\\/#breadcrumb\"},\"inLanguage\":\"fr-FR\",\"potentialAction\":[{\"@type\":\"ReadAction\",\"target\":[\"https:\\\/\\\/fvdrc.com\\\/fr\\\/nouvelles\\\/deces-de-fred-webber\\\/\"]}]},{\"@type\":\"ImageObject\",\"inLanguage\":\"fr-FR\",\"@id\":\"https:\\\/\\\/fvdrc.com\\\/fr\\\/nouvelles\\\/deces-de-fred-webber\\\/#primaryimage\",\"url\":\"https:\\\/\\\/fvdrc.com\\\/wp-content\\\/uploads\\\/2025\\\/11\\\/Fred_Web_Colour.jpg\",\"contentUrl\":\"https:\\\/\\\/fvdrc.com\\\/wp-content\\\/uploads\\\/2025\\\/11\\\/Fred_Web_Colour.jpg\"},{\"@type\":\"BreadcrumbList\",\"@id\":\"https:\\\/\\\/fvdrc.com\\\/fr\\\/nouvelles\\\/deces-de-fred-webber\\\/#breadcrumb\",\"itemListElement\":[{\"@type\":\"ListItem\",\"position\":1,\"name\":\"Home\",\"item\":\"https:\\\/\\\/fvdrc.com\\\/fr\\\/\"},{\"@type\":\"ListItem\",\"position\":2,\"name\":\"D\u00e9c\u00e8s de Fred Webber\"}]},{\"@type\":\"WebSite\",\"@id\":\"https:\\\/\\\/fvdrc.com\\\/#website\",\"url\":\"https:\\\/\\\/fvdrc.com\\\/\",\"name\":\"Fruit and Vegetable Dispute Resolution Corporation\",\"description\":\"Trade with Confidence\",\"publisher\":{\"@id\":\"https:\\\/\\\/fvdrc.com\\\/#organization\"},\"potentialAction\":[{\"@type\":\"SearchAction\",\"target\":{\"@type\":\"EntryPoint\",\"urlTemplate\":\"https:\\\/\\\/fvdrc.com\\\/?s={search_term_string}\"},\"query-input\":{\"@type\":\"PropertyValueSpecification\",\"valueRequired\":true,\"valueName\":\"search_term_string\"}}],\"inLanguage\":\"fr-FR\"},{\"@type\":\"Organization\",\"@id\":\"https:\\\/\\\/fvdrc.com\\\/#organization\",\"name\":\"Fruit and Vegetable Dispute Resolution Corporation\",\"url\":\"https:\\\/\\\/fvdrc.com\\\/\",\"logo\":{\"@type\":\"ImageObject\",\"inLanguage\":\"fr-FR\",\"@id\":\"https:\\\/\\\/fvdrc.com\\\/#\\\/schema\\\/logo\\\/image\\\/\",\"url\":\"https:\\\/\\\/fvdrc.com\\\/wp-content\\\/uploads\\\/2020\\\/06\\\/DRC-logo@2x.png\",\"contentUrl\":\"https:\\\/\\\/fvdrc.com\\\/wp-content\\\/uploads\\\/2020\\\/06\\\/DRC-logo@2x.png\",\"width\":261,\"height\":140,\"caption\":\"Fruit and Vegetable Dispute Resolution Corporation\"},\"image\":{\"@id\":\"https:\\\/\\\/fvdrc.com\\\/#\\\/schema\\\/logo\\\/image\\\/\"}}]}<\/script>\n<!-- \/ Yoast SEO plugin. -->","yoast_head_json":{"title":"D\u00e9c\u00e8s de Fred Webber - Fruit and Vegetable Dispute Resolution Corporation","description":"C\u2019est avec une profonde tristesse que nous vous annon\u00e7ons le d\u00e9c\u00e8s de Fred Webber, pr\u00e9sident-directeur g\u00e9n\u00e9ral retrait\u00e9 de la DRC , survenu le 24 novembre 2025.","robots":{"index":"index","follow":"follow","max-snippet":"max-snippet:-1","max-image-preview":"max-image-preview:large","max-video-preview":"max-video-preview:-1"},"canonical":"https:\/\/fvdrc.com\/fr\/nouvelles\/deces-de-fred-webber\/","og_locale":"fr_FR","og_type":"article","og_title":"D\u00e9c\u00e8s de Fred Webber - Fruit and Vegetable Dispute Resolution Corporation","og_description":"C\u2019est avec une profonde tristesse que nous vous annon\u00e7ons le d\u00e9c\u00e8s de Fred Webber, pr\u00e9sident-directeur g\u00e9n\u00e9ral retrait\u00e9 de la DRC , survenu le 24 novembre 2025.","og_url":"https:\/\/fvdrc.com\/fr\/nouvelles\/deces-de-fred-webber\/","og_site_name":"Fruit and Vegetable Dispute Resolution Corporation","article_modified_time":"2025-11-26T20:16:36+00:00","og_image":[{"url":"https:\/\/fvdrc.com\/wp-content\/uploads\/2025\/11\/Fred_Web_Colour.jpg","type":"","width":"","height":""}],"twitter_card":"summary_large_image","twitter_misc":{"Est. reading time":"3 minutes"},"schema":{"@context":"https:\/\/schema.org","@graph":[{"@type":"WebPage","@id":"https:\/\/fvdrc.com\/fr\/nouvelles\/deces-de-fred-webber\/","url":"https:\/\/fvdrc.com\/fr\/nouvelles\/deces-de-fred-webber\/","name":"D\u00e9c\u00e8s de Fred Webber - Fruit and Vegetable Dispute Resolution Corporation","isPartOf":{"@id":"https:\/\/fvdrc.com\/#website"},"primaryImageOfPage":{"@id":"https:\/\/fvdrc.com\/fr\/nouvelles\/deces-de-fred-webber\/#primaryimage"},"image":{"@id":"https:\/\/fvdrc.com\/fr\/nouvelles\/deces-de-fred-webber\/#primaryimage"},"thumbnailUrl":"https:\/\/fvdrc.com\/wp-content\/uploads\/2025\/11\/Fred_Web_Colour.jpg","datePublished":"2025-11-26T20:16:28+00:00","dateModified":"2025-11-26T20:16:36+00:00","description":"C\u2019est avec une profonde tristesse que nous vous annon\u00e7ons le d\u00e9c\u00e8s de Fred Webber, pr\u00e9sident-directeur g\u00e9n\u00e9ral retrait\u00e9 de la DRC , survenu le 24 novembre 2025.","breadcrumb":{"@id":"https:\/\/fvdrc.com\/fr\/nouvelles\/deces-de-fred-webber\/#breadcrumb"},"inLanguage":"fr-FR","potentialAction":[{"@type":"ReadAction","target":["https:\/\/fvdrc.com\/fr\/nouvelles\/deces-de-fred-webber\/"]}]},{"@type":"ImageObject","inLanguage":"fr-FR","@id":"https:\/\/fvdrc.com\/fr\/nouvelles\/deces-de-fred-webber\/#primaryimage","url":"https:\/\/fvdrc.com\/wp-content\/uploads\/2025\/11\/Fred_Web_Colour.jpg","contentUrl":"https:\/\/fvdrc.com\/wp-content\/uploads\/2025\/11\/Fred_Web_Colour.jpg"},{"@type":"BreadcrumbList","@id":"https:\/\/fvdrc.com\/fr\/nouvelles\/deces-de-fred-webber\/#breadcrumb","itemListElement":[{"@type":"ListItem","position":1,"name":"Home","item":"https:\/\/fvdrc.com\/fr\/"},{"@type":"ListItem","position":2,"name":"D\u00e9c\u00e8s de Fred Webber"}]},{"@type":"WebSite","@id":"https:\/\/fvdrc.com\/#website","url":"https:\/\/fvdrc.com\/","name":"Fruit and Vegetable Dispute Resolution Corporation","description":"Trade with Confidence","publisher":{"@id":"https:\/\/fvdrc.com\/#organization"},"potentialAction":[{"@type":"SearchAction","target":{"@type":"EntryPoint","urlTemplate":"https:\/\/fvdrc.com\/?s={search_term_string}"},"query-input":{"@type":"PropertyValueSpecification","valueRequired":true,"valueName":"search_term_string"}}],"inLanguage":"fr-FR"},{"@type":"Organization","@id":"https:\/\/fvdrc.com\/#organization","name":"Fruit and Vegetable Dispute Resolution Corporation","url":"https:\/\/fvdrc.com\/","logo":{"@type":"ImageObject","inLanguage":"fr-FR","@id":"https:\/\/fvdrc.com\/#\/schema\/logo\/image\/","url":"https:\/\/fvdrc.com\/wp-content\/uploads\/2020\/06\/DRC-logo@2x.png","contentUrl":"https:\/\/fvdrc.com\/wp-content\/uploads\/2020\/06\/DRC-logo@2x.png","width":261,"height":140,"caption":"Fruit and Vegetable Dispute Resolution Corporation"},"image":{"@id":"https:\/\/fvdrc.com\/#\/schema\/logo\/image\/"}}]}},"uagb_featured_image_src":{"full":false,"thumbnail":false,"medium":false,"medium_large":false,"large":false,"gs-tiny":false,"xl":false,"xxl":false,"xxxl":false,"xxxxl":false,"xxxxxl":false,"1536x1536":false,"2048x2048":false,"gb-block-post-grid-landscape":false,"gb-block-post-grid-square":false,"post-thumbnail":false,"twentytwenty-fullscreen":false},"uagb_author_info":{"display_name":"DRC","author_link":"https:\/\/fvdrc.com\/fr\/solutions\/author\/drc\/"},"uagb_comment_info":0,"uagb_excerpt":"OTTAWA, le 26 novembre 2025 &#8211; C\u2019est avec une profonde tristesse que nous vous annon\u00e7ons le d\u00e9c\u00e8s de Fred Webber, pr\u00e9sident-directeur g\u00e9n\u00e9ral retrait\u00e9 de la Corporation de r\u00e8glement des diff\u00e9rends dans les fruits et l\u00e9gumes (la DRC) , survenu le 24 novembre 2025. Il laisse derri\u00e8re lui un h\u00e9ritage remarquable, fa\u00e7onn\u00e9 par son engagement ind\u00e9fectible&hellip;","_links":{"self":[{"href":"https:\/\/fvdrc.com\/fr\/wp-json\/wp\/v2\/news\/14533","targetHints":{"allow":["GET"]}}],"collection":[{"href":"https:\/\/fvdrc.com\/fr\/wp-json\/wp\/v2\/news"}],"about":[{"href":"https:\/\/fvdrc.com\/fr\/wp-json\/wp\/v2\/types\/news"}],"author":[{"embeddable":true,"href":"https:\/\/fvdrc.com\/fr\/wp-json\/wp\/v2\/users\/2"}],"wp:attachment":[{"href":"https:\/\/fvdrc.com\/fr\/wp-json\/wp\/v2\/media?parent=14533"}],"wp:term":[{"taxonomy":"news_category","embeddable":true,"href":"https:\/\/fvdrc.com\/fr\/wp-json\/wp\/v2\/news_category?post=14533"},{"taxonomy":"news_tags","embeddable":true,"href":"https:\/\/fvdrc.com\/fr\/wp-json\/wp\/v2\/news_tags?post=14533"}],"curies":[{"name":"wp","href":"https:\/\/api.w.org\/{rel}","templated":true}]}}