{"id":1391,"date":"2017-12-01T14:42:45","date_gmt":"2017-12-01T19:42:45","guid":{"rendered":"https:\/\/www.fvdrc.com\/?post_type=news&#038;p=1391"},"modified":"2020-06-15T16:14:27","modified_gmt":"2020-06-15T20:14:27","slug":"renegociations-de-lalena-et-la-drc","status":"publish","type":"news","link":"https:\/\/fvdrc.com\/fr\/nouvelles\/renegociations-de-lalena-et-la-drc\/","title":{"rendered":"Ren\u00e9gociations de l\u2019AL\u00c9NA et la DRC"},"content":{"rendered":"<p>&nbsp;<\/p>\n<p>Nous avons re\u00e7u plusieurs questions des membres de la DRC concernant les impacts que les changements \u00e0 l\u2019ALENA pourraient avoir sur la DRC, particuli\u00e8rement si l\u2019ALENA change radicalement ou est dissous. Nous aimerions d\u00e9samorcer toute pr\u00e9occupation et assurer \u00e0 nos membres que <strong>le r\u00e9sultat des n\u00e9gociations de l\u2019ALENA n\u2019aura aucun impact sur le fonctionnement de la DRC. <\/strong><\/p>\n<p>La cr\u00e9ation d\u2019un organisme tel que la DRC avait \u00e9t\u00e9 abord\u00e9e par les gouvernements et industries des \u00c9tats-Unis, du Canada et du Mexique d\u00e8s les ann\u00e9es 90. L\u2019objectif initial \u00e9tait de mettre en place un ensemble de droits et responsabilit\u00e9s communs qui faciliteraient les \u00e9changes tout en respectant les diff\u00e9rences de chaque pays. L\u2019ALENA a cr\u00e9\u00e9 l\u2019opportunit\u00e9 d\u2019instituer la DRC sous le Comit\u00e9 consultatif des diff\u00e9rends commerciaux priv\u00e9s concernant les produits agricoles (Article 707) de l\u2019ALENA.<\/p>\n<p><strong>Bien que l\u2019ALENA ait engendr\u00e9 la DRC, nous avons progress\u00e9 bien au-del\u00e0 de sa port\u00e9e, avec des membres provenant du monde entier.<\/strong><\/p>\n<p>Il ne faut pas s&#8217;y m\u00e9prendre\u00a0: des changements \u00e0 l\u2019ALENA qui entra\u00eeneraient une barri\u00e8re quelconque aux \u00e9changes pourraient avoir un impact sur nos services \u00e9ducatifs et le type de litiges que nous verrons appara\u00eetre, mais notre r\u00f4le principal et les droits et responsabilit\u00e9s de nos membres ne changeront pas.<\/p>\n<p>Pour toute question ou clarification \u00e0 propos de l\u2019ALENA et de son impact sur la DRC, veuillez communiquer avec le bureau d\u2019assistance de la DRC.<\/p>\n<p>Bureau d\u2019assistance de la DRC | 613 234-0982 | <a href=\"mailto:info@fvdrc.com\">info@fvdrc.com<\/a><\/p>\n","protected":false},"excerpt":{"rendered":"<p>&nbsp; Nous avons re\u00e7u plusieurs questions des membres de la DRC concernant les impacts que les changements \u00e0 l\u2019ALENA pourraient avoir sur la DRC, particuli\u00e8rement si l\u2019ALENA change radicalement ou est dissous. Nous aimerions d\u00e9samorcer toute pr\u00e9occupation et assurer \u00e0 nos membres que le r\u00e9sultat des n\u00e9gociations de l\u2019ALENA n\u2019aura aucun impact sur le fonctionnement [&hellip;]<\/p>\n","protected":false},"author":2,"featured_media":0,"template":"","news_category":[],"news_tags":[],"class_list":["post-1391","news","type-news","status-publish","hentry"],"acf":[],"aioseo_notices":[],"yoast_head":"<!-- This site is optimized with the Yoast SEO plugin v27.4 - https:\/\/yoast.com\/product\/yoast-seo-wordpress\/ -->\n<title>Ren\u00e9gociations de l\u2019AL\u00c9NA et la DRC - Fruit and Vegetable Dispute Resolution Corporation<\/title>\n<meta name=\"robots\" content=\"index, follow, max-snippet:-1, max-image-preview:large, max-video-preview:-1\" \/>\n<link rel=\"canonical\" href=\"https:\/\/www.fvdrc.com\/fr\/nouvelles\/renegociations-de-lalena-et-la-drc\/\" \/>\n<meta property=\"og:locale\" content=\"fr_FR\" \/>\n<meta property=\"og:type\" content=\"article\" \/>\n<meta property=\"og:title\" content=\"Ren\u00e9gociations de l\u2019AL\u00c9NA et la DRC - Fruit and Vegetable Dispute Resolution Corporation\" \/>\n<meta property=\"og:description\" content=\"&nbsp; Nous avons re\u00e7u plusieurs questions des membres de la DRC concernant les impacts que les changements \u00e0 l\u2019ALENA pourraient avoir sur la DRC, particuli\u00e8rement si l\u2019ALENA change radicalement ou est dissous. Nous aimerions d\u00e9samorcer toute pr\u00e9occupation et assurer \u00e0 nos membres que le r\u00e9sultat des n\u00e9gociations de l\u2019ALENA n\u2019aura aucun impact sur le fonctionnement [&hellip;]\" \/>\n<meta property=\"og:url\" content=\"https:\/\/www.fvdrc.com\/fr\/nouvelles\/renegociations-de-lalena-et-la-drc\/\" \/>\n<meta property=\"og:site_name\" content=\"Fruit and Vegetable Dispute Resolution Corporation\" \/>\n<meta property=\"article:modified_time\" content=\"2020-06-15T20:14:27+00:00\" \/>\n<meta name=\"twitter:card\" content=\"summary_large_image\" \/>\n<meta name=\"twitter:label1\" content=\"Est. reading time\" \/>\n\t<meta name=\"twitter:data1\" content=\"1 minute\" \/>\n<script type=\"application\/ld+json\" class=\"yoast-schema-graph\">{\"@context\":\"https:\\\/\\\/schema.org\",\"@graph\":[{\"@type\":\"WebPage\",\"@id\":\"https:\\\/\\\/www.fvdrc.com\\\/fr\\\/nouvelles\\\/renegociations-de-lalena-et-la-drc\\\/\",\"url\":\"https:\\\/\\\/www.fvdrc.com\\\/fr\\\/nouvelles\\\/renegociations-de-lalena-et-la-drc\\\/\",\"name\":\"Ren\u00e9gociations de l\u2019AL\u00c9NA et la DRC - Fruit and Vegetable Dispute Resolution Corporation\",\"isPartOf\":{\"@id\":\"https:\\\/\\\/fvdrc.com\\\/#website\"},\"datePublished\":\"2017-12-01T19:42:45+00:00\",\"dateModified\":\"2020-06-15T20:14:27+00:00\",\"breadcrumb\":{\"@id\":\"https:\\\/\\\/www.fvdrc.com\\\/fr\\\/nouvelles\\\/renegociations-de-lalena-et-la-drc\\\/#breadcrumb\"},\"inLanguage\":\"fr-FR\",\"potentialAction\":[{\"@type\":\"ReadAction\",\"target\":[\"https:\\\/\\\/www.fvdrc.com\\\/fr\\\/nouvelles\\\/renegociations-de-lalena-et-la-drc\\\/\"]}]},{\"@type\":\"BreadcrumbList\",\"@id\":\"https:\\\/\\\/www.fvdrc.com\\\/fr\\\/nouvelles\\\/renegociations-de-lalena-et-la-drc\\\/#breadcrumb\",\"itemListElement\":[{\"@type\":\"ListItem\",\"position\":1,\"name\":\"Home\",\"item\":\"https:\\\/\\\/fvdrc.com\\\/fr\\\/\"},{\"@type\":\"ListItem\",\"position\":2,\"name\":\"Ren\u00e9gociations de l\u2019AL\u00c9NA et la DRC\"}]},{\"@type\":\"WebSite\",\"@id\":\"https:\\\/\\\/fvdrc.com\\\/#website\",\"url\":\"https:\\\/\\\/fvdrc.com\\\/\",\"name\":\"Fruit and Vegetable Dispute Resolution Corporation\",\"description\":\"Trade with Confidence\",\"publisher\":{\"@id\":\"https:\\\/\\\/fvdrc.com\\\/#organization\"},\"potentialAction\":[{\"@type\":\"SearchAction\",\"target\":{\"@type\":\"EntryPoint\",\"urlTemplate\":\"https:\\\/\\\/fvdrc.com\\\/?s={search_term_string}\"},\"query-input\":{\"@type\":\"PropertyValueSpecification\",\"valueRequired\":true,\"valueName\":\"search_term_string\"}}],\"inLanguage\":\"fr-FR\"},{\"@type\":\"Organization\",\"@id\":\"https:\\\/\\\/fvdrc.com\\\/#organization\",\"name\":\"Fruit and Vegetable Dispute Resolution Corporation\",\"url\":\"https:\\\/\\\/fvdrc.com\\\/\",\"logo\":{\"@type\":\"ImageObject\",\"inLanguage\":\"fr-FR\",\"@id\":\"https:\\\/\\\/fvdrc.com\\\/#\\\/schema\\\/logo\\\/image\\\/\",\"url\":\"https:\\\/\\\/fvdrc.com\\\/wp-content\\\/uploads\\\/2020\\\/06\\\/DRC-logo@2x.png\",\"contentUrl\":\"https:\\\/\\\/fvdrc.com\\\/wp-content\\\/uploads\\\/2020\\\/06\\\/DRC-logo@2x.png\",\"width\":261,\"height\":140,\"caption\":\"Fruit and Vegetable Dispute Resolution Corporation\"},\"image\":{\"@id\":\"https:\\\/\\\/fvdrc.com\\\/#\\\/schema\\\/logo\\\/image\\\/\"}}]}<\/script>\n<!-- \/ Yoast SEO plugin. -->","yoast_head_json":{"title":"Ren\u00e9gociations de l\u2019AL\u00c9NA et la DRC - Fruit and Vegetable Dispute Resolution Corporation","robots":{"index":"index","follow":"follow","max-snippet":"max-snippet:-1","max-image-preview":"max-image-preview:large","max-video-preview":"max-video-preview:-1"},"canonical":"https:\/\/www.fvdrc.com\/fr\/nouvelles\/renegociations-de-lalena-et-la-drc\/","og_locale":"fr_FR","og_type":"article","og_title":"Ren\u00e9gociations de l\u2019AL\u00c9NA et la DRC - Fruit and Vegetable Dispute Resolution Corporation","og_description":"&nbsp; Nous avons re\u00e7u plusieurs questions des membres de la DRC concernant les impacts que les changements \u00e0 l\u2019ALENA pourraient avoir sur la DRC, particuli\u00e8rement si l\u2019ALENA change radicalement ou est dissous. Nous aimerions d\u00e9samorcer toute pr\u00e9occupation et assurer \u00e0 nos membres que le r\u00e9sultat des n\u00e9gociations de l\u2019ALENA n\u2019aura aucun impact sur le fonctionnement [&hellip;]","og_url":"https:\/\/www.fvdrc.com\/fr\/nouvelles\/renegociations-de-lalena-et-la-drc\/","og_site_name":"Fruit and Vegetable Dispute Resolution Corporation","article_modified_time":"2020-06-15T20:14:27+00:00","twitter_card":"summary_large_image","twitter_misc":{"Est. reading time":"1 minute"},"schema":{"@context":"https:\/\/schema.org","@graph":[{"@type":"WebPage","@id":"https:\/\/www.fvdrc.com\/fr\/nouvelles\/renegociations-de-lalena-et-la-drc\/","url":"https:\/\/www.fvdrc.com\/fr\/nouvelles\/renegociations-de-lalena-et-la-drc\/","name":"Ren\u00e9gociations de l\u2019AL\u00c9NA et la DRC - Fruit and Vegetable Dispute Resolution Corporation","isPartOf":{"@id":"https:\/\/fvdrc.com\/#website"},"datePublished":"2017-12-01T19:42:45+00:00","dateModified":"2020-06-15T20:14:27+00:00","breadcrumb":{"@id":"https:\/\/www.fvdrc.com\/fr\/nouvelles\/renegociations-de-lalena-et-la-drc\/#breadcrumb"},"inLanguage":"fr-FR","potentialAction":[{"@type":"ReadAction","target":["https:\/\/www.fvdrc.com\/fr\/nouvelles\/renegociations-de-lalena-et-la-drc\/"]}]},{"@type":"BreadcrumbList","@id":"https:\/\/www.fvdrc.com\/fr\/nouvelles\/renegociations-de-lalena-et-la-drc\/#breadcrumb","itemListElement":[{"@type":"ListItem","position":1,"name":"Home","item":"https:\/\/fvdrc.com\/fr\/"},{"@type":"ListItem","position":2,"name":"Ren\u00e9gociations de l\u2019AL\u00c9NA et la DRC"}]},{"@type":"WebSite","@id":"https:\/\/fvdrc.com\/#website","url":"https:\/\/fvdrc.com\/","name":"Fruit and Vegetable Dispute Resolution Corporation","description":"Trade with Confidence","publisher":{"@id":"https:\/\/fvdrc.com\/#organization"},"potentialAction":[{"@type":"SearchAction","target":{"@type":"EntryPoint","urlTemplate":"https:\/\/fvdrc.com\/?s={search_term_string}"},"query-input":{"@type":"PropertyValueSpecification","valueRequired":true,"valueName":"search_term_string"}}],"inLanguage":"fr-FR"},{"@type":"Organization","@id":"https:\/\/fvdrc.com\/#organization","name":"Fruit and Vegetable Dispute Resolution Corporation","url":"https:\/\/fvdrc.com\/","logo":{"@type":"ImageObject","inLanguage":"fr-FR","@id":"https:\/\/fvdrc.com\/#\/schema\/logo\/image\/","url":"https:\/\/fvdrc.com\/wp-content\/uploads\/2020\/06\/DRC-logo@2x.png","contentUrl":"https:\/\/fvdrc.com\/wp-content\/uploads\/2020\/06\/DRC-logo@2x.png","width":261,"height":140,"caption":"Fruit and Vegetable Dispute Resolution Corporation"},"image":{"@id":"https:\/\/fvdrc.com\/#\/schema\/logo\/image\/"}}]}},"uagb_featured_image_src":{"full":false,"thumbnail":false,"medium":false,"medium_large":false,"large":false,"gs-tiny":false,"xl":false,"xxl":false,"xxxl":false,"xxxxl":false,"xxxxxl":false,"1536x1536":false,"2048x2048":false,"gb-block-post-grid-landscape":false,"gb-block-post-grid-square":false,"post-thumbnail":false,"twentytwenty-fullscreen":false},"uagb_author_info":{"display_name":"DRC","author_link":"https:\/\/fvdrc.com\/fr\/solutions\/author\/drc\/"},"uagb_comment_info":0,"uagb_excerpt":"&nbsp; Nous avons re\u00e7u plusieurs questions des membres de la DRC concernant les impacts que les changements \u00e0 l\u2019ALENA pourraient avoir sur la DRC, particuli\u00e8rement si l\u2019ALENA change radicalement ou est dissous. Nous aimerions d\u00e9samorcer toute pr\u00e9occupation et assurer \u00e0 nos membres que le r\u00e9sultat des n\u00e9gociations de l\u2019ALENA n\u2019aura aucun impact sur le fonctionnement&hellip;","_links":{"self":[{"href":"https:\/\/fvdrc.com\/fr\/wp-json\/wp\/v2\/news\/1391","targetHints":{"allow":["GET"]}}],"collection":[{"href":"https:\/\/fvdrc.com\/fr\/wp-json\/wp\/v2\/news"}],"about":[{"href":"https:\/\/fvdrc.com\/fr\/wp-json\/wp\/v2\/types\/news"}],"author":[{"embeddable":true,"href":"https:\/\/fvdrc.com\/fr\/wp-json\/wp\/v2\/users\/2"}],"wp:attachment":[{"href":"https:\/\/fvdrc.com\/fr\/wp-json\/wp\/v2\/media?parent=1391"}],"wp:term":[{"taxonomy":"news_category","embeddable":true,"href":"https:\/\/fvdrc.com\/fr\/wp-json\/wp\/v2\/news_category?post=1391"},{"taxonomy":"news_tags","embeddable":true,"href":"https:\/\/fvdrc.com\/fr\/wp-json\/wp\/v2\/news_tags?post=1391"}],"curies":[{"name":"wp","href":"https:\/\/api.w.org\/{rel}","templated":true}]}}