{"id":5535,"date":"2021-09-01T10:36:28","date_gmt":"2021-09-01T14:36:28","guid":{"rendered":"https:\/\/www.fvdrc.com\/?p=5535"},"modified":"2021-09-01T10:36:29","modified_gmt":"2021-09-01T14:36:29","slug":"kevin-smith-reflexiones-sobre-los-primeros-cinco-meses","status":"publish","type":"post","link":"https:\/\/fvdrc.com\/es\/solutions\/kevin-smith-reflexiones-sobre-los-primeros-cinco-meses\/","title":{"rendered":"Kevin Smith &#8211; Reflexiones sobre los primeros cinco meses"},"content":{"rendered":"\n<p>Me complace haber sido seleccionado como nuevo Vicepresidente de Operaciones de la Corporaci\u00f3n de Soluci\u00f3n de Controversias sobre Frutas y Hortalizas. Tengo una gran responsabilidad a mi cargo, ya que Fred Webber se jubila y Luc Mougeot se convierte en Presidente y Director General. Agradezco mucho la c\u00e1lida bienvenida que he recibido hasta ahora.<\/p>\n<p>Antes de incorporarme a la DRC, desempe\u00f1\u00e9 varios cargos en la Agencia de Inspecci\u00f3n Alimentaria de Canad\u00e1 (CFIA), y previo a mi tiempo en la CFIA, trabaj\u00e9 en el sector privado dentro de las industrias del sector de la carne, los l\u00e1cteos y la confiter\u00eda.<\/p>\n<p>La CFIA es un organismo regulador con un amplio mandato. Dentro de la l\u00ednea de negocio de la alimentaci\u00f3n, el mandato de la CFIA abarca la seguridad alimentaria, la protecci\u00f3n del consumidor y el comercio. Aunque inicialmente me dediqu\u00e9 en gran medida a la seguridad alimentaria, mi trayectoria profesional en la CFIA me orient\u00f3 cada vez m\u00e1s hacia la protecci\u00f3n de los consumidores y el comercio.<\/p>\n<p>He tenido la suerte de trabajar con la DRC como funcionario de enlace de la CFIA con la Junta Directiva de la DRC. Me familiaric\u00e9 con la cultura de la DRC y la encontr\u00e9 extremadamente abierta y profesional, con una profunda pasi\u00f3n por contribuir al bienestar del sector de las frutas y hortalizas. Es una organizaci\u00f3n que llegu\u00e9 a admirar y respetar.<\/p>\n<p>Cambiar de trabajo y de organizaci\u00f3n significa incorporarse a un nuevo equipo y conocer el negocio en detalle. Al ingresar a la DRC, me impresion\u00f3 el alcance de las actividades que la Corporaci\u00f3n lleva a cabo con el sector de las frutas y hortalizas frescas. Aunque la principal actividad de la DRC es la soluci\u00f3n de disputas, tambi\u00e9n se reciben preguntas sobre una variedad de otros temas, como la seguridad alimentaria, los aranceles y los productos retenidos en la frontera. La DRC colabora estrechamente con los miembros, las asociaciones aliadas y los gobiernos para aportar su experiencia en beneficio del sector. Con todo este valor agregado, ser miembro de la DRC es una valiosa inversi\u00f3n. La DRC toma muy en serio su misi\u00f3n y r\u00e1pidamente me involucr\u00e9 en las actividades relacionadas con el cumplimiento de la legislaci\u00f3n para garantizar que se respeten nuestros estatutos y normas de operaci\u00f3n. En la DRC encontr\u00e9 un entorno respetuoso y dedicado que valora las contribuciones de todos.<\/p>\n<p>Seguir\u00e9 trabajando en colaboraci\u00f3n, construyendo sobre mis experiencias anteriores. La DRC seguir\u00e1 trabajando en una serie de cuestiones, como los requisitos de las normas de clasificaci\u00f3n, el Servicio de Inspecci\u00f3n en Destino y las normas con la comunidad internacional. Nos estamos embarcando en el desarrollo de un plan estrat\u00e9gico renovado y estoy entusiasmado con el desarrollo de nuevas oportunidades para la DRC.<\/p>\n<p>A medida que la pandemia siga su curso y aumenten las oportunidades presenciales, me comprometer\u00e9 a aprender m\u00e1s sobre la industria de las frutas y hortalizas para servir mejor a nuestros miembros y acelerar nuestro crecimiento como respetado organismo internacional de soluci\u00f3n de controversias.<\/p>\n<p>Estoy orgulloso de ser miembro de la DRC y espero servir al sector de las frutas y hortalizas y conocer a muchos de ustedes.<\/p>\n","protected":false},"excerpt":{"rendered":"<p>Me complace haber sido seleccionado como nuevo Vicepresidente de Operaciones de la Corporaci\u00f3n de Soluci\u00f3n de Controversias sobre Frutas y Hortalizas. Tengo una gran responsabilidad a mi cargo, ya que Fred Webber se jubila y Luc Mougeot se convierte en Presidente y Director General. Agradezco mucho la c\u00e1lida bienvenida que he recibido hasta ahora. Antes [&hellip;]<\/p>\n","protected":false},"author":2,"featured_media":5071,"comment_status":"closed","ping_status":"closed","sticky":false,"template":"","format":"standard","meta":{"_acf_changed":false,"_coblocks_attr":"","_coblocks_dimensions":"","_coblocks_responsive_height":"","_coblocks_accordion_ie_support":"","om_disable_all_campaigns":false,"_uag_custom_page_level_css":"","_monsterinsights_skip_tracking":false,"_monsterinsights_sitenote_active":false,"_monsterinsights_sitenote_note":"","_monsterinsights_sitenote_category":0,"_uf_show_specific_survey":0,"_uf_disable_surveys":false,"footnotes":"","_wpscppro_dont_share_socialmedia":false,"_wpscppro_custom_social_share_image":0,"_facebook_share_type":"","_twitter_share_type":"","_linkedin_share_type":"","_pinterest_share_type":"","_linkedin_share_type_page":"","_instagram_share_type":"","_medium_share_type":"","_threads_share_type":"","_google_business_share_type":"","_selected_social_profile":[],"_wpsp_enable_custom_social_template":false,"_wpsp_social_scheduling":{"enabled":false,"datetime":null,"platforms":[],"status":"template_only","dateOption":"today","timeOption":"now","customDays":"","customHours":"","customDate":"","customTime":"","schedulingType":"absolute"},"_wpsp_active_default_template":true},"categories":[3],"tags":[],"class_list":["post-5535","post","type-post","status-publish","format-standard","has-post-thumbnail","hentry","category-sin-categorizar"],"acf":[],"aioseo_notices":[],"yoast_head":"<!-- This site is optimized with the Yoast SEO plugin v27.4 - https:\/\/yoast.com\/product\/yoast-seo-wordpress\/ -->\n<title>Kevin Smith - Reflexiones sobre los primeros cinco meses - Fruit and Vegetable Dispute Resolution Corporation<\/title>\n<meta name=\"robots\" content=\"index, follow, max-snippet:-1, max-image-preview:large, max-video-preview:-1\" \/>\n<link rel=\"canonical\" href=\"https:\/\/www.fvdrc.com\/es\/solutions\/kevin-smith-reflexiones-sobre-los-primeros-cinco-meses\/\" \/>\n<meta property=\"og:locale\" content=\"es_ES\" \/>\n<meta property=\"og:type\" content=\"article\" \/>\n<meta property=\"og:title\" content=\"Kevin Smith - Reflexiones sobre los primeros cinco meses - Fruit and Vegetable Dispute Resolution Corporation\" \/>\n<meta property=\"og:description\" content=\"Me complace haber sido seleccionado como nuevo Vicepresidente de Operaciones de la Corporaci\u00f3n de Soluci\u00f3n de Controversias sobre Frutas y Hortalizas. Tengo una gran responsabilidad a mi cargo, ya que Fred Webber se jubila y Luc Mougeot se convierte en Presidente y Director General. Agradezco mucho la c\u00e1lida bienvenida que he recibido hasta ahora. Antes [&hellip;]\" \/>\n<meta property=\"og:url\" content=\"https:\/\/www.fvdrc.com\/es\/solutions\/kevin-smith-reflexiones-sobre-los-primeros-cinco-meses\/\" \/>\n<meta property=\"og:site_name\" content=\"Fruit and Vegetable Dispute Resolution Corporation\" \/>\n<meta property=\"article:published_time\" content=\"2021-09-01T14:36:28+00:00\" \/>\n<meta property=\"article:modified_time\" content=\"2021-09-01T14:36:29+00:00\" \/>\n<meta property=\"og:image\" content=\"https:\/\/secureservercdn.net\/104.238.70.184\/t8t.979.mwp.accessdomain.com\/wp-content\/uploads\/2021\/04\/Kevin_Web_Colour-e1630507299481.jpg?time=1662217403\" \/>\n\t<meta property=\"og:image:width\" content=\"969\" \/>\n\t<meta property=\"og:image:height\" content=\"1212\" \/>\n\t<meta property=\"og:image:type\" content=\"image\/jpeg\" \/>\n<meta name=\"author\" content=\"DRC\" \/>\n<meta name=\"twitter:card\" content=\"summary_large_image\" \/>\n<meta name=\"twitter:label1\" content=\"Written by\" \/>\n\t<meta name=\"twitter:data1\" content=\"DRC\" \/>\n\t<meta name=\"twitter:label2\" content=\"Est. reading time\" \/>\n\t<meta name=\"twitter:data2\" content=\"3 minutes\" \/>\n<script type=\"application\/ld+json\" class=\"yoast-schema-graph\">{\"@context\":\"https:\\\/\\\/schema.org\",\"@graph\":[{\"@type\":\"Article\",\"@id\":\"https:\\\/\\\/www.fvdrc.com\\\/es\\\/solutions\\\/kevin-smith-reflexiones-sobre-los-primeros-cinco-meses\\\/#article\",\"isPartOf\":{\"@id\":\"https:\\\/\\\/www.fvdrc.com\\\/es\\\/solutions\\\/kevin-smith-reflexiones-sobre-los-primeros-cinco-meses\\\/\"},\"author\":{\"name\":\"DRC\",\"@id\":\"https:\\\/\\\/fvdrc.com\\\/#\\\/schema\\\/person\\\/9a44a987eaca5b14f726e1f34a984383\"},\"headline\":\"Kevin Smith &#8211; Reflexiones sobre los primeros cinco meses\",\"datePublished\":\"2021-09-01T14:36:28+00:00\",\"dateModified\":\"2021-09-01T14:36:29+00:00\",\"mainEntityOfPage\":{\"@id\":\"https:\\\/\\\/www.fvdrc.com\\\/es\\\/solutions\\\/kevin-smith-reflexiones-sobre-los-primeros-cinco-meses\\\/\"},\"wordCount\":557,\"publisher\":{\"@id\":\"https:\\\/\\\/fvdrc.com\\\/#organization\"},\"image\":{\"@id\":\"https:\\\/\\\/www.fvdrc.com\\\/es\\\/solutions\\\/kevin-smith-reflexiones-sobre-los-primeros-cinco-meses\\\/#primaryimage\"},\"thumbnailUrl\":\"https:\\\/\\\/fvdrc.com\\\/wp-content\\\/uploads\\\/2021\\\/04\\\/Kevin_Web_Colour-e1630507299481.jpg\",\"articleSection\":[\"Sin categorizar\"],\"inLanguage\":\"es-ES\"},{\"@type\":\"WebPage\",\"@id\":\"https:\\\/\\\/www.fvdrc.com\\\/es\\\/solutions\\\/kevin-smith-reflexiones-sobre-los-primeros-cinco-meses\\\/\",\"url\":\"https:\\\/\\\/www.fvdrc.com\\\/es\\\/solutions\\\/kevin-smith-reflexiones-sobre-los-primeros-cinco-meses\\\/\",\"name\":\"Kevin Smith - Reflexiones sobre los primeros cinco meses - Fruit and Vegetable Dispute Resolution Corporation\",\"isPartOf\":{\"@id\":\"https:\\\/\\\/fvdrc.com\\\/#website\"},\"primaryImageOfPage\":{\"@id\":\"https:\\\/\\\/www.fvdrc.com\\\/es\\\/solutions\\\/kevin-smith-reflexiones-sobre-los-primeros-cinco-meses\\\/#primaryimage\"},\"image\":{\"@id\":\"https:\\\/\\\/www.fvdrc.com\\\/es\\\/solutions\\\/kevin-smith-reflexiones-sobre-los-primeros-cinco-meses\\\/#primaryimage\"},\"thumbnailUrl\":\"https:\\\/\\\/fvdrc.com\\\/wp-content\\\/uploads\\\/2021\\\/04\\\/Kevin_Web_Colour-e1630507299481.jpg\",\"datePublished\":\"2021-09-01T14:36:28+00:00\",\"dateModified\":\"2021-09-01T14:36:29+00:00\",\"breadcrumb\":{\"@id\":\"https:\\\/\\\/www.fvdrc.com\\\/es\\\/solutions\\\/kevin-smith-reflexiones-sobre-los-primeros-cinco-meses\\\/#breadcrumb\"},\"inLanguage\":\"es-ES\",\"potentialAction\":[{\"@type\":\"ReadAction\",\"target\":[\"https:\\\/\\\/www.fvdrc.com\\\/es\\\/solutions\\\/kevin-smith-reflexiones-sobre-los-primeros-cinco-meses\\\/\"]}]},{\"@type\":\"ImageObject\",\"inLanguage\":\"es-ES\",\"@id\":\"https:\\\/\\\/www.fvdrc.com\\\/es\\\/solutions\\\/kevin-smith-reflexiones-sobre-los-primeros-cinco-meses\\\/#primaryimage\",\"url\":\"https:\\\/\\\/fvdrc.com\\\/wp-content\\\/uploads\\\/2021\\\/04\\\/Kevin_Web_Colour-e1630507299481.jpg\",\"contentUrl\":\"https:\\\/\\\/fvdrc.com\\\/wp-content\\\/uploads\\\/2021\\\/04\\\/Kevin_Web_Colour-e1630507299481.jpg\",\"width\":969,\"height\":1212},{\"@type\":\"BreadcrumbList\",\"@id\":\"https:\\\/\\\/www.fvdrc.com\\\/es\\\/solutions\\\/kevin-smith-reflexiones-sobre-los-primeros-cinco-meses\\\/#breadcrumb\",\"itemListElement\":[{\"@type\":\"ListItem\",\"position\":1,\"name\":\"Home\",\"item\":\"https:\\\/\\\/fvdrc.com\\\/es\\\/\"},{\"@type\":\"ListItem\",\"position\":2,\"name\":\"Kevin Smith &#8211; Reflexiones sobre los primeros cinco meses\"}]},{\"@type\":\"WebSite\",\"@id\":\"https:\\\/\\\/fvdrc.com\\\/#website\",\"url\":\"https:\\\/\\\/fvdrc.com\\\/\",\"name\":\"Fruit and Vegetable Dispute Resolution Corporation\",\"description\":\"Trade with Confidence\",\"publisher\":{\"@id\":\"https:\\\/\\\/fvdrc.com\\\/#organization\"},\"potentialAction\":[{\"@type\":\"SearchAction\",\"target\":{\"@type\":\"EntryPoint\",\"urlTemplate\":\"https:\\\/\\\/fvdrc.com\\\/?s={search_term_string}\"},\"query-input\":{\"@type\":\"PropertyValueSpecification\",\"valueRequired\":true,\"valueName\":\"search_term_string\"}}],\"inLanguage\":\"es-ES\"},{\"@type\":\"Organization\",\"@id\":\"https:\\\/\\\/fvdrc.com\\\/#organization\",\"name\":\"Fruit and Vegetable Dispute Resolution Corporation\",\"url\":\"https:\\\/\\\/fvdrc.com\\\/\",\"logo\":{\"@type\":\"ImageObject\",\"inLanguage\":\"es-ES\",\"@id\":\"https:\\\/\\\/fvdrc.com\\\/#\\\/schema\\\/logo\\\/image\\\/\",\"url\":\"https:\\\/\\\/fvdrc.com\\\/wp-content\\\/uploads\\\/2020\\\/06\\\/DRC-logo@2x.png\",\"contentUrl\":\"https:\\\/\\\/fvdrc.com\\\/wp-content\\\/uploads\\\/2020\\\/06\\\/DRC-logo@2x.png\",\"width\":261,\"height\":140,\"caption\":\"Fruit and Vegetable Dispute Resolution Corporation\"},\"image\":{\"@id\":\"https:\\\/\\\/fvdrc.com\\\/#\\\/schema\\\/logo\\\/image\\\/\"}},{\"@type\":\"Person\",\"@id\":\"https:\\\/\\\/fvdrc.com\\\/#\\\/schema\\\/person\\\/9a44a987eaca5b14f726e1f34a984383\",\"name\":\"DRC\",\"image\":{\"@type\":\"ImageObject\",\"inLanguage\":\"es-ES\",\"@id\":\"https:\\\/\\\/secure.gravatar.com\\\/avatar\\\/9e96b42d184bd365caaff20776303ccbfb18e624e781b687ee62ffd71e927990?s=96&d=mm&r=g\",\"url\":\"https:\\\/\\\/secure.gravatar.com\\\/avatar\\\/9e96b42d184bd365caaff20776303ccbfb18e624e781b687ee62ffd71e927990?s=96&d=mm&r=g\",\"contentUrl\":\"https:\\\/\\\/secure.gravatar.com\\\/avatar\\\/9e96b42d184bd365caaff20776303ccbfb18e624e781b687ee62ffd71e927990?s=96&d=mm&r=g\",\"caption\":\"DRC\"},\"url\":\"https:\\\/\\\/fvdrc.com\\\/es\\\/solutions\\\/author\\\/drc\\\/\"}]}<\/script>\n<!-- \/ Yoast SEO plugin. -->","yoast_head_json":{"title":"Kevin Smith - Reflexiones sobre los primeros cinco meses - Fruit and Vegetable Dispute Resolution Corporation","robots":{"index":"index","follow":"follow","max-snippet":"max-snippet:-1","max-image-preview":"max-image-preview:large","max-video-preview":"max-video-preview:-1"},"canonical":"https:\/\/www.fvdrc.com\/es\/solutions\/kevin-smith-reflexiones-sobre-los-primeros-cinco-meses\/","og_locale":"es_ES","og_type":"article","og_title":"Kevin Smith - Reflexiones sobre los primeros cinco meses - Fruit and Vegetable Dispute Resolution Corporation","og_description":"Me complace haber sido seleccionado como nuevo Vicepresidente de Operaciones de la Corporaci\u00f3n de Soluci\u00f3n de Controversias sobre Frutas y Hortalizas. Tengo una gran responsabilidad a mi cargo, ya que Fred Webber se jubila y Luc Mougeot se convierte en Presidente y Director General. Agradezco mucho la c\u00e1lida bienvenida que he recibido hasta ahora. Antes [&hellip;]","og_url":"https:\/\/www.fvdrc.com\/es\/solutions\/kevin-smith-reflexiones-sobre-los-primeros-cinco-meses\/","og_site_name":"Fruit and Vegetable Dispute Resolution Corporation","article_published_time":"2021-09-01T14:36:28+00:00","article_modified_time":"2021-09-01T14:36:29+00:00","og_image":[{"width":969,"height":1212,"url":"https:\/\/secureservercdn.net\/104.238.70.184\/t8t.979.mwp.accessdomain.com\/wp-content\/uploads\/2021\/04\/Kevin_Web_Colour-e1630507299481.jpg?time=1662217403","type":"image\/jpeg"}],"author":"DRC","twitter_card":"summary_large_image","twitter_misc":{"Written by":"DRC","Est. reading time":"3 minutes"},"schema":{"@context":"https:\/\/schema.org","@graph":[{"@type":"Article","@id":"https:\/\/www.fvdrc.com\/es\/solutions\/kevin-smith-reflexiones-sobre-los-primeros-cinco-meses\/#article","isPartOf":{"@id":"https:\/\/www.fvdrc.com\/es\/solutions\/kevin-smith-reflexiones-sobre-los-primeros-cinco-meses\/"},"author":{"name":"DRC","@id":"https:\/\/fvdrc.com\/#\/schema\/person\/9a44a987eaca5b14f726e1f34a984383"},"headline":"Kevin Smith &#8211; Reflexiones sobre los primeros cinco meses","datePublished":"2021-09-01T14:36:28+00:00","dateModified":"2021-09-01T14:36:29+00:00","mainEntityOfPage":{"@id":"https:\/\/www.fvdrc.com\/es\/solutions\/kevin-smith-reflexiones-sobre-los-primeros-cinco-meses\/"},"wordCount":557,"publisher":{"@id":"https:\/\/fvdrc.com\/#organization"},"image":{"@id":"https:\/\/www.fvdrc.com\/es\/solutions\/kevin-smith-reflexiones-sobre-los-primeros-cinco-meses\/#primaryimage"},"thumbnailUrl":"https:\/\/fvdrc.com\/wp-content\/uploads\/2021\/04\/Kevin_Web_Colour-e1630507299481.jpg","articleSection":["Sin categorizar"],"inLanguage":"es-ES"},{"@type":"WebPage","@id":"https:\/\/www.fvdrc.com\/es\/solutions\/kevin-smith-reflexiones-sobre-los-primeros-cinco-meses\/","url":"https:\/\/www.fvdrc.com\/es\/solutions\/kevin-smith-reflexiones-sobre-los-primeros-cinco-meses\/","name":"Kevin Smith - Reflexiones sobre los primeros cinco meses - Fruit and Vegetable Dispute Resolution Corporation","isPartOf":{"@id":"https:\/\/fvdrc.com\/#website"},"primaryImageOfPage":{"@id":"https:\/\/www.fvdrc.com\/es\/solutions\/kevin-smith-reflexiones-sobre-los-primeros-cinco-meses\/#primaryimage"},"image":{"@id":"https:\/\/www.fvdrc.com\/es\/solutions\/kevin-smith-reflexiones-sobre-los-primeros-cinco-meses\/#primaryimage"},"thumbnailUrl":"https:\/\/fvdrc.com\/wp-content\/uploads\/2021\/04\/Kevin_Web_Colour-e1630507299481.jpg","datePublished":"2021-09-01T14:36:28+00:00","dateModified":"2021-09-01T14:36:29+00:00","breadcrumb":{"@id":"https:\/\/www.fvdrc.com\/es\/solutions\/kevin-smith-reflexiones-sobre-los-primeros-cinco-meses\/#breadcrumb"},"inLanguage":"es-ES","potentialAction":[{"@type":"ReadAction","target":["https:\/\/www.fvdrc.com\/es\/solutions\/kevin-smith-reflexiones-sobre-los-primeros-cinco-meses\/"]}]},{"@type":"ImageObject","inLanguage":"es-ES","@id":"https:\/\/www.fvdrc.com\/es\/solutions\/kevin-smith-reflexiones-sobre-los-primeros-cinco-meses\/#primaryimage","url":"https:\/\/fvdrc.com\/wp-content\/uploads\/2021\/04\/Kevin_Web_Colour-e1630507299481.jpg","contentUrl":"https:\/\/fvdrc.com\/wp-content\/uploads\/2021\/04\/Kevin_Web_Colour-e1630507299481.jpg","width":969,"height":1212},{"@type":"BreadcrumbList","@id":"https:\/\/www.fvdrc.com\/es\/solutions\/kevin-smith-reflexiones-sobre-los-primeros-cinco-meses\/#breadcrumb","itemListElement":[{"@type":"ListItem","position":1,"name":"Home","item":"https:\/\/fvdrc.com\/es\/"},{"@type":"ListItem","position":2,"name":"Kevin Smith &#8211; Reflexiones sobre los primeros cinco meses"}]},{"@type":"WebSite","@id":"https:\/\/fvdrc.com\/#website","url":"https:\/\/fvdrc.com\/","name":"Fruit and Vegetable Dispute Resolution Corporation","description":"Trade with Confidence","publisher":{"@id":"https:\/\/fvdrc.com\/#organization"},"potentialAction":[{"@type":"SearchAction","target":{"@type":"EntryPoint","urlTemplate":"https:\/\/fvdrc.com\/?s={search_term_string}"},"query-input":{"@type":"PropertyValueSpecification","valueRequired":true,"valueName":"search_term_string"}}],"inLanguage":"es-ES"},{"@type":"Organization","@id":"https:\/\/fvdrc.com\/#organization","name":"Fruit and Vegetable Dispute Resolution Corporation","url":"https:\/\/fvdrc.com\/","logo":{"@type":"ImageObject","inLanguage":"es-ES","@id":"https:\/\/fvdrc.com\/#\/schema\/logo\/image\/","url":"https:\/\/fvdrc.com\/wp-content\/uploads\/2020\/06\/DRC-logo@2x.png","contentUrl":"https:\/\/fvdrc.com\/wp-content\/uploads\/2020\/06\/DRC-logo@2x.png","width":261,"height":140,"caption":"Fruit and Vegetable Dispute Resolution Corporation"},"image":{"@id":"https:\/\/fvdrc.com\/#\/schema\/logo\/image\/"}},{"@type":"Person","@id":"https:\/\/fvdrc.com\/#\/schema\/person\/9a44a987eaca5b14f726e1f34a984383","name":"DRC","image":{"@type":"ImageObject","inLanguage":"es-ES","@id":"https:\/\/secure.gravatar.com\/avatar\/9e96b42d184bd365caaff20776303ccbfb18e624e781b687ee62ffd71e927990?s=96&d=mm&r=g","url":"https:\/\/secure.gravatar.com\/avatar\/9e96b42d184bd365caaff20776303ccbfb18e624e781b687ee62ffd71e927990?s=96&d=mm&r=g","contentUrl":"https:\/\/secure.gravatar.com\/avatar\/9e96b42d184bd365caaff20776303ccbfb18e624e781b687ee62ffd71e927990?s=96&d=mm&r=g","caption":"DRC"},"url":"https:\/\/fvdrc.com\/es\/solutions\/author\/drc\/"}]}},"featured_image_src":"https:\/\/fvdrc.com\/wp-content\/uploads\/2021\/04\/Kevin_Web_Colour-600x400.jpg","featured_image_src_square":"https:\/\/fvdrc.com\/wp-content\/uploads\/2021\/04\/Kevin_Web_Colour-600x600.jpg","author_info":{"display_name":"DRC","author_link":"https:\/\/fvdrc.com\/es\/solutions\/author\/drc\/"},"uagb_featured_image_src":{"full":["https:\/\/fvdrc.com\/wp-content\/uploads\/2021\/04\/Kevin_Web_Colour-e1630507299481.jpg",969,1212,false],"thumbnail":["https:\/\/fvdrc.com\/wp-content\/uploads\/2021\/04\/Kevin_Web_Colour-150x150.jpg",150,150,true],"medium":["https:\/\/fvdrc.com\/wp-content\/uploads\/2021\/04\/Kevin_Web_Colour-240x300.jpg",240,300,true],"medium_large":["https:\/\/fvdrc.com\/wp-content\/uploads\/2021\/04\/Kevin_Web_Colour-768x961.jpg",768,961,true],"large":["https:\/\/fvdrc.com\/wp-content\/uploads\/2021\/04\/Kevin_Web_Colour-819x1024.jpg",819,1024,true],"gs-tiny":["https:\/\/fvdrc.com\/wp-content\/uploads\/2021\/04\/Kevin_Web_Colour-e1630507299481.jpg",50,63,false],"xl":["https:\/\/fvdrc.com\/wp-content\/uploads\/2021\/04\/Kevin_Web_Colour-e1630507299481.jpg",969,1212,false],"xxl":["https:\/\/fvdrc.com\/wp-content\/uploads\/2021\/04\/Kevin_Web_Colour-e1630507299481.jpg",969,1212,false],"xxxl":["https:\/\/fvdrc.com\/wp-content\/uploads\/2021\/04\/Kevin_Web_Colour-e1630507299481.jpg",969,1212,false],"xxxxl":["https:\/\/fvdrc.com\/wp-content\/uploads\/2021\/04\/Kevin_Web_Colour-e1630507299481.jpg",969,1212,false],"xxxxxl":["https:\/\/fvdrc.com\/wp-content\/uploads\/2021\/04\/Kevin_Web_Colour-e1630507299481.jpg",969,1212,false],"1536x1536":["https:\/\/fvdrc.com\/wp-content\/uploads\/2021\/04\/Kevin_Web_Colour-e1630507299481.jpg",969,1212,false],"2048x2048":["https:\/\/fvdrc.com\/wp-content\/uploads\/2021\/04\/Kevin_Web_Colour-e1630507299481.jpg",969,1212,false],"gb-block-post-grid-landscape":["https:\/\/fvdrc.com\/wp-content\/uploads\/2021\/04\/Kevin_Web_Colour-600x400.jpg",600,400,true],"gb-block-post-grid-square":["https:\/\/fvdrc.com\/wp-content\/uploads\/2021\/04\/Kevin_Web_Colour-600x600.jpg",600,600,true],"post-thumbnail":["https:\/\/fvdrc.com\/wp-content\/uploads\/2021\/04\/Kevin_Web_Colour-e1630507299481.jpg",969,1212,false],"twentytwenty-fullscreen":["https:\/\/fvdrc.com\/wp-content\/uploads\/2021\/04\/Kevin_Web_Colour-e1630507299481.jpg",969,1212,false]},"uagb_author_info":{"display_name":"DRC","author_link":"https:\/\/fvdrc.com\/es\/solutions\/author\/drc\/"},"uagb_comment_info":0,"uagb_excerpt":"Me complace haber sido seleccionado como nuevo Vicepresidente de Operaciones de la Corporaci\u00f3n de Soluci\u00f3n de Controversias sobre Frutas y Hortalizas. Tengo una gran responsabilidad a mi cargo, ya que Fred Webber se jubila y Luc Mougeot se convierte en Presidente y Director General. Agradezco mucho la c\u00e1lida bienvenida que he recibido hasta ahora. Antes&hellip;","_links":{"self":[{"href":"https:\/\/fvdrc.com\/es\/wp-json\/wp\/v2\/posts\/5535","targetHints":{"allow":["GET"]}}],"collection":[{"href":"https:\/\/fvdrc.com\/es\/wp-json\/wp\/v2\/posts"}],"about":[{"href":"https:\/\/fvdrc.com\/es\/wp-json\/wp\/v2\/types\/post"}],"author":[{"embeddable":true,"href":"https:\/\/fvdrc.com\/es\/wp-json\/wp\/v2\/users\/2"}],"replies":[{"embeddable":true,"href":"https:\/\/fvdrc.com\/es\/wp-json\/wp\/v2\/comments?post=5535"}],"version-history":[{"count":1,"href":"https:\/\/fvdrc.com\/es\/wp-json\/wp\/v2\/posts\/5535\/revisions"}],"predecessor-version":[{"id":5536,"href":"https:\/\/fvdrc.com\/es\/wp-json\/wp\/v2\/posts\/5535\/revisions\/5536"}],"wp:featuredmedia":[{"embeddable":true,"href":"https:\/\/fvdrc.com\/es\/wp-json\/wp\/v2\/media\/5071"}],"wp:attachment":[{"href":"https:\/\/fvdrc.com\/es\/wp-json\/wp\/v2\/media?parent=5535"}],"wp:term":[{"taxonomy":"category","embeddable":true,"href":"https:\/\/fvdrc.com\/es\/wp-json\/wp\/v2\/categories?post=5535"},{"taxonomy":"post_tag","embeddable":true,"href":"https:\/\/fvdrc.com\/es\/wp-json\/wp\/v2\/tags?post=5535"}],"curies":[{"name":"wp","href":"https:\/\/api.w.org\/{rel}","templated":true}]}}