{"id":5467,"date":"2021-07-29T09:28:56","date_gmt":"2021-07-29T13:28:56","guid":{"rendered":"https:\/\/www.fvdrc.com\/?p=5467"},"modified":"2021-07-29T09:28:57","modified_gmt":"2021-07-29T13:28:57","slug":"reunion-general-anual-de-la-junta-directiva-de-2021","status":"publish","type":"post","link":"https:\/\/fvdrc.com\/es\/solutions\/reunion-general-anual-de-la-junta-directiva-de-2021\/","title":{"rendered":"Reuni\u00f3n General Anual de la Junta Directiva de 2021"},"content":{"rendered":"\n<p>Se celebr\u00f3 la Reuni\u00f3n General Anual (AGM) de la DRC y su Junta Directiva\u00a0virtualmente del 2 al 4 de junio de 2021. El personal de la DRC inform\u00f3 sobre los estados financieros auditados y las prioridades clave de la Corporaci\u00f3n, incluyendo Membres\u00eda, Mercadotecnia y Asistencia Comercial. La Junta tambi\u00e9n recibi\u00f3 actualizaciones de la Agencia de Inspecci\u00f3n Alimentaria de Canad\u00e1 sobre los Servicios de Inspecci\u00f3n en Destino, la aplicaci\u00f3n del Reglamento sobre la Salubridad de los Alimentos en Canad\u00e1 y el proyecto de normas de clasificaci\u00f3n de la DRC.<\/p>\n<p>\u00a0<\/p>\n<p>Durante la Reuni\u00f3n General Anual, los miembros eligieron a Frank Spagnuolo (Canad\u00e1), Tony Martin (Canad\u00e1), Robert Guenther (EUA), George Pitsikoulis (Canad\u00e1), Gerardo Mena Prieto (M\u00e9xico) y Felipe Silva (Chile) como directores.<\/p>\n","protected":false},"excerpt":{"rendered":"<p>Se celebr\u00f3 la Reuni\u00f3n General Anual (AGM) de la DRC y su Junta Directiva\u00a0virtualmente del 2 al 4 de junio de 2021. El personal de la DRC inform\u00f3 sobre los estados financieros auditados y las prioridades clave de la Corporaci\u00f3n, incluyendo Membres\u00eda, Mercadotecnia y Asistencia Comercial. La Junta tambi\u00e9n recibi\u00f3 actualizaciones de la Agencia de [&hellip;]<\/p>\n","protected":false},"author":2,"featured_media":5463,"comment_status":"closed","ping_status":"closed","sticky":false,"template":"","format":"standard","meta":{"_acf_changed":false,"_coblocks_attr":"","_coblocks_dimensions":"","_coblocks_responsive_height":"","_coblocks_accordion_ie_support":"","om_disable_all_campaigns":false,"_uag_custom_page_level_css":"","_monsterinsights_skip_tracking":false,"_monsterinsights_sitenote_active":false,"_monsterinsights_sitenote_note":"","_monsterinsights_sitenote_category":0,"_uf_show_specific_survey":0,"_uf_disable_surveys":false,"footnotes":"","_wpscppro_dont_share_socialmedia":false,"_wpscppro_custom_social_share_image":0,"_facebook_share_type":"","_twitter_share_type":"","_linkedin_share_type":"","_pinterest_share_type":"","_linkedin_share_type_page":"","_instagram_share_type":"","_medium_share_type":"","_threads_share_type":"","_google_business_share_type":"","_selected_social_profile":[],"_wpsp_enable_custom_social_template":false,"_wpsp_social_scheduling":{"enabled":false,"datetime":null,"platforms":[],"status":"template_only","dateOption":"today","timeOption":"now","customDays":"","customHours":"","customDate":"","customTime":"","schedulingType":"absolute"},"_wpsp_active_default_template":true},"categories":[3],"tags":[],"class_list":["post-5467","post","type-post","status-publish","format-standard","has-post-thumbnail","hentry","category-sin-categorizar"],"acf":[],"aioseo_notices":[],"yoast_head":"<!-- This site is optimized with the Yoast SEO plugin v27.4 - https:\/\/yoast.com\/product\/yoast-seo-wordpress\/ -->\n<title>Reuni\u00f3n General Anual de la Junta Directiva de 2021 - Fruit and Vegetable Dispute Resolution Corporation<\/title>\n<meta name=\"robots\" content=\"index, follow, max-snippet:-1, max-image-preview:large, max-video-preview:-1\" \/>\n<link rel=\"canonical\" href=\"https:\/\/www.fvdrc.com\/es\/solutions\/reunion-general-anual-de-la-junta-directiva-de-2021\/\" \/>\n<meta property=\"og:locale\" content=\"es_ES\" \/>\n<meta property=\"og:type\" content=\"article\" \/>\n<meta property=\"og:title\" content=\"Reuni\u00f3n General Anual de la Junta Directiva de 2021 - Fruit and Vegetable Dispute Resolution Corporation\" \/>\n<meta property=\"og:description\" content=\"Se celebr\u00f3 la Reuni\u00f3n General Anual (AGM) de la DRC y su Junta Directiva\u00a0virtualmente del 2 al 4 de junio de 2021. El personal de la DRC inform\u00f3 sobre los estados financieros auditados y las prioridades clave de la Corporaci\u00f3n, incluyendo Membres\u00eda, Mercadotecnia y Asistencia Comercial. La Junta tambi\u00e9n recibi\u00f3 actualizaciones de la Agencia de [&hellip;]\" \/>\n<meta property=\"og:url\" content=\"https:\/\/www.fvdrc.com\/es\/solutions\/reunion-general-anual-de-la-junta-directiva-de-2021\/\" \/>\n<meta property=\"og:site_name\" content=\"Fruit and Vegetable Dispute Resolution Corporation\" \/>\n<meta property=\"article:published_time\" content=\"2021-07-29T13:28:56+00:00\" \/>\n<meta property=\"article:modified_time\" content=\"2021-07-29T13:28:57+00:00\" \/>\n<meta property=\"og:image\" content=\"https:\/\/www.fvdrc.com\/wp-content\/uploads\/2017\/05\/board_meeting.jpg\" \/>\n\t<meta property=\"og:image:width\" content=\"400\" \/>\n\t<meta property=\"og:image:height\" content=\"250\" \/>\n\t<meta property=\"og:image:type\" content=\"image\/jpeg\" \/>\n<meta name=\"author\" content=\"DRC\" \/>\n<meta name=\"twitter:card\" content=\"summary_large_image\" \/>\n<meta name=\"twitter:label1\" content=\"Written by\" \/>\n\t<meta name=\"twitter:data1\" content=\"DRC\" \/>\n\t<meta name=\"twitter:label2\" content=\"Est. reading time\" \/>\n\t<meta name=\"twitter:data2\" content=\"1 minute\" \/>\n<script type=\"application\/ld+json\" class=\"yoast-schema-graph\">{\"@context\":\"https:\\\/\\\/schema.org\",\"@graph\":[{\"@type\":\"Article\",\"@id\":\"https:\\\/\\\/www.fvdrc.com\\\/es\\\/solutions\\\/reunion-general-anual-de-la-junta-directiva-de-2021\\\/#article\",\"isPartOf\":{\"@id\":\"https:\\\/\\\/www.fvdrc.com\\\/es\\\/solutions\\\/reunion-general-anual-de-la-junta-directiva-de-2021\\\/\"},\"author\":{\"name\":\"DRC\",\"@id\":\"https:\\\/\\\/fvdrc.com\\\/#\\\/schema\\\/person\\\/9a44a987eaca5b14f726e1f34a984383\"},\"headline\":\"Reuni\u00f3n General Anual de la Junta Directiva de 2021\",\"datePublished\":\"2021-07-29T13:28:56+00:00\",\"dateModified\":\"2021-07-29T13:28:57+00:00\",\"mainEntityOfPage\":{\"@id\":\"https:\\\/\\\/www.fvdrc.com\\\/es\\\/solutions\\\/reunion-general-anual-de-la-junta-directiva-de-2021\\\/\"},\"wordCount\":136,\"publisher\":{\"@id\":\"https:\\\/\\\/fvdrc.com\\\/#organization\"},\"image\":{\"@id\":\"https:\\\/\\\/www.fvdrc.com\\\/es\\\/solutions\\\/reunion-general-anual-de-la-junta-directiva-de-2021\\\/#primaryimage\"},\"thumbnailUrl\":\"https:\\\/\\\/fvdrc.com\\\/wp-content\\\/uploads\\\/2017\\\/05\\\/board_meeting.jpg\",\"articleSection\":[\"Sin categorizar\"],\"inLanguage\":\"es-ES\"},{\"@type\":\"WebPage\",\"@id\":\"https:\\\/\\\/www.fvdrc.com\\\/es\\\/solutions\\\/reunion-general-anual-de-la-junta-directiva-de-2021\\\/\",\"url\":\"https:\\\/\\\/www.fvdrc.com\\\/es\\\/solutions\\\/reunion-general-anual-de-la-junta-directiva-de-2021\\\/\",\"name\":\"Reuni\u00f3n General Anual de la Junta Directiva de 2021 - Fruit and Vegetable Dispute Resolution Corporation\",\"isPartOf\":{\"@id\":\"https:\\\/\\\/fvdrc.com\\\/#website\"},\"primaryImageOfPage\":{\"@id\":\"https:\\\/\\\/www.fvdrc.com\\\/es\\\/solutions\\\/reunion-general-anual-de-la-junta-directiva-de-2021\\\/#primaryimage\"},\"image\":{\"@id\":\"https:\\\/\\\/www.fvdrc.com\\\/es\\\/solutions\\\/reunion-general-anual-de-la-junta-directiva-de-2021\\\/#primaryimage\"},\"thumbnailUrl\":\"https:\\\/\\\/fvdrc.com\\\/wp-content\\\/uploads\\\/2017\\\/05\\\/board_meeting.jpg\",\"datePublished\":\"2021-07-29T13:28:56+00:00\",\"dateModified\":\"2021-07-29T13:28:57+00:00\",\"breadcrumb\":{\"@id\":\"https:\\\/\\\/www.fvdrc.com\\\/es\\\/solutions\\\/reunion-general-anual-de-la-junta-directiva-de-2021\\\/#breadcrumb\"},\"inLanguage\":\"es-ES\",\"potentialAction\":[{\"@type\":\"ReadAction\",\"target\":[\"https:\\\/\\\/www.fvdrc.com\\\/es\\\/solutions\\\/reunion-general-anual-de-la-junta-directiva-de-2021\\\/\"]}]},{\"@type\":\"ImageObject\",\"inLanguage\":\"es-ES\",\"@id\":\"https:\\\/\\\/www.fvdrc.com\\\/es\\\/solutions\\\/reunion-general-anual-de-la-junta-directiva-de-2021\\\/#primaryimage\",\"url\":\"https:\\\/\\\/fvdrc.com\\\/wp-content\\\/uploads\\\/2017\\\/05\\\/board_meeting.jpg\",\"contentUrl\":\"https:\\\/\\\/fvdrc.com\\\/wp-content\\\/uploads\\\/2017\\\/05\\\/board_meeting.jpg\",\"width\":400,\"height\":250},{\"@type\":\"BreadcrumbList\",\"@id\":\"https:\\\/\\\/www.fvdrc.com\\\/es\\\/solutions\\\/reunion-general-anual-de-la-junta-directiva-de-2021\\\/#breadcrumb\",\"itemListElement\":[{\"@type\":\"ListItem\",\"position\":1,\"name\":\"Home\",\"item\":\"https:\\\/\\\/fvdrc.com\\\/es\\\/\"},{\"@type\":\"ListItem\",\"position\":2,\"name\":\"Reuni\u00f3n General Anual de la Junta Directiva de 2021\"}]},{\"@type\":\"WebSite\",\"@id\":\"https:\\\/\\\/fvdrc.com\\\/#website\",\"url\":\"https:\\\/\\\/fvdrc.com\\\/\",\"name\":\"Fruit and Vegetable Dispute Resolution Corporation\",\"description\":\"Trade with Confidence\",\"publisher\":{\"@id\":\"https:\\\/\\\/fvdrc.com\\\/#organization\"},\"potentialAction\":[{\"@type\":\"SearchAction\",\"target\":{\"@type\":\"EntryPoint\",\"urlTemplate\":\"https:\\\/\\\/fvdrc.com\\\/?s={search_term_string}\"},\"query-input\":{\"@type\":\"PropertyValueSpecification\",\"valueRequired\":true,\"valueName\":\"search_term_string\"}}],\"inLanguage\":\"es-ES\"},{\"@type\":\"Organization\",\"@id\":\"https:\\\/\\\/fvdrc.com\\\/#organization\",\"name\":\"Fruit and Vegetable Dispute Resolution Corporation\",\"url\":\"https:\\\/\\\/fvdrc.com\\\/\",\"logo\":{\"@type\":\"ImageObject\",\"inLanguage\":\"es-ES\",\"@id\":\"https:\\\/\\\/fvdrc.com\\\/#\\\/schema\\\/logo\\\/image\\\/\",\"url\":\"https:\\\/\\\/fvdrc.com\\\/wp-content\\\/uploads\\\/2020\\\/06\\\/DRC-logo@2x.png\",\"contentUrl\":\"https:\\\/\\\/fvdrc.com\\\/wp-content\\\/uploads\\\/2020\\\/06\\\/DRC-logo@2x.png\",\"width\":261,\"height\":140,\"caption\":\"Fruit and Vegetable Dispute Resolution Corporation\"},\"image\":{\"@id\":\"https:\\\/\\\/fvdrc.com\\\/#\\\/schema\\\/logo\\\/image\\\/\"}},{\"@type\":\"Person\",\"@id\":\"https:\\\/\\\/fvdrc.com\\\/#\\\/schema\\\/person\\\/9a44a987eaca5b14f726e1f34a984383\",\"name\":\"DRC\",\"image\":{\"@type\":\"ImageObject\",\"inLanguage\":\"es-ES\",\"@id\":\"https:\\\/\\\/secure.gravatar.com\\\/avatar\\\/9e96b42d184bd365caaff20776303ccbfb18e624e781b687ee62ffd71e927990?s=96&d=mm&r=g\",\"url\":\"https:\\\/\\\/secure.gravatar.com\\\/avatar\\\/9e96b42d184bd365caaff20776303ccbfb18e624e781b687ee62ffd71e927990?s=96&d=mm&r=g\",\"contentUrl\":\"https:\\\/\\\/secure.gravatar.com\\\/avatar\\\/9e96b42d184bd365caaff20776303ccbfb18e624e781b687ee62ffd71e927990?s=96&d=mm&r=g\",\"caption\":\"DRC\"},\"url\":\"https:\\\/\\\/fvdrc.com\\\/es\\\/solutions\\\/author\\\/drc\\\/\"}]}<\/script>\n<!-- \/ Yoast SEO plugin. -->","yoast_head_json":{"title":"Reuni\u00f3n General Anual de la Junta Directiva de 2021 - Fruit and Vegetable Dispute Resolution Corporation","robots":{"index":"index","follow":"follow","max-snippet":"max-snippet:-1","max-image-preview":"max-image-preview:large","max-video-preview":"max-video-preview:-1"},"canonical":"https:\/\/www.fvdrc.com\/es\/solutions\/reunion-general-anual-de-la-junta-directiva-de-2021\/","og_locale":"es_ES","og_type":"article","og_title":"Reuni\u00f3n General Anual de la Junta Directiva de 2021 - Fruit and Vegetable Dispute Resolution Corporation","og_description":"Se celebr\u00f3 la Reuni\u00f3n General Anual (AGM) de la DRC y su Junta Directiva\u00a0virtualmente del 2 al 4 de junio de 2021. El personal de la DRC inform\u00f3 sobre los estados financieros auditados y las prioridades clave de la Corporaci\u00f3n, incluyendo Membres\u00eda, Mercadotecnia y Asistencia Comercial. La Junta tambi\u00e9n recibi\u00f3 actualizaciones de la Agencia de [&hellip;]","og_url":"https:\/\/www.fvdrc.com\/es\/solutions\/reunion-general-anual-de-la-junta-directiva-de-2021\/","og_site_name":"Fruit and Vegetable Dispute Resolution Corporation","article_published_time":"2021-07-29T13:28:56+00:00","article_modified_time":"2021-07-29T13:28:57+00:00","og_image":[{"width":400,"height":250,"url":"https:\/\/www.fvdrc.com\/wp-content\/uploads\/2017\/05\/board_meeting.jpg","type":"image\/jpeg"}],"author":"DRC","twitter_card":"summary_large_image","twitter_misc":{"Written by":"DRC","Est. reading time":"1 minute"},"schema":{"@context":"https:\/\/schema.org","@graph":[{"@type":"Article","@id":"https:\/\/www.fvdrc.com\/es\/solutions\/reunion-general-anual-de-la-junta-directiva-de-2021\/#article","isPartOf":{"@id":"https:\/\/www.fvdrc.com\/es\/solutions\/reunion-general-anual-de-la-junta-directiva-de-2021\/"},"author":{"name":"DRC","@id":"https:\/\/fvdrc.com\/#\/schema\/person\/9a44a987eaca5b14f726e1f34a984383"},"headline":"Reuni\u00f3n General Anual de la Junta Directiva de 2021","datePublished":"2021-07-29T13:28:56+00:00","dateModified":"2021-07-29T13:28:57+00:00","mainEntityOfPage":{"@id":"https:\/\/www.fvdrc.com\/es\/solutions\/reunion-general-anual-de-la-junta-directiva-de-2021\/"},"wordCount":136,"publisher":{"@id":"https:\/\/fvdrc.com\/#organization"},"image":{"@id":"https:\/\/www.fvdrc.com\/es\/solutions\/reunion-general-anual-de-la-junta-directiva-de-2021\/#primaryimage"},"thumbnailUrl":"https:\/\/fvdrc.com\/wp-content\/uploads\/2017\/05\/board_meeting.jpg","articleSection":["Sin categorizar"],"inLanguage":"es-ES"},{"@type":"WebPage","@id":"https:\/\/www.fvdrc.com\/es\/solutions\/reunion-general-anual-de-la-junta-directiva-de-2021\/","url":"https:\/\/www.fvdrc.com\/es\/solutions\/reunion-general-anual-de-la-junta-directiva-de-2021\/","name":"Reuni\u00f3n General Anual de la Junta Directiva de 2021 - Fruit and Vegetable Dispute Resolution Corporation","isPartOf":{"@id":"https:\/\/fvdrc.com\/#website"},"primaryImageOfPage":{"@id":"https:\/\/www.fvdrc.com\/es\/solutions\/reunion-general-anual-de-la-junta-directiva-de-2021\/#primaryimage"},"image":{"@id":"https:\/\/www.fvdrc.com\/es\/solutions\/reunion-general-anual-de-la-junta-directiva-de-2021\/#primaryimage"},"thumbnailUrl":"https:\/\/fvdrc.com\/wp-content\/uploads\/2017\/05\/board_meeting.jpg","datePublished":"2021-07-29T13:28:56+00:00","dateModified":"2021-07-29T13:28:57+00:00","breadcrumb":{"@id":"https:\/\/www.fvdrc.com\/es\/solutions\/reunion-general-anual-de-la-junta-directiva-de-2021\/#breadcrumb"},"inLanguage":"es-ES","potentialAction":[{"@type":"ReadAction","target":["https:\/\/www.fvdrc.com\/es\/solutions\/reunion-general-anual-de-la-junta-directiva-de-2021\/"]}]},{"@type":"ImageObject","inLanguage":"es-ES","@id":"https:\/\/www.fvdrc.com\/es\/solutions\/reunion-general-anual-de-la-junta-directiva-de-2021\/#primaryimage","url":"https:\/\/fvdrc.com\/wp-content\/uploads\/2017\/05\/board_meeting.jpg","contentUrl":"https:\/\/fvdrc.com\/wp-content\/uploads\/2017\/05\/board_meeting.jpg","width":400,"height":250},{"@type":"BreadcrumbList","@id":"https:\/\/www.fvdrc.com\/es\/solutions\/reunion-general-anual-de-la-junta-directiva-de-2021\/#breadcrumb","itemListElement":[{"@type":"ListItem","position":1,"name":"Home","item":"https:\/\/fvdrc.com\/es\/"},{"@type":"ListItem","position":2,"name":"Reuni\u00f3n General Anual de la Junta Directiva de 2021"}]},{"@type":"WebSite","@id":"https:\/\/fvdrc.com\/#website","url":"https:\/\/fvdrc.com\/","name":"Fruit and Vegetable Dispute Resolution Corporation","description":"Trade with Confidence","publisher":{"@id":"https:\/\/fvdrc.com\/#organization"},"potentialAction":[{"@type":"SearchAction","target":{"@type":"EntryPoint","urlTemplate":"https:\/\/fvdrc.com\/?s={search_term_string}"},"query-input":{"@type":"PropertyValueSpecification","valueRequired":true,"valueName":"search_term_string"}}],"inLanguage":"es-ES"},{"@type":"Organization","@id":"https:\/\/fvdrc.com\/#organization","name":"Fruit and Vegetable Dispute Resolution Corporation","url":"https:\/\/fvdrc.com\/","logo":{"@type":"ImageObject","inLanguage":"es-ES","@id":"https:\/\/fvdrc.com\/#\/schema\/logo\/image\/","url":"https:\/\/fvdrc.com\/wp-content\/uploads\/2020\/06\/DRC-logo@2x.png","contentUrl":"https:\/\/fvdrc.com\/wp-content\/uploads\/2020\/06\/DRC-logo@2x.png","width":261,"height":140,"caption":"Fruit and Vegetable Dispute Resolution Corporation"},"image":{"@id":"https:\/\/fvdrc.com\/#\/schema\/logo\/image\/"}},{"@type":"Person","@id":"https:\/\/fvdrc.com\/#\/schema\/person\/9a44a987eaca5b14f726e1f34a984383","name":"DRC","image":{"@type":"ImageObject","inLanguage":"es-ES","@id":"https:\/\/secure.gravatar.com\/avatar\/9e96b42d184bd365caaff20776303ccbfb18e624e781b687ee62ffd71e927990?s=96&d=mm&r=g","url":"https:\/\/secure.gravatar.com\/avatar\/9e96b42d184bd365caaff20776303ccbfb18e624e781b687ee62ffd71e927990?s=96&d=mm&r=g","contentUrl":"https:\/\/secure.gravatar.com\/avatar\/9e96b42d184bd365caaff20776303ccbfb18e624e781b687ee62ffd71e927990?s=96&d=mm&r=g","caption":"DRC"},"url":"https:\/\/fvdrc.com\/es\/solutions\/author\/drc\/"}]}},"featured_image_src":"https:\/\/fvdrc.com\/wp-content\/uploads\/2017\/05\/board_meeting.jpg","featured_image_src_square":"https:\/\/fvdrc.com\/wp-content\/uploads\/2017\/05\/board_meeting.jpg","author_info":{"display_name":"DRC","author_link":"https:\/\/fvdrc.com\/es\/solutions\/author\/drc\/"},"uagb_featured_image_src":{"full":["https:\/\/fvdrc.com\/wp-content\/uploads\/2017\/05\/board_meeting.jpg",400,250,false],"thumbnail":["https:\/\/fvdrc.com\/wp-content\/uploads\/2017\/05\/board_meeting.jpg",150,94,false],"medium":["https:\/\/fvdrc.com\/wp-content\/uploads\/2017\/05\/board_meeting.jpg",300,188,false],"medium_large":["https:\/\/fvdrc.com\/wp-content\/uploads\/2017\/05\/board_meeting.jpg",400,250,false],"large":["https:\/\/fvdrc.com\/wp-content\/uploads\/2017\/05\/board_meeting.jpg",400,250,false],"gs-tiny":["https:\/\/fvdrc.com\/wp-content\/uploads\/2017\/05\/board_meeting.jpg",50,31,false],"xl":["https:\/\/fvdrc.com\/wp-content\/uploads\/2017\/05\/board_meeting.jpg",400,250,false],"xxl":["https:\/\/fvdrc.com\/wp-content\/uploads\/2017\/05\/board_meeting.jpg",400,250,false],"xxxl":["https:\/\/fvdrc.com\/wp-content\/uploads\/2017\/05\/board_meeting.jpg",400,250,false],"xxxxl":["https:\/\/fvdrc.com\/wp-content\/uploads\/2017\/05\/board_meeting.jpg",400,250,false],"xxxxxl":["https:\/\/fvdrc.com\/wp-content\/uploads\/2017\/05\/board_meeting.jpg",400,250,false],"1536x1536":["https:\/\/fvdrc.com\/wp-content\/uploads\/2017\/05\/board_meeting.jpg",400,250,false],"2048x2048":["https:\/\/fvdrc.com\/wp-content\/uploads\/2017\/05\/board_meeting.jpg",400,250,false],"gb-block-post-grid-landscape":["https:\/\/fvdrc.com\/wp-content\/uploads\/2017\/05\/board_meeting.jpg",400,250,false],"gb-block-post-grid-square":["https:\/\/fvdrc.com\/wp-content\/uploads\/2017\/05\/board_meeting.jpg",400,250,false],"post-thumbnail":["https:\/\/fvdrc.com\/wp-content\/uploads\/2017\/05\/board_meeting.jpg",400,250,false],"twentytwenty-fullscreen":["https:\/\/fvdrc.com\/wp-content\/uploads\/2017\/05\/board_meeting.jpg",400,250,false]},"uagb_author_info":{"display_name":"DRC","author_link":"https:\/\/fvdrc.com\/es\/solutions\/author\/drc\/"},"uagb_comment_info":0,"uagb_excerpt":"Se celebr\u00f3 la Reuni\u00f3n General Anual (AGM) de la DRC y su Junta Directiva\u00a0virtualmente del 2 al 4 de junio de 2021. El personal de la DRC inform\u00f3 sobre los estados financieros auditados y las prioridades clave de la Corporaci\u00f3n, incluyendo Membres\u00eda, Mercadotecnia y Asistencia Comercial. La Junta tambi\u00e9n recibi\u00f3 actualizaciones de la Agencia de&hellip;","_links":{"self":[{"href":"https:\/\/fvdrc.com\/es\/wp-json\/wp\/v2\/posts\/5467","targetHints":{"allow":["GET"]}}],"collection":[{"href":"https:\/\/fvdrc.com\/es\/wp-json\/wp\/v2\/posts"}],"about":[{"href":"https:\/\/fvdrc.com\/es\/wp-json\/wp\/v2\/types\/post"}],"author":[{"embeddable":true,"href":"https:\/\/fvdrc.com\/es\/wp-json\/wp\/v2\/users\/2"}],"replies":[{"embeddable":true,"href":"https:\/\/fvdrc.com\/es\/wp-json\/wp\/v2\/comments?post=5467"}],"version-history":[{"count":1,"href":"https:\/\/fvdrc.com\/es\/wp-json\/wp\/v2\/posts\/5467\/revisions"}],"predecessor-version":[{"id":5468,"href":"https:\/\/fvdrc.com\/es\/wp-json\/wp\/v2\/posts\/5467\/revisions\/5468"}],"wp:featuredmedia":[{"embeddable":true,"href":"https:\/\/fvdrc.com\/es\/wp-json\/wp\/v2\/media\/5463"}],"wp:attachment":[{"href":"https:\/\/fvdrc.com\/es\/wp-json\/wp\/v2\/media?parent=5467"}],"wp:term":[{"taxonomy":"category","embeddable":true,"href":"https:\/\/fvdrc.com\/es\/wp-json\/wp\/v2\/categories?post=5467"},{"taxonomy":"post_tag","embeddable":true,"href":"https:\/\/fvdrc.com\/es\/wp-json\/wp\/v2\/tags?post=5467"}],"curies":[{"name":"wp","href":"https:\/\/api.w.org\/{rel}","templated":true}]}}