{"id":4859,"date":"2021-02-23T15:43:38","date_gmt":"2021-02-23T20:43:38","guid":{"rendered":"https:\/\/www.fvdrc.com\/?p=4859"},"modified":"2021-02-23T15:43:39","modified_gmt":"2021-02-23T20:43:39","slug":"freds-corner-como-recordara-el-ano-2020","status":"publish","type":"post","link":"https:\/\/fvdrc.com\/es\/solutions\/freds-corner-como-recordara-el-ano-2020\/","title":{"rendered":"Fred&#8217;s Corner: \u00bfC\u00f3mo recordar\u00e1 el a\u00f1o 2020?"},"content":{"rendered":"\n<p>FCW \u2013 Mientras paso a la jubilaci\u00f3n a tiempo completo, estar\u00e9 contribuyendo con una serie de reflexiones al blog de Solutions de la DRC.<\/p>\n<p>\u00bfC\u00f3mo recordar\u00e1 el a\u00f1o 2020?<\/p>\n<p>En una palabra, Aleccionadora. Al comenzar enero, ten\u00eda una nueva nieta (en EUA) que nacer\u00eda en unas semanas, y mi esposa y yo est\u00e1bamos esperando nuestro viaje al Caribe un poco m\u00e1s tarde. Tambi\u00e9n est\u00e1bamos haciendo planes para celebrar en el lago el s\u00e9ptimo cumplea\u00f1os de mi otra nieta (que tambi\u00e9n vive en EUA). \u00bf\u00a1Qu\u00e9 podr\u00eda ser mejor!?<\/p>\n<p>La DRC celebraba sus 20 a\u00f1os de funcionamiento y cumpl\u00eda su mandato como autoridad canadiense de soluci\u00f3n de controversias, reconocido oficialmente en la ya vigente Reglamento sobre la Salubridad de los Alimentos en Canad\u00e1. Estaban en marcha planes para una renovaci\u00f3n y celebraciones a lo largo del a\u00f1o, incluyendo planes para reunirse con nuestros miembros y agradecerles cara a cara su apoyo. \u00a0\u00a0\u00a0<\/p>\n<p>Poco sab\u00edamos que un virus reportado por la Organizaci\u00f3n Mundial de la Salud (OMS) el 31 de diciembre de 2019 consumir\u00eda 2020. Un mes despu\u00e9s, el 30 de enero de 2020, la OMS declar\u00f3 el COVID-19 como emergencia sanitaria mundial, y semanas m\u00e1s tarde, el 11 de marzo de 2020, el COVID-19 fue declarado pandemia mundial.\u00a0<\/p>\n<p>\u00bfRecuerda usted lo que estaba hacienda esa semana? Yo estaba sentado en un gran sal\u00f3n de baile en una cena despu\u00e9s de una reuni\u00f3n anual de la industria. La gente hab\u00eda volado desde todas partes. Todav\u00eda no sab\u00edamos lo que era el distanciamiento social, y \u00a1nadie recomendaba que el p\u00fablico llevara mascarillas! Estrech\u00e9 la mano de muchos amigos y, por supuesto, el beso en la mejilla cuando correspond\u00eda. \u00a1Qu\u00e9 r\u00e1pido cambiaron las cosas!<\/p>\n<p>Se cancelaron las ferias. Los planes de mercadotecnia fueron destripados y devueltos a la mesa de dise\u00f1o.\u00a0 \u00a0Los presupuestos para viajes de negocios se convirtieron en inversiones en tecnolog\u00eda virtual y el trabajo desde casa en una realidad para muchos. \u00a1El papel higi\u00e9nico y las toallitas Lysol podr\u00edan haberse utilizado como moneda de cambio! La autoevaluaci\u00f3n matutina de COVID-19, las mascarillas, los desinfectantes para manos y el distanciamiento f\u00edsico de dos metros, se convirtieron en algo tan rutinario como la taza de caf\u00e9 en la ma\u00f1ana.<\/p>\n<p>La comunicaci\u00f3n dentro y fuera de la oficina tuvo que cambiar, y lo hizo, pr\u00e1cticamente de la noche a la ma\u00f1ana. Desde mi punto de vista, esta industria, como siempre lo ha hecho, se adapt\u00f3 y super\u00f3. Las frutas y verduras siguieron llegando a los consumidores a trav\u00e9s de diferentes canales.\u00a0 \u00a0\u00a0\u00a0\u00a0<\/p>\n<p>\u00bfC\u00f3mo recordar\u00e1 nuestro sector el a\u00f1o 2020? Creo que fue el \u201ca\u00f1o del pivote\u201d. Pivotar se ha convertido en una palabra de moda en los negocios en general, pero el sector de las frutas y hortalizas frescas lo ha definido al reaccionar ante una amenaza imprevista que estaba a punto de hacer tambalear la estabilidad de la actual cadena de comercializaci\u00f3n y distribuci\u00f3n. \u00a0\u00a0<\/p>\n<p>Gracias a todos y cada uno por ser h\u00e9roes y mantenernos alimentados.<\/p>\n","protected":false},"excerpt":{"rendered":"<p>FCW \u2013 Mientras paso a la jubilaci\u00f3n a tiempo completo, estar\u00e9 contribuyendo con una serie de reflexiones al blog de Solutions de la DRC. \u00bfC\u00f3mo recordar\u00e1 el a\u00f1o 2020? En una palabra, Aleccionadora. Al comenzar enero, ten\u00eda una nueva nieta (en EUA) que nacer\u00eda en unas semanas, y mi esposa y yo est\u00e1bamos esperando nuestro [&hellip;]<\/p>\n","protected":false},"author":2,"featured_media":3594,"comment_status":"closed","ping_status":"closed","sticky":false,"template":"","format":"standard","meta":{"_acf_changed":false,"_coblocks_attr":"","_coblocks_dimensions":"","_coblocks_responsive_height":"","_coblocks_accordion_ie_support":"","om_disable_all_campaigns":false,"_uag_custom_page_level_css":"","_monsterinsights_skip_tracking":false,"_monsterinsights_sitenote_active":false,"_monsterinsights_sitenote_note":"","_monsterinsights_sitenote_category":0,"_uf_show_specific_survey":0,"_uf_disable_surveys":false,"footnotes":"","_wpscppro_dont_share_socialmedia":false,"_wpscppro_custom_social_share_image":0,"_facebook_share_type":"","_twitter_share_type":"","_linkedin_share_type":"","_pinterest_share_type":"","_linkedin_share_type_page":"","_instagram_share_type":"","_medium_share_type":"","_threads_share_type":"","_google_business_share_type":"","_selected_social_profile":[],"_wpsp_enable_custom_social_template":false,"_wpsp_social_scheduling":{"enabled":false,"datetime":null,"platforms":[],"status":"template_only","dateOption":"today","timeOption":"now","customDays":"","customHours":"","customDate":"","customTime":"","schedulingType":"absolute"},"_wpsp_active_default_template":true},"categories":[3],"tags":[],"class_list":["post-4859","post","type-post","status-publish","format-standard","has-post-thumbnail","hentry","category-sin-categorizar"],"acf":[],"aioseo_notices":[],"yoast_head":"<!-- This site is optimized with the Yoast SEO plugin v27.4 - https:\/\/yoast.com\/product\/yoast-seo-wordpress\/ -->\n<title>Fred&#039;s Corner: \u00bfC\u00f3mo recordar\u00e1 el a\u00f1o 2020? - Fruit and Vegetable Dispute Resolution Corporation<\/title>\n<meta name=\"robots\" content=\"index, follow, max-snippet:-1, max-image-preview:large, max-video-preview:-1\" \/>\n<link rel=\"canonical\" href=\"https:\/\/www.fvdrc.com\/es\/solutions\/freds-corner-como-recordara-el-ano-2020\/\" \/>\n<meta property=\"og:locale\" content=\"es_ES\" \/>\n<meta property=\"og:type\" content=\"article\" \/>\n<meta property=\"og:title\" content=\"Fred&#039;s Corner: \u00bfC\u00f3mo recordar\u00e1 el a\u00f1o 2020? - Fruit and Vegetable Dispute Resolution Corporation\" \/>\n<meta property=\"og:description\" content=\"FCW \u2013 Mientras paso a la jubilaci\u00f3n a tiempo completo, estar\u00e9 contribuyendo con una serie de reflexiones al blog de Solutions de la DRC. \u00bfC\u00f3mo recordar\u00e1 el a\u00f1o 2020? En una palabra, Aleccionadora. Al comenzar enero, ten\u00eda una nueva nieta (en EUA) que nacer\u00eda en unas semanas, y mi esposa y yo est\u00e1bamos esperando nuestro [&hellip;]\" \/>\n<meta property=\"og:url\" content=\"https:\/\/www.fvdrc.com\/es\/solutions\/freds-corner-como-recordara-el-ano-2020\/\" \/>\n<meta property=\"og:site_name\" content=\"Fruit and Vegetable Dispute Resolution Corporation\" \/>\n<meta property=\"article:published_time\" content=\"2021-02-23T20:43:38+00:00\" \/>\n<meta property=\"article:modified_time\" content=\"2021-02-23T20:43:39+00:00\" \/>\n<meta property=\"og:image\" content=\"https:\/\/secureservercdn.net\/104.238.70.184\/t8t.979.mwp.accessdomain.com\/wp-content\/uploads\/2018\/03\/Fred_Web_Colour-e1619554501668.jpg?time=1662217403\" \/>\n\t<meta property=\"og:image:width\" content=\"600\" \/>\n\t<meta property=\"og:image:height\" content=\"750\" \/>\n\t<meta property=\"og:image:type\" content=\"image\/jpeg\" \/>\n<meta name=\"author\" content=\"DRC\" \/>\n<meta name=\"twitter:card\" content=\"summary_large_image\" \/>\n<meta name=\"twitter:label1\" content=\"Written by\" \/>\n\t<meta name=\"twitter:data1\" content=\"DRC\" \/>\n\t<meta name=\"twitter:label2\" content=\"Est. reading time\" \/>\n\t<meta name=\"twitter:data2\" content=\"3 minutes\" \/>\n<script type=\"application\/ld+json\" class=\"yoast-schema-graph\">{\"@context\":\"https:\\\/\\\/schema.org\",\"@graph\":[{\"@type\":\"Article\",\"@id\":\"https:\\\/\\\/www.fvdrc.com\\\/es\\\/solutions\\\/freds-corner-como-recordara-el-ano-2020\\\/#article\",\"isPartOf\":{\"@id\":\"https:\\\/\\\/www.fvdrc.com\\\/es\\\/solutions\\\/freds-corner-como-recordara-el-ano-2020\\\/\"},\"author\":{\"name\":\"DRC\",\"@id\":\"https:\\\/\\\/fvdrc.com\\\/#\\\/schema\\\/person\\\/9a44a987eaca5b14f726e1f34a984383\"},\"headline\":\"Fred&#8217;s Corner: \u00bfC\u00f3mo recordar\u00e1 el a\u00f1o 2020?\",\"datePublished\":\"2021-02-23T20:43:38+00:00\",\"dateModified\":\"2021-02-23T20:43:39+00:00\",\"mainEntityOfPage\":{\"@id\":\"https:\\\/\\\/www.fvdrc.com\\\/es\\\/solutions\\\/freds-corner-como-recordara-el-ano-2020\\\/\"},\"wordCount\":537,\"publisher\":{\"@id\":\"https:\\\/\\\/fvdrc.com\\\/#organization\"},\"image\":{\"@id\":\"https:\\\/\\\/www.fvdrc.com\\\/es\\\/solutions\\\/freds-corner-como-recordara-el-ano-2020\\\/#primaryimage\"},\"thumbnailUrl\":\"https:\\\/\\\/fvdrc.com\\\/wp-content\\\/uploads\\\/2018\\\/03\\\/Fred_Web_Colour-e1619554501668.jpg\",\"articleSection\":[\"Sin categorizar\"],\"inLanguage\":\"es-ES\"},{\"@type\":\"WebPage\",\"@id\":\"https:\\\/\\\/www.fvdrc.com\\\/es\\\/solutions\\\/freds-corner-como-recordara-el-ano-2020\\\/\",\"url\":\"https:\\\/\\\/www.fvdrc.com\\\/es\\\/solutions\\\/freds-corner-como-recordara-el-ano-2020\\\/\",\"name\":\"Fred's Corner: \u00bfC\u00f3mo recordar\u00e1 el a\u00f1o 2020? - Fruit and Vegetable Dispute Resolution Corporation\",\"isPartOf\":{\"@id\":\"https:\\\/\\\/fvdrc.com\\\/#website\"},\"primaryImageOfPage\":{\"@id\":\"https:\\\/\\\/www.fvdrc.com\\\/es\\\/solutions\\\/freds-corner-como-recordara-el-ano-2020\\\/#primaryimage\"},\"image\":{\"@id\":\"https:\\\/\\\/www.fvdrc.com\\\/es\\\/solutions\\\/freds-corner-como-recordara-el-ano-2020\\\/#primaryimage\"},\"thumbnailUrl\":\"https:\\\/\\\/fvdrc.com\\\/wp-content\\\/uploads\\\/2018\\\/03\\\/Fred_Web_Colour-e1619554501668.jpg\",\"datePublished\":\"2021-02-23T20:43:38+00:00\",\"dateModified\":\"2021-02-23T20:43:39+00:00\",\"breadcrumb\":{\"@id\":\"https:\\\/\\\/www.fvdrc.com\\\/es\\\/solutions\\\/freds-corner-como-recordara-el-ano-2020\\\/#breadcrumb\"},\"inLanguage\":\"es-ES\",\"potentialAction\":[{\"@type\":\"ReadAction\",\"target\":[\"https:\\\/\\\/www.fvdrc.com\\\/es\\\/solutions\\\/freds-corner-como-recordara-el-ano-2020\\\/\"]}]},{\"@type\":\"ImageObject\",\"inLanguage\":\"es-ES\",\"@id\":\"https:\\\/\\\/www.fvdrc.com\\\/es\\\/solutions\\\/freds-corner-como-recordara-el-ano-2020\\\/#primaryimage\",\"url\":\"https:\\\/\\\/fvdrc.com\\\/wp-content\\\/uploads\\\/2018\\\/03\\\/Fred_Web_Colour-e1619554501668.jpg\",\"contentUrl\":\"https:\\\/\\\/fvdrc.com\\\/wp-content\\\/uploads\\\/2018\\\/03\\\/Fred_Web_Colour-e1619554501668.jpg\",\"width\":600,\"height\":750,\"caption\":\"Fred Webber President & CEO\"},{\"@type\":\"BreadcrumbList\",\"@id\":\"https:\\\/\\\/www.fvdrc.com\\\/es\\\/solutions\\\/freds-corner-como-recordara-el-ano-2020\\\/#breadcrumb\",\"itemListElement\":[{\"@type\":\"ListItem\",\"position\":1,\"name\":\"Home\",\"item\":\"https:\\\/\\\/fvdrc.com\\\/es\\\/\"},{\"@type\":\"ListItem\",\"position\":2,\"name\":\"Fred&#8217;s Corner: \u00bfC\u00f3mo recordar\u00e1 el a\u00f1o 2020?\"}]},{\"@type\":\"WebSite\",\"@id\":\"https:\\\/\\\/fvdrc.com\\\/#website\",\"url\":\"https:\\\/\\\/fvdrc.com\\\/\",\"name\":\"Fruit and Vegetable Dispute Resolution Corporation\",\"description\":\"Trade with Confidence\",\"publisher\":{\"@id\":\"https:\\\/\\\/fvdrc.com\\\/#organization\"},\"potentialAction\":[{\"@type\":\"SearchAction\",\"target\":{\"@type\":\"EntryPoint\",\"urlTemplate\":\"https:\\\/\\\/fvdrc.com\\\/?s={search_term_string}\"},\"query-input\":{\"@type\":\"PropertyValueSpecification\",\"valueRequired\":true,\"valueName\":\"search_term_string\"}}],\"inLanguage\":\"es-ES\"},{\"@type\":\"Organization\",\"@id\":\"https:\\\/\\\/fvdrc.com\\\/#organization\",\"name\":\"Fruit and Vegetable Dispute Resolution Corporation\",\"url\":\"https:\\\/\\\/fvdrc.com\\\/\",\"logo\":{\"@type\":\"ImageObject\",\"inLanguage\":\"es-ES\",\"@id\":\"https:\\\/\\\/fvdrc.com\\\/#\\\/schema\\\/logo\\\/image\\\/\",\"url\":\"https:\\\/\\\/fvdrc.com\\\/wp-content\\\/uploads\\\/2020\\\/06\\\/DRC-logo@2x.png\",\"contentUrl\":\"https:\\\/\\\/fvdrc.com\\\/wp-content\\\/uploads\\\/2020\\\/06\\\/DRC-logo@2x.png\",\"width\":261,\"height\":140,\"caption\":\"Fruit and Vegetable Dispute Resolution Corporation\"},\"image\":{\"@id\":\"https:\\\/\\\/fvdrc.com\\\/#\\\/schema\\\/logo\\\/image\\\/\"}},{\"@type\":\"Person\",\"@id\":\"https:\\\/\\\/fvdrc.com\\\/#\\\/schema\\\/person\\\/9a44a987eaca5b14f726e1f34a984383\",\"name\":\"DRC\",\"image\":{\"@type\":\"ImageObject\",\"inLanguage\":\"es-ES\",\"@id\":\"https:\\\/\\\/secure.gravatar.com\\\/avatar\\\/9e96b42d184bd365caaff20776303ccbfb18e624e781b687ee62ffd71e927990?s=96&d=mm&r=g\",\"url\":\"https:\\\/\\\/secure.gravatar.com\\\/avatar\\\/9e96b42d184bd365caaff20776303ccbfb18e624e781b687ee62ffd71e927990?s=96&d=mm&r=g\",\"contentUrl\":\"https:\\\/\\\/secure.gravatar.com\\\/avatar\\\/9e96b42d184bd365caaff20776303ccbfb18e624e781b687ee62ffd71e927990?s=96&d=mm&r=g\",\"caption\":\"DRC\"},\"url\":\"https:\\\/\\\/fvdrc.com\\\/es\\\/solutions\\\/author\\\/drc\\\/\"}]}<\/script>\n<!-- \/ Yoast SEO plugin. -->","yoast_head_json":{"title":"Fred's Corner: \u00bfC\u00f3mo recordar\u00e1 el a\u00f1o 2020? - Fruit and Vegetable Dispute Resolution Corporation","robots":{"index":"index","follow":"follow","max-snippet":"max-snippet:-1","max-image-preview":"max-image-preview:large","max-video-preview":"max-video-preview:-1"},"canonical":"https:\/\/www.fvdrc.com\/es\/solutions\/freds-corner-como-recordara-el-ano-2020\/","og_locale":"es_ES","og_type":"article","og_title":"Fred's Corner: \u00bfC\u00f3mo recordar\u00e1 el a\u00f1o 2020? - Fruit and Vegetable Dispute Resolution Corporation","og_description":"FCW \u2013 Mientras paso a la jubilaci\u00f3n a tiempo completo, estar\u00e9 contribuyendo con una serie de reflexiones al blog de Solutions de la DRC. \u00bfC\u00f3mo recordar\u00e1 el a\u00f1o 2020? En una palabra, Aleccionadora. Al comenzar enero, ten\u00eda una nueva nieta (en EUA) que nacer\u00eda en unas semanas, y mi esposa y yo est\u00e1bamos esperando nuestro [&hellip;]","og_url":"https:\/\/www.fvdrc.com\/es\/solutions\/freds-corner-como-recordara-el-ano-2020\/","og_site_name":"Fruit and Vegetable Dispute Resolution Corporation","article_published_time":"2021-02-23T20:43:38+00:00","article_modified_time":"2021-02-23T20:43:39+00:00","og_image":[{"width":600,"height":750,"url":"https:\/\/secureservercdn.net\/104.238.70.184\/t8t.979.mwp.accessdomain.com\/wp-content\/uploads\/2018\/03\/Fred_Web_Colour-e1619554501668.jpg?time=1662217403","type":"image\/jpeg"}],"author":"DRC","twitter_card":"summary_large_image","twitter_misc":{"Written by":"DRC","Est. reading time":"3 minutes"},"schema":{"@context":"https:\/\/schema.org","@graph":[{"@type":"Article","@id":"https:\/\/www.fvdrc.com\/es\/solutions\/freds-corner-como-recordara-el-ano-2020\/#article","isPartOf":{"@id":"https:\/\/www.fvdrc.com\/es\/solutions\/freds-corner-como-recordara-el-ano-2020\/"},"author":{"name":"DRC","@id":"https:\/\/fvdrc.com\/#\/schema\/person\/9a44a987eaca5b14f726e1f34a984383"},"headline":"Fred&#8217;s Corner: \u00bfC\u00f3mo recordar\u00e1 el a\u00f1o 2020?","datePublished":"2021-02-23T20:43:38+00:00","dateModified":"2021-02-23T20:43:39+00:00","mainEntityOfPage":{"@id":"https:\/\/www.fvdrc.com\/es\/solutions\/freds-corner-como-recordara-el-ano-2020\/"},"wordCount":537,"publisher":{"@id":"https:\/\/fvdrc.com\/#organization"},"image":{"@id":"https:\/\/www.fvdrc.com\/es\/solutions\/freds-corner-como-recordara-el-ano-2020\/#primaryimage"},"thumbnailUrl":"https:\/\/fvdrc.com\/wp-content\/uploads\/2018\/03\/Fred_Web_Colour-e1619554501668.jpg","articleSection":["Sin categorizar"],"inLanguage":"es-ES"},{"@type":"WebPage","@id":"https:\/\/www.fvdrc.com\/es\/solutions\/freds-corner-como-recordara-el-ano-2020\/","url":"https:\/\/www.fvdrc.com\/es\/solutions\/freds-corner-como-recordara-el-ano-2020\/","name":"Fred's Corner: \u00bfC\u00f3mo recordar\u00e1 el a\u00f1o 2020? - Fruit and Vegetable Dispute Resolution Corporation","isPartOf":{"@id":"https:\/\/fvdrc.com\/#website"},"primaryImageOfPage":{"@id":"https:\/\/www.fvdrc.com\/es\/solutions\/freds-corner-como-recordara-el-ano-2020\/#primaryimage"},"image":{"@id":"https:\/\/www.fvdrc.com\/es\/solutions\/freds-corner-como-recordara-el-ano-2020\/#primaryimage"},"thumbnailUrl":"https:\/\/fvdrc.com\/wp-content\/uploads\/2018\/03\/Fred_Web_Colour-e1619554501668.jpg","datePublished":"2021-02-23T20:43:38+00:00","dateModified":"2021-02-23T20:43:39+00:00","breadcrumb":{"@id":"https:\/\/www.fvdrc.com\/es\/solutions\/freds-corner-como-recordara-el-ano-2020\/#breadcrumb"},"inLanguage":"es-ES","potentialAction":[{"@type":"ReadAction","target":["https:\/\/www.fvdrc.com\/es\/solutions\/freds-corner-como-recordara-el-ano-2020\/"]}]},{"@type":"ImageObject","inLanguage":"es-ES","@id":"https:\/\/www.fvdrc.com\/es\/solutions\/freds-corner-como-recordara-el-ano-2020\/#primaryimage","url":"https:\/\/fvdrc.com\/wp-content\/uploads\/2018\/03\/Fred_Web_Colour-e1619554501668.jpg","contentUrl":"https:\/\/fvdrc.com\/wp-content\/uploads\/2018\/03\/Fred_Web_Colour-e1619554501668.jpg","width":600,"height":750,"caption":"Fred Webber President & CEO"},{"@type":"BreadcrumbList","@id":"https:\/\/www.fvdrc.com\/es\/solutions\/freds-corner-como-recordara-el-ano-2020\/#breadcrumb","itemListElement":[{"@type":"ListItem","position":1,"name":"Home","item":"https:\/\/fvdrc.com\/es\/"},{"@type":"ListItem","position":2,"name":"Fred&#8217;s Corner: \u00bfC\u00f3mo recordar\u00e1 el a\u00f1o 2020?"}]},{"@type":"WebSite","@id":"https:\/\/fvdrc.com\/#website","url":"https:\/\/fvdrc.com\/","name":"Fruit and Vegetable Dispute Resolution Corporation","description":"Trade with Confidence","publisher":{"@id":"https:\/\/fvdrc.com\/#organization"},"potentialAction":[{"@type":"SearchAction","target":{"@type":"EntryPoint","urlTemplate":"https:\/\/fvdrc.com\/?s={search_term_string}"},"query-input":{"@type":"PropertyValueSpecification","valueRequired":true,"valueName":"search_term_string"}}],"inLanguage":"es-ES"},{"@type":"Organization","@id":"https:\/\/fvdrc.com\/#organization","name":"Fruit and Vegetable Dispute Resolution Corporation","url":"https:\/\/fvdrc.com\/","logo":{"@type":"ImageObject","inLanguage":"es-ES","@id":"https:\/\/fvdrc.com\/#\/schema\/logo\/image\/","url":"https:\/\/fvdrc.com\/wp-content\/uploads\/2020\/06\/DRC-logo@2x.png","contentUrl":"https:\/\/fvdrc.com\/wp-content\/uploads\/2020\/06\/DRC-logo@2x.png","width":261,"height":140,"caption":"Fruit and Vegetable Dispute Resolution Corporation"},"image":{"@id":"https:\/\/fvdrc.com\/#\/schema\/logo\/image\/"}},{"@type":"Person","@id":"https:\/\/fvdrc.com\/#\/schema\/person\/9a44a987eaca5b14f726e1f34a984383","name":"DRC","image":{"@type":"ImageObject","inLanguage":"es-ES","@id":"https:\/\/secure.gravatar.com\/avatar\/9e96b42d184bd365caaff20776303ccbfb18e624e781b687ee62ffd71e927990?s=96&d=mm&r=g","url":"https:\/\/secure.gravatar.com\/avatar\/9e96b42d184bd365caaff20776303ccbfb18e624e781b687ee62ffd71e927990?s=96&d=mm&r=g","contentUrl":"https:\/\/secure.gravatar.com\/avatar\/9e96b42d184bd365caaff20776303ccbfb18e624e781b687ee62ffd71e927990?s=96&d=mm&r=g","caption":"DRC"},"url":"https:\/\/fvdrc.com\/es\/solutions\/author\/drc\/"}]}},"featured_image_src":"https:\/\/fvdrc.com\/wp-content\/uploads\/2018\/03\/Fred_Web_Colour-e1619554501668.jpg","featured_image_src_square":"https:\/\/fvdrc.com\/wp-content\/uploads\/2018\/03\/Fred_Web_Colour-e1619554501668.jpg","author_info":{"display_name":"DRC","author_link":"https:\/\/fvdrc.com\/es\/solutions\/author\/drc\/"},"uagb_featured_image_src":{"full":["https:\/\/fvdrc.com\/wp-content\/uploads\/2018\/03\/Fred_Web_Colour-e1619554501668.jpg",600,750,false],"thumbnail":["https:\/\/fvdrc.com\/wp-content\/uploads\/2018\/03\/Fred_Web_Colour-e1619554501668.jpg",120,150,false],"medium":["https:\/\/fvdrc.com\/wp-content\/uploads\/2018\/03\/Fred_Web_Colour-e1619554501668.jpg",240,300,false],"medium_large":["https:\/\/fvdrc.com\/wp-content\/uploads\/2018\/03\/Fred_Web_Colour-e1619554501668.jpg",600,750,false],"large":["https:\/\/fvdrc.com\/wp-content\/uploads\/2018\/03\/Fred_Web_Colour-e1619554501668.jpg",600,750,false],"gs-tiny":["https:\/\/fvdrc.com\/wp-content\/uploads\/2018\/03\/Fred_Web_Colour-e1619554501668.jpg",50,63,false],"xl":["https:\/\/fvdrc.com\/wp-content\/uploads\/2018\/03\/Fred_Web_Colour-e1619554501668.jpg",600,750,false],"xxl":["https:\/\/fvdrc.com\/wp-content\/uploads\/2018\/03\/Fred_Web_Colour-e1619554501668.jpg",600,750,false],"xxxl":["https:\/\/fvdrc.com\/wp-content\/uploads\/2018\/03\/Fred_Web_Colour-e1619554501668.jpg",600,750,false],"xxxxl":["https:\/\/fvdrc.com\/wp-content\/uploads\/2018\/03\/Fred_Web_Colour-e1619554501668.jpg",600,750,false],"xxxxxl":["https:\/\/fvdrc.com\/wp-content\/uploads\/2018\/03\/Fred_Web_Colour-e1619554501668.jpg",600,750,false],"1536x1536":["https:\/\/fvdrc.com\/wp-content\/uploads\/2018\/03\/Fred_Web_Colour-e1619554501668.jpg",600,750,false],"2048x2048":["https:\/\/fvdrc.com\/wp-content\/uploads\/2018\/03\/Fred_Web_Colour-e1619554501668.jpg",600,750,false],"gb-block-post-grid-landscape":["https:\/\/fvdrc.com\/wp-content\/uploads\/2018\/03\/Fred_Web_Colour-e1619554501668.jpg",320,400,false],"gb-block-post-grid-square":["https:\/\/fvdrc.com\/wp-content\/uploads\/2018\/03\/Fred_Web_Colour-e1619554501668.jpg",480,600,false],"post-thumbnail":["https:\/\/fvdrc.com\/wp-content\/uploads\/2018\/03\/Fred_Web_Colour-e1619554501668.jpg",600,750,false],"twentytwenty-fullscreen":["https:\/\/fvdrc.com\/wp-content\/uploads\/2018\/03\/Fred_Web_Colour-e1619554501668.jpg",600,750,false]},"uagb_author_info":{"display_name":"DRC","author_link":"https:\/\/fvdrc.com\/es\/solutions\/author\/drc\/"},"uagb_comment_info":0,"uagb_excerpt":"FCW \u2013 Mientras paso a la jubilaci\u00f3n a tiempo completo, estar\u00e9 contribuyendo con una serie de reflexiones al blog de Solutions de la DRC. \u00bfC\u00f3mo recordar\u00e1 el a\u00f1o 2020? En una palabra, Aleccionadora. Al comenzar enero, ten\u00eda una nueva nieta (en EUA) que nacer\u00eda en unas semanas, y mi esposa y yo est\u00e1bamos esperando nuestro&hellip;","_links":{"self":[{"href":"https:\/\/fvdrc.com\/es\/wp-json\/wp\/v2\/posts\/4859","targetHints":{"allow":["GET"]}}],"collection":[{"href":"https:\/\/fvdrc.com\/es\/wp-json\/wp\/v2\/posts"}],"about":[{"href":"https:\/\/fvdrc.com\/es\/wp-json\/wp\/v2\/types\/post"}],"author":[{"embeddable":true,"href":"https:\/\/fvdrc.com\/es\/wp-json\/wp\/v2\/users\/2"}],"replies":[{"embeddable":true,"href":"https:\/\/fvdrc.com\/es\/wp-json\/wp\/v2\/comments?post=4859"}],"version-history":[{"count":1,"href":"https:\/\/fvdrc.com\/es\/wp-json\/wp\/v2\/posts\/4859\/revisions"}],"predecessor-version":[{"id":4860,"href":"https:\/\/fvdrc.com\/es\/wp-json\/wp\/v2\/posts\/4859\/revisions\/4860"}],"wp:featuredmedia":[{"embeddable":true,"href":"https:\/\/fvdrc.com\/es\/wp-json\/wp\/v2\/media\/3594"}],"wp:attachment":[{"href":"https:\/\/fvdrc.com\/es\/wp-json\/wp\/v2\/media?parent=4859"}],"wp:term":[{"taxonomy":"category","embeddable":true,"href":"https:\/\/fvdrc.com\/es\/wp-json\/wp\/v2\/categories?post=4859"},{"taxonomy":"post_tag","embeddable":true,"href":"https:\/\/fvdrc.com\/es\/wp-json\/wp\/v2\/tags?post=4859"}],"curies":[{"name":"wp","href":"https:\/\/api.w.org\/{rel}","templated":true}]}}