{"id":4853,"date":"2021-02-23T15:30:22","date_gmt":"2021-02-23T20:30:22","guid":{"rendered":"https:\/\/www.fvdrc.com\/?p=4853"},"modified":"2021-02-23T15:30:23","modified_gmt":"2021-02-23T20:30:23","slug":"la-organizacion-de-las-naciones-unidas-para-la-alimentacion-y-la-agricultura-fao-lanza-el-ano-internacional-de-las-frutas-y-verduras-de-la-onu","status":"publish","type":"post","link":"https:\/\/fvdrc.com\/es\/solutions\/la-organizacion-de-las-naciones-unidas-para-la-alimentacion-y-la-agricultura-fao-lanza-el-ano-internacional-de-las-frutas-y-verduras-de-la-onu\/","title":{"rendered":"La Organizaci\u00f3n de las Naciones Unidas para la Alimentaci\u00f3n y la Agricultura (FAO) lanza el A\u00f1o Internacional de las Frutas y Verduras de la ONU"},"content":{"rendered":"\n<p>Con un llamamiento para mejorar la producci\u00f3n de alimentos saludables y sostenibles a trav\u00e9s de la innovaci\u00f3n y la tecnolog\u00eda y para reducir la p\u00e9rdida y el desperdicio de alimentos, la ONU ha designado 2021 como el A\u00f1o Internacional de las Frutas y Verduras AIFV).<\/p>\n<p>El AIFV 2021 pretende sensibilizar sobre el importante papel de las frutas y verduras en la nutrici\u00f3n humana, la seguridad alimentaria y la salud, e invita a las partes interesadas a participar y promover la iniciativa.<\/p>\n<p>Se puede encontrar un Manual de comunicaci\u00f3n y un conjunto de herramientas sobre el tema en:<\/p>\n<p><a href=\"http:\/\/www.fao.org\/fruits-vegetables-2021\/communication-toolkit\/es\/\">http:\/\/www.fao.org\/fruits-vegetables-2021\/communication-toolkit\/es\/<\/a><\/p>\n<p>El kit incluye el acceso a un anuncio para la web y un bot\u00f3n web, el logotipo y el cartel del AIFV, as\u00ed como videos y un tablero Trello para las redes sociales.<\/p>\n<p>Todos los materiales est\u00e1n disponibles para su descarga en varios idiomas, y \u00a1se anima a todos los interesados del sector a que corran la voz!<\/p>\n<p>El A\u00f1o Internacional de las Frutas y Verduras 2021 se enmarca en el Decenio de las Naciones Unidas de Acci\u00f3n sobre la Nutrici\u00f3n (2016-2025) y en el Decenio de las Naciones Unidas para la Agricultura Familiar (DAF 2019-2028).<\/p>\n","protected":false},"excerpt":{"rendered":"<p>Con un llamamiento para mejorar la producci\u00f3n de alimentos saludables y sostenibles a trav\u00e9s de la innovaci\u00f3n y la tecnolog\u00eda y para reducir la p\u00e9rdida y el desperdicio de alimentos, la ONU ha designado 2021 como el A\u00f1o Internacional de las Frutas y Verduras AIFV). El AIFV 2021 pretende sensibilizar sobre el importante papel de [&hellip;]<\/p>\n","protected":false},"author":2,"featured_media":4830,"comment_status":"closed","ping_status":"closed","sticky":false,"template":"","format":"standard","meta":{"_acf_changed":false,"_coblocks_attr":"","_coblocks_dimensions":"","_coblocks_responsive_height":"","_coblocks_accordion_ie_support":"","om_disable_all_campaigns":false,"_uag_custom_page_level_css":"","_monsterinsights_skip_tracking":false,"_monsterinsights_sitenote_active":false,"_monsterinsights_sitenote_note":"","_monsterinsights_sitenote_category":0,"_uf_show_specific_survey":0,"_uf_disable_surveys":false,"footnotes":"","_wpscppro_dont_share_socialmedia":false,"_wpscppro_custom_social_share_image":0,"_facebook_share_type":"","_twitter_share_type":"","_linkedin_share_type":"","_pinterest_share_type":"","_linkedin_share_type_page":"","_instagram_share_type":"","_medium_share_type":"","_threads_share_type":"","_google_business_share_type":"","_selected_social_profile":[],"_wpsp_enable_custom_social_template":false,"_wpsp_social_scheduling":{"enabled":false,"datetime":null,"platforms":[],"status":"template_only","dateOption":"today","timeOption":"now","customDays":"","customHours":"","customDate":"","customTime":"","schedulingType":"absolute"},"_wpsp_active_default_template":true},"categories":[3],"tags":[],"class_list":["post-4853","post","type-post","status-publish","format-standard","has-post-thumbnail","hentry","category-sin-categorizar"],"acf":[],"aioseo_notices":[],"yoast_head":"<!-- This site is optimized with the Yoast SEO plugin v27.4 - https:\/\/yoast.com\/product\/yoast-seo-wordpress\/ -->\n<title>La Organizaci\u00f3n de las Naciones Unidas para la Alimentaci\u00f3n y la Agricultura (FAO) lanza el A\u00f1o Internacional de las Frutas y Verduras de la ONU - Fruit and Vegetable Dispute Resolution Corporation<\/title>\n<meta name=\"robots\" content=\"index, follow, max-snippet:-1, max-image-preview:large, max-video-preview:-1\" \/>\n<link rel=\"canonical\" href=\"https:\/\/www.fvdrc.com\/es\/solutions\/la-organizacion-de-las-naciones-unidas-para-la-alimentacion-y-la-agricultura-fao-lanza-el-ano-internacional-de-las-frutas-y-verduras-de-la-onu\/\" \/>\n<meta property=\"og:locale\" content=\"es_ES\" \/>\n<meta property=\"og:type\" content=\"article\" \/>\n<meta property=\"og:title\" content=\"La Organizaci\u00f3n de las Naciones Unidas para la Alimentaci\u00f3n y la Agricultura (FAO) lanza el A\u00f1o Internacional de las Frutas y Verduras de la ONU - Fruit and Vegetable Dispute Resolution Corporation\" \/>\n<meta property=\"og:description\" content=\"Con un llamamiento para mejorar la producci\u00f3n de alimentos saludables y sostenibles a trav\u00e9s de la innovaci\u00f3n y la tecnolog\u00eda y para reducir la p\u00e9rdida y el desperdicio de alimentos, la ONU ha designado 2021 como el A\u00f1o Internacional de las Frutas y Verduras AIFV). El AIFV 2021 pretende sensibilizar sobre el importante papel de [&hellip;]\" \/>\n<meta property=\"og:url\" content=\"https:\/\/www.fvdrc.com\/es\/solutions\/la-organizacion-de-las-naciones-unidas-para-la-alimentacion-y-la-agricultura-fao-lanza-el-ano-internacional-de-las-frutas-y-verduras-de-la-onu\/\" \/>\n<meta property=\"og:site_name\" content=\"Fruit and Vegetable Dispute Resolution Corporation\" \/>\n<meta property=\"article:published_time\" content=\"2021-02-23T20:30:22+00:00\" \/>\n<meta property=\"article:modified_time\" content=\"2021-02-23T20:30:23+00:00\" \/>\n<meta property=\"og:image\" content=\"https:\/\/secureservercdn.net\/104.238.70.184\/t8t.979.mwp.accessdomain.com\/wp-content\/uploads\/2021\/02\/Intrenational-FV-year_spanish.jpg?time=1662217403\" \/>\n\t<meta property=\"og:image:width\" content=\"556\" \/>\n\t<meta property=\"og:image:height\" content=\"391\" \/>\n\t<meta property=\"og:image:type\" content=\"image\/jpeg\" \/>\n<meta name=\"author\" content=\"DRC\" \/>\n<meta name=\"twitter:card\" content=\"summary_large_image\" \/>\n<meta name=\"twitter:label1\" content=\"Written by\" \/>\n\t<meta name=\"twitter:data1\" content=\"DRC\" \/>\n\t<meta name=\"twitter:label2\" content=\"Est. reading time\" \/>\n\t<meta name=\"twitter:data2\" content=\"1 minute\" \/>\n<script type=\"application\/ld+json\" class=\"yoast-schema-graph\">{\"@context\":\"https:\\\/\\\/schema.org\",\"@graph\":[{\"@type\":\"Article\",\"@id\":\"https:\\\/\\\/www.fvdrc.com\\\/es\\\/solutions\\\/la-organizacion-de-las-naciones-unidas-para-la-alimentacion-y-la-agricultura-fao-lanza-el-ano-internacional-de-las-frutas-y-verduras-de-la-onu\\\/#article\",\"isPartOf\":{\"@id\":\"https:\\\/\\\/www.fvdrc.com\\\/es\\\/solutions\\\/la-organizacion-de-las-naciones-unidas-para-la-alimentacion-y-la-agricultura-fao-lanza-el-ano-internacional-de-las-frutas-y-verduras-de-la-onu\\\/\"},\"author\":{\"name\":\"DRC\",\"@id\":\"https:\\\/\\\/fvdrc.com\\\/#\\\/schema\\\/person\\\/9a44a987eaca5b14f726e1f34a984383\"},\"headline\":\"La Organizaci\u00f3n de las Naciones Unidas para la Alimentaci\u00f3n y la Agricultura (FAO) lanza el A\u00f1o Internacional de las Frutas y Verduras de la ONU\",\"datePublished\":\"2021-02-23T20:30:22+00:00\",\"dateModified\":\"2021-02-23T20:30:23+00:00\",\"mainEntityOfPage\":{\"@id\":\"https:\\\/\\\/www.fvdrc.com\\\/es\\\/solutions\\\/la-organizacion-de-las-naciones-unidas-para-la-alimentacion-y-la-agricultura-fao-lanza-el-ano-internacional-de-las-frutas-y-verduras-de-la-onu\\\/\"},\"wordCount\":238,\"publisher\":{\"@id\":\"https:\\\/\\\/fvdrc.com\\\/#organization\"},\"image\":{\"@id\":\"https:\\\/\\\/www.fvdrc.com\\\/es\\\/solutions\\\/la-organizacion-de-las-naciones-unidas-para-la-alimentacion-y-la-agricultura-fao-lanza-el-ano-internacional-de-las-frutas-y-verduras-de-la-onu\\\/#primaryimage\"},\"thumbnailUrl\":\"https:\\\/\\\/fvdrc.com\\\/wp-content\\\/uploads\\\/2021\\\/02\\\/Intrenational-FV-year_spanish.jpg\",\"articleSection\":[\"Sin categorizar\"],\"inLanguage\":\"es-ES\"},{\"@type\":\"WebPage\",\"@id\":\"https:\\\/\\\/www.fvdrc.com\\\/es\\\/solutions\\\/la-organizacion-de-las-naciones-unidas-para-la-alimentacion-y-la-agricultura-fao-lanza-el-ano-internacional-de-las-frutas-y-verduras-de-la-onu\\\/\",\"url\":\"https:\\\/\\\/www.fvdrc.com\\\/es\\\/solutions\\\/la-organizacion-de-las-naciones-unidas-para-la-alimentacion-y-la-agricultura-fao-lanza-el-ano-internacional-de-las-frutas-y-verduras-de-la-onu\\\/\",\"name\":\"La Organizaci\u00f3n de las Naciones Unidas para la Alimentaci\u00f3n y la Agricultura (FAO) lanza el A\u00f1o Internacional de las Frutas y Verduras de la ONU - Fruit and Vegetable Dispute Resolution Corporation\",\"isPartOf\":{\"@id\":\"https:\\\/\\\/fvdrc.com\\\/#website\"},\"primaryImageOfPage\":{\"@id\":\"https:\\\/\\\/www.fvdrc.com\\\/es\\\/solutions\\\/la-organizacion-de-las-naciones-unidas-para-la-alimentacion-y-la-agricultura-fao-lanza-el-ano-internacional-de-las-frutas-y-verduras-de-la-onu\\\/#primaryimage\"},\"image\":{\"@id\":\"https:\\\/\\\/www.fvdrc.com\\\/es\\\/solutions\\\/la-organizacion-de-las-naciones-unidas-para-la-alimentacion-y-la-agricultura-fao-lanza-el-ano-internacional-de-las-frutas-y-verduras-de-la-onu\\\/#primaryimage\"},\"thumbnailUrl\":\"https:\\\/\\\/fvdrc.com\\\/wp-content\\\/uploads\\\/2021\\\/02\\\/Intrenational-FV-year_spanish.jpg\",\"datePublished\":\"2021-02-23T20:30:22+00:00\",\"dateModified\":\"2021-02-23T20:30:23+00:00\",\"breadcrumb\":{\"@id\":\"https:\\\/\\\/www.fvdrc.com\\\/es\\\/solutions\\\/la-organizacion-de-las-naciones-unidas-para-la-alimentacion-y-la-agricultura-fao-lanza-el-ano-internacional-de-las-frutas-y-verduras-de-la-onu\\\/#breadcrumb\"},\"inLanguage\":\"es-ES\",\"potentialAction\":[{\"@type\":\"ReadAction\",\"target\":[\"https:\\\/\\\/www.fvdrc.com\\\/es\\\/solutions\\\/la-organizacion-de-las-naciones-unidas-para-la-alimentacion-y-la-agricultura-fao-lanza-el-ano-internacional-de-las-frutas-y-verduras-de-la-onu\\\/\"]}]},{\"@type\":\"ImageObject\",\"inLanguage\":\"es-ES\",\"@id\":\"https:\\\/\\\/www.fvdrc.com\\\/es\\\/solutions\\\/la-organizacion-de-las-naciones-unidas-para-la-alimentacion-y-la-agricultura-fao-lanza-el-ano-internacional-de-las-frutas-y-verduras-de-la-onu\\\/#primaryimage\",\"url\":\"https:\\\/\\\/fvdrc.com\\\/wp-content\\\/uploads\\\/2021\\\/02\\\/Intrenational-FV-year_spanish.jpg\",\"contentUrl\":\"https:\\\/\\\/fvdrc.com\\\/wp-content\\\/uploads\\\/2021\\\/02\\\/Intrenational-FV-year_spanish.jpg\",\"width\":556,\"height\":391},{\"@type\":\"BreadcrumbList\",\"@id\":\"https:\\\/\\\/www.fvdrc.com\\\/es\\\/solutions\\\/la-organizacion-de-las-naciones-unidas-para-la-alimentacion-y-la-agricultura-fao-lanza-el-ano-internacional-de-las-frutas-y-verduras-de-la-onu\\\/#breadcrumb\",\"itemListElement\":[{\"@type\":\"ListItem\",\"position\":1,\"name\":\"Home\",\"item\":\"https:\\\/\\\/fvdrc.com\\\/es\\\/\"},{\"@type\":\"ListItem\",\"position\":2,\"name\":\"La Organizaci\u00f3n de las Naciones Unidas para la Alimentaci\u00f3n y la Agricultura (FAO) lanza el A\u00f1o Internacional de las Frutas y Verduras de la ONU\"}]},{\"@type\":\"WebSite\",\"@id\":\"https:\\\/\\\/fvdrc.com\\\/#website\",\"url\":\"https:\\\/\\\/fvdrc.com\\\/\",\"name\":\"Fruit and Vegetable Dispute Resolution Corporation\",\"description\":\"Trade with Confidence\",\"publisher\":{\"@id\":\"https:\\\/\\\/fvdrc.com\\\/#organization\"},\"potentialAction\":[{\"@type\":\"SearchAction\",\"target\":{\"@type\":\"EntryPoint\",\"urlTemplate\":\"https:\\\/\\\/fvdrc.com\\\/?s={search_term_string}\"},\"query-input\":{\"@type\":\"PropertyValueSpecification\",\"valueRequired\":true,\"valueName\":\"search_term_string\"}}],\"inLanguage\":\"es-ES\"},{\"@type\":\"Organization\",\"@id\":\"https:\\\/\\\/fvdrc.com\\\/#organization\",\"name\":\"Fruit and Vegetable Dispute Resolution Corporation\",\"url\":\"https:\\\/\\\/fvdrc.com\\\/\",\"logo\":{\"@type\":\"ImageObject\",\"inLanguage\":\"es-ES\",\"@id\":\"https:\\\/\\\/fvdrc.com\\\/#\\\/schema\\\/logo\\\/image\\\/\",\"url\":\"https:\\\/\\\/fvdrc.com\\\/wp-content\\\/uploads\\\/2020\\\/06\\\/DRC-logo@2x.png\",\"contentUrl\":\"https:\\\/\\\/fvdrc.com\\\/wp-content\\\/uploads\\\/2020\\\/06\\\/DRC-logo@2x.png\",\"width\":261,\"height\":140,\"caption\":\"Fruit and Vegetable Dispute Resolution Corporation\"},\"image\":{\"@id\":\"https:\\\/\\\/fvdrc.com\\\/#\\\/schema\\\/logo\\\/image\\\/\"}},{\"@type\":\"Person\",\"@id\":\"https:\\\/\\\/fvdrc.com\\\/#\\\/schema\\\/person\\\/9a44a987eaca5b14f726e1f34a984383\",\"name\":\"DRC\",\"image\":{\"@type\":\"ImageObject\",\"inLanguage\":\"es-ES\",\"@id\":\"https:\\\/\\\/secure.gravatar.com\\\/avatar\\\/9e96b42d184bd365caaff20776303ccbfb18e624e781b687ee62ffd71e927990?s=96&d=mm&r=g\",\"url\":\"https:\\\/\\\/secure.gravatar.com\\\/avatar\\\/9e96b42d184bd365caaff20776303ccbfb18e624e781b687ee62ffd71e927990?s=96&d=mm&r=g\",\"contentUrl\":\"https:\\\/\\\/secure.gravatar.com\\\/avatar\\\/9e96b42d184bd365caaff20776303ccbfb18e624e781b687ee62ffd71e927990?s=96&d=mm&r=g\",\"caption\":\"DRC\"},\"url\":\"https:\\\/\\\/fvdrc.com\\\/es\\\/solutions\\\/author\\\/drc\\\/\"}]}<\/script>\n<!-- \/ Yoast SEO plugin. -->","yoast_head_json":{"title":"La Organizaci\u00f3n de las Naciones Unidas para la Alimentaci\u00f3n y la Agricultura (FAO) lanza el A\u00f1o Internacional de las Frutas y Verduras de la ONU - Fruit and Vegetable Dispute Resolution Corporation","robots":{"index":"index","follow":"follow","max-snippet":"max-snippet:-1","max-image-preview":"max-image-preview:large","max-video-preview":"max-video-preview:-1"},"canonical":"https:\/\/www.fvdrc.com\/es\/solutions\/la-organizacion-de-las-naciones-unidas-para-la-alimentacion-y-la-agricultura-fao-lanza-el-ano-internacional-de-las-frutas-y-verduras-de-la-onu\/","og_locale":"es_ES","og_type":"article","og_title":"La Organizaci\u00f3n de las Naciones Unidas para la Alimentaci\u00f3n y la Agricultura (FAO) lanza el A\u00f1o Internacional de las Frutas y Verduras de la ONU - Fruit and Vegetable Dispute Resolution Corporation","og_description":"Con un llamamiento para mejorar la producci\u00f3n de alimentos saludables y sostenibles a trav\u00e9s de la innovaci\u00f3n y la tecnolog\u00eda y para reducir la p\u00e9rdida y el desperdicio de alimentos, la ONU ha designado 2021 como el A\u00f1o Internacional de las Frutas y Verduras AIFV). El AIFV 2021 pretende sensibilizar sobre el importante papel de [&hellip;]","og_url":"https:\/\/www.fvdrc.com\/es\/solutions\/la-organizacion-de-las-naciones-unidas-para-la-alimentacion-y-la-agricultura-fao-lanza-el-ano-internacional-de-las-frutas-y-verduras-de-la-onu\/","og_site_name":"Fruit and Vegetable Dispute Resolution Corporation","article_published_time":"2021-02-23T20:30:22+00:00","article_modified_time":"2021-02-23T20:30:23+00:00","og_image":[{"width":556,"height":391,"url":"https:\/\/secureservercdn.net\/104.238.70.184\/t8t.979.mwp.accessdomain.com\/wp-content\/uploads\/2021\/02\/Intrenational-FV-year_spanish.jpg?time=1662217403","type":"image\/jpeg"}],"author":"DRC","twitter_card":"summary_large_image","twitter_misc":{"Written by":"DRC","Est. reading time":"1 minute"},"schema":{"@context":"https:\/\/schema.org","@graph":[{"@type":"Article","@id":"https:\/\/www.fvdrc.com\/es\/solutions\/la-organizacion-de-las-naciones-unidas-para-la-alimentacion-y-la-agricultura-fao-lanza-el-ano-internacional-de-las-frutas-y-verduras-de-la-onu\/#article","isPartOf":{"@id":"https:\/\/www.fvdrc.com\/es\/solutions\/la-organizacion-de-las-naciones-unidas-para-la-alimentacion-y-la-agricultura-fao-lanza-el-ano-internacional-de-las-frutas-y-verduras-de-la-onu\/"},"author":{"name":"DRC","@id":"https:\/\/fvdrc.com\/#\/schema\/person\/9a44a987eaca5b14f726e1f34a984383"},"headline":"La Organizaci\u00f3n de las Naciones Unidas para la Alimentaci\u00f3n y la Agricultura (FAO) lanza el A\u00f1o Internacional de las Frutas y Verduras de la ONU","datePublished":"2021-02-23T20:30:22+00:00","dateModified":"2021-02-23T20:30:23+00:00","mainEntityOfPage":{"@id":"https:\/\/www.fvdrc.com\/es\/solutions\/la-organizacion-de-las-naciones-unidas-para-la-alimentacion-y-la-agricultura-fao-lanza-el-ano-internacional-de-las-frutas-y-verduras-de-la-onu\/"},"wordCount":238,"publisher":{"@id":"https:\/\/fvdrc.com\/#organization"},"image":{"@id":"https:\/\/www.fvdrc.com\/es\/solutions\/la-organizacion-de-las-naciones-unidas-para-la-alimentacion-y-la-agricultura-fao-lanza-el-ano-internacional-de-las-frutas-y-verduras-de-la-onu\/#primaryimage"},"thumbnailUrl":"https:\/\/fvdrc.com\/wp-content\/uploads\/2021\/02\/Intrenational-FV-year_spanish.jpg","articleSection":["Sin categorizar"],"inLanguage":"es-ES"},{"@type":"WebPage","@id":"https:\/\/www.fvdrc.com\/es\/solutions\/la-organizacion-de-las-naciones-unidas-para-la-alimentacion-y-la-agricultura-fao-lanza-el-ano-internacional-de-las-frutas-y-verduras-de-la-onu\/","url":"https:\/\/www.fvdrc.com\/es\/solutions\/la-organizacion-de-las-naciones-unidas-para-la-alimentacion-y-la-agricultura-fao-lanza-el-ano-internacional-de-las-frutas-y-verduras-de-la-onu\/","name":"La Organizaci\u00f3n de las Naciones Unidas para la Alimentaci\u00f3n y la Agricultura (FAO) lanza el A\u00f1o Internacional de las Frutas y Verduras de la ONU - Fruit and Vegetable Dispute Resolution Corporation","isPartOf":{"@id":"https:\/\/fvdrc.com\/#website"},"primaryImageOfPage":{"@id":"https:\/\/www.fvdrc.com\/es\/solutions\/la-organizacion-de-las-naciones-unidas-para-la-alimentacion-y-la-agricultura-fao-lanza-el-ano-internacional-de-las-frutas-y-verduras-de-la-onu\/#primaryimage"},"image":{"@id":"https:\/\/www.fvdrc.com\/es\/solutions\/la-organizacion-de-las-naciones-unidas-para-la-alimentacion-y-la-agricultura-fao-lanza-el-ano-internacional-de-las-frutas-y-verduras-de-la-onu\/#primaryimage"},"thumbnailUrl":"https:\/\/fvdrc.com\/wp-content\/uploads\/2021\/02\/Intrenational-FV-year_spanish.jpg","datePublished":"2021-02-23T20:30:22+00:00","dateModified":"2021-02-23T20:30:23+00:00","breadcrumb":{"@id":"https:\/\/www.fvdrc.com\/es\/solutions\/la-organizacion-de-las-naciones-unidas-para-la-alimentacion-y-la-agricultura-fao-lanza-el-ano-internacional-de-las-frutas-y-verduras-de-la-onu\/#breadcrumb"},"inLanguage":"es-ES","potentialAction":[{"@type":"ReadAction","target":["https:\/\/www.fvdrc.com\/es\/solutions\/la-organizacion-de-las-naciones-unidas-para-la-alimentacion-y-la-agricultura-fao-lanza-el-ano-internacional-de-las-frutas-y-verduras-de-la-onu\/"]}]},{"@type":"ImageObject","inLanguage":"es-ES","@id":"https:\/\/www.fvdrc.com\/es\/solutions\/la-organizacion-de-las-naciones-unidas-para-la-alimentacion-y-la-agricultura-fao-lanza-el-ano-internacional-de-las-frutas-y-verduras-de-la-onu\/#primaryimage","url":"https:\/\/fvdrc.com\/wp-content\/uploads\/2021\/02\/Intrenational-FV-year_spanish.jpg","contentUrl":"https:\/\/fvdrc.com\/wp-content\/uploads\/2021\/02\/Intrenational-FV-year_spanish.jpg","width":556,"height":391},{"@type":"BreadcrumbList","@id":"https:\/\/www.fvdrc.com\/es\/solutions\/la-organizacion-de-las-naciones-unidas-para-la-alimentacion-y-la-agricultura-fao-lanza-el-ano-internacional-de-las-frutas-y-verduras-de-la-onu\/#breadcrumb","itemListElement":[{"@type":"ListItem","position":1,"name":"Home","item":"https:\/\/fvdrc.com\/es\/"},{"@type":"ListItem","position":2,"name":"La Organizaci\u00f3n de las Naciones Unidas para la Alimentaci\u00f3n y la Agricultura (FAO) lanza el A\u00f1o Internacional de las Frutas y Verduras de la ONU"}]},{"@type":"WebSite","@id":"https:\/\/fvdrc.com\/#website","url":"https:\/\/fvdrc.com\/","name":"Fruit and Vegetable Dispute Resolution Corporation","description":"Trade with Confidence","publisher":{"@id":"https:\/\/fvdrc.com\/#organization"},"potentialAction":[{"@type":"SearchAction","target":{"@type":"EntryPoint","urlTemplate":"https:\/\/fvdrc.com\/?s={search_term_string}"},"query-input":{"@type":"PropertyValueSpecification","valueRequired":true,"valueName":"search_term_string"}}],"inLanguage":"es-ES"},{"@type":"Organization","@id":"https:\/\/fvdrc.com\/#organization","name":"Fruit and Vegetable Dispute Resolution Corporation","url":"https:\/\/fvdrc.com\/","logo":{"@type":"ImageObject","inLanguage":"es-ES","@id":"https:\/\/fvdrc.com\/#\/schema\/logo\/image\/","url":"https:\/\/fvdrc.com\/wp-content\/uploads\/2020\/06\/DRC-logo@2x.png","contentUrl":"https:\/\/fvdrc.com\/wp-content\/uploads\/2020\/06\/DRC-logo@2x.png","width":261,"height":140,"caption":"Fruit and Vegetable Dispute Resolution Corporation"},"image":{"@id":"https:\/\/fvdrc.com\/#\/schema\/logo\/image\/"}},{"@type":"Person","@id":"https:\/\/fvdrc.com\/#\/schema\/person\/9a44a987eaca5b14f726e1f34a984383","name":"DRC","image":{"@type":"ImageObject","inLanguage":"es-ES","@id":"https:\/\/secure.gravatar.com\/avatar\/9e96b42d184bd365caaff20776303ccbfb18e624e781b687ee62ffd71e927990?s=96&d=mm&r=g","url":"https:\/\/secure.gravatar.com\/avatar\/9e96b42d184bd365caaff20776303ccbfb18e624e781b687ee62ffd71e927990?s=96&d=mm&r=g","contentUrl":"https:\/\/secure.gravatar.com\/avatar\/9e96b42d184bd365caaff20776303ccbfb18e624e781b687ee62ffd71e927990?s=96&d=mm&r=g","caption":"DRC"},"url":"https:\/\/fvdrc.com\/es\/solutions\/author\/drc\/"}]}},"featured_image_src":"https:\/\/fvdrc.com\/wp-content\/uploads\/2021\/02\/Intrenational-FV-year_spanish.jpg","featured_image_src_square":"https:\/\/fvdrc.com\/wp-content\/uploads\/2021\/02\/Intrenational-FV-year_spanish.jpg","author_info":{"display_name":"DRC","author_link":"https:\/\/fvdrc.com\/es\/solutions\/author\/drc\/"},"uagb_featured_image_src":{"full":["https:\/\/fvdrc.com\/wp-content\/uploads\/2021\/02\/Intrenational-FV-year_spanish.jpg",556,391,false],"thumbnail":["https:\/\/fvdrc.com\/wp-content\/uploads\/2021\/02\/Intrenational-FV-year_spanish-150x150.jpg",150,150,true],"medium":["https:\/\/fvdrc.com\/wp-content\/uploads\/2021\/02\/Intrenational-FV-year_spanish-300x211.jpg",300,211,true],"medium_large":["https:\/\/fvdrc.com\/wp-content\/uploads\/2021\/02\/Intrenational-FV-year_spanish.jpg",556,391,false],"large":["https:\/\/fvdrc.com\/wp-content\/uploads\/2021\/02\/Intrenational-FV-year_spanish.jpg",556,391,false],"gs-tiny":["https:\/\/fvdrc.com\/wp-content\/uploads\/2021\/02\/Intrenational-FV-year_spanish.jpg",50,35,false],"xl":["https:\/\/fvdrc.com\/wp-content\/uploads\/2021\/02\/Intrenational-FV-year_spanish.jpg",556,391,false],"xxl":["https:\/\/fvdrc.com\/wp-content\/uploads\/2021\/02\/Intrenational-FV-year_spanish.jpg",556,391,false],"xxxl":["https:\/\/fvdrc.com\/wp-content\/uploads\/2021\/02\/Intrenational-FV-year_spanish.jpg",556,391,false],"xxxxl":["https:\/\/fvdrc.com\/wp-content\/uploads\/2021\/02\/Intrenational-FV-year_spanish.jpg",556,391,false],"xxxxxl":["https:\/\/fvdrc.com\/wp-content\/uploads\/2021\/02\/Intrenational-FV-year_spanish.jpg",556,391,false],"1536x1536":["https:\/\/fvdrc.com\/wp-content\/uploads\/2021\/02\/Intrenational-FV-year_spanish.jpg",556,391,false],"2048x2048":["https:\/\/fvdrc.com\/wp-content\/uploads\/2021\/02\/Intrenational-FV-year_spanish.jpg",556,391,false],"gb-block-post-grid-landscape":["https:\/\/fvdrc.com\/wp-content\/uploads\/2021\/02\/Intrenational-FV-year_spanish.jpg",556,391,false],"gb-block-post-grid-square":["https:\/\/fvdrc.com\/wp-content\/uploads\/2021\/02\/Intrenational-FV-year_spanish.jpg",556,391,false],"post-thumbnail":["https:\/\/fvdrc.com\/wp-content\/uploads\/2021\/02\/Intrenational-FV-year_spanish.jpg",556,391,false],"twentytwenty-fullscreen":["https:\/\/fvdrc.com\/wp-content\/uploads\/2021\/02\/Intrenational-FV-year_spanish.jpg",556,391,false]},"uagb_author_info":{"display_name":"DRC","author_link":"https:\/\/fvdrc.com\/es\/solutions\/author\/drc\/"},"uagb_comment_info":0,"uagb_excerpt":"Con un llamamiento para mejorar la producci\u00f3n de alimentos saludables y sostenibles a trav\u00e9s de la innovaci\u00f3n y la tecnolog\u00eda y para reducir la p\u00e9rdida y el desperdicio de alimentos, la ONU ha designado 2021 como el A\u00f1o Internacional de las Frutas y Verduras AIFV). El AIFV 2021 pretende sensibilizar sobre el importante papel de&hellip;","_links":{"self":[{"href":"https:\/\/fvdrc.com\/es\/wp-json\/wp\/v2\/posts\/4853","targetHints":{"allow":["GET"]}}],"collection":[{"href":"https:\/\/fvdrc.com\/es\/wp-json\/wp\/v2\/posts"}],"about":[{"href":"https:\/\/fvdrc.com\/es\/wp-json\/wp\/v2\/types\/post"}],"author":[{"embeddable":true,"href":"https:\/\/fvdrc.com\/es\/wp-json\/wp\/v2\/users\/2"}],"replies":[{"embeddable":true,"href":"https:\/\/fvdrc.com\/es\/wp-json\/wp\/v2\/comments?post=4853"}],"version-history":[{"count":1,"href":"https:\/\/fvdrc.com\/es\/wp-json\/wp\/v2\/posts\/4853\/revisions"}],"predecessor-version":[{"id":4854,"href":"https:\/\/fvdrc.com\/es\/wp-json\/wp\/v2\/posts\/4853\/revisions\/4854"}],"wp:featuredmedia":[{"embeddable":true,"href":"https:\/\/fvdrc.com\/es\/wp-json\/wp\/v2\/media\/4830"}],"wp:attachment":[{"href":"https:\/\/fvdrc.com\/es\/wp-json\/wp\/v2\/media?parent=4853"}],"wp:term":[{"taxonomy":"category","embeddable":true,"href":"https:\/\/fvdrc.com\/es\/wp-json\/wp\/v2\/categories?post=4853"},{"taxonomy":"post_tag","embeddable":true,"href":"https:\/\/fvdrc.com\/es\/wp-json\/wp\/v2\/tags?post=4853"}],"curies":[{"name":"wp","href":"https:\/\/api.w.org\/{rel}","templated":true}]}}