{"id":2251,"date":"2019-07-17T11:02:22","date_gmt":"2019-07-17T15:02:22","guid":{"rendered":"https:\/\/www.fvdrc.com\/solutions\/board-of-directors-annual-general-meeting\/"},"modified":"2020-06-18T14:57:25","modified_gmt":"2020-06-18T18:57:25","slug":"board-of-directors-annual-general-meeting","status":"publish","type":"post","link":"https:\/\/fvdrc.com\/es\/solutions\/board-of-directors-annual-general-meeting\/","title":{"rendered":"Reuni\u00f3n General Anual de la Junta Directiva"},"content":{"rendered":"<p>Se celebr\u00f3 la Reuni\u00f3n General Anual (AGM) de la DRC y su Junta Directiva del 23 al 24 de mayo de 2019 en la ciudad de Quebec, Canad\u00e1. La DRC report\u00f3 a los miembros y a la Junta Directiva sobre las prioridades clave de la Corporaci\u00f3n, incluida la funci\u00f3n de la DRC bajo la Ley sobre la Salubridad de los Alimentos de Canad\u00e1, Membres\u00eda, Mercadeo y Asistencia Comercial. La Junta tambi\u00e9n recibi\u00f3 actualizaciones de la Agencia de Inspecci\u00f3n Alimentaria de Canad\u00e1 sobre los Servicios de Inspecci\u00f3n en Destino y la implementaci\u00f3n del nuevo Reglamento sobre la Salubridad de los Alimentos en Canad\u00e1. Durante la Reuni\u00f3n General Anual, los miembros eligieron a Frank Pagliaro (Canad\u00e1), Mike Stuart (EUA), Bret Erikson (EUA) y Gonzalo Aguilar (M\u00e9xico) como directores.<\/p>\n<p>La Junta Directiva y el personal tambi\u00e9n fueron recibidos por Patates Dolbec Inc., con un recorrido por sus instalaciones ultramodernas. Patates Dolbec Inc. es una empresa familiar que, durante los \u00faltimos 50 a\u00f1os, se ha ganado una reputaci\u00f3n envidiable en el sector agroalimentario a trav\u00e9s del trabajo arduo, una pasi\u00f3n incansable por la agricultura y un equipo din\u00e1mico que brinda experiencia e innovaci\u00f3n al cultivo de papa. La Junta qued\u00f3 especialmente impresionada por su F\u00e1brica 4.0 que incluye un tren rob\u00f3tico y otra tecnolog\u00eda de vanguardia. En nombre de la Junta, expresamos nuestro profundo agradecimiento a St\u00e9phan y Jos\u00e9e por un recorrido incre\u00edble.<\/p>\n","protected":false},"excerpt":{"rendered":"<p>Se celebr\u00f3 la Reuni\u00f3n General Anual (AGM) de la DRC y su Junta Directiva del 23 al 24 de mayo de 2019 en la ciudad de Quebec, Canad\u00e1. La DRC report\u00f3 a los miembros y a la Junta Directiva sobre las prioridades clave de la Corporaci\u00f3n, incluida la funci\u00f3n de la DRC bajo la Ley [&hellip;]<\/p>\n","protected":false},"author":2,"featured_media":999,"comment_status":"open","ping_status":"open","sticky":false,"template":"","format":"standard","meta":{"_acf_changed":false,"_coblocks_attr":"","_coblocks_dimensions":"","_coblocks_responsive_height":"","_coblocks_accordion_ie_support":"","om_disable_all_campaigns":false,"_uag_custom_page_level_css":"","_monsterinsights_skip_tracking":false,"_monsterinsights_sitenote_active":false,"_monsterinsights_sitenote_note":"","_monsterinsights_sitenote_category":0,"_uf_show_specific_survey":0,"_uf_disable_surveys":false,"footnotes":"","_wpscppro_dont_share_socialmedia":false,"_wpscppro_custom_social_share_image":0,"_facebook_share_type":"","_twitter_share_type":"","_linkedin_share_type":"","_pinterest_share_type":"","_linkedin_share_type_page":"","_instagram_share_type":"","_medium_share_type":"","_threads_share_type":"","_google_business_share_type":"","_selected_social_profile":[],"_wpsp_enable_custom_social_template":false,"_wpsp_social_scheduling":{"enabled":false,"datetime":null,"platforms":[],"status":"template_only","dateOption":"today","timeOption":"now","customDays":"","customHours":"","customDate":"","customTime":"","schedulingType":"absolute"},"_wpsp_active_default_template":true},"categories":[3,3],"tags":[],"class_list":["post-2251","post","type-post","status-publish","format-standard","has-post-thumbnail","hentry","category-sin-categorizar"],"acf":[],"aioseo_notices":[],"yoast_head":"<!-- This site is optimized with the Yoast SEO plugin v27.4 - https:\/\/yoast.com\/product\/yoast-seo-wordpress\/ -->\n<title>Reuni\u00f3n General Anual de la Junta Directiva - Fruit and Vegetable Dispute Resolution Corporation<\/title>\n<meta name=\"robots\" content=\"index, follow, max-snippet:-1, max-image-preview:large, max-video-preview:-1\" \/>\n<link rel=\"canonical\" href=\"https:\/\/www.fvdrc.com\/es\/solutions\/board-of-directors-annual-general-meeting\/\" \/>\n<meta property=\"og:locale\" content=\"es_ES\" \/>\n<meta property=\"og:type\" content=\"article\" \/>\n<meta property=\"og:title\" content=\"Reuni\u00f3n General Anual de la Junta Directiva - Fruit and Vegetable Dispute Resolution Corporation\" \/>\n<meta property=\"og:description\" content=\"Se celebr\u00f3 la Reuni\u00f3n General Anual (AGM) de la DRC y su Junta Directiva del 23 al 24 de mayo de 2019 en la ciudad de Quebec, Canad\u00e1. La DRC report\u00f3 a los miembros y a la Junta Directiva sobre las prioridades clave de la Corporaci\u00f3n, incluida la funci\u00f3n de la DRC bajo la Ley [&hellip;]\" \/>\n<meta property=\"og:url\" content=\"https:\/\/www.fvdrc.com\/es\/solutions\/board-of-directors-annual-general-meeting\/\" \/>\n<meta property=\"og:site_name\" content=\"Fruit and Vegetable Dispute Resolution Corporation\" \/>\n<meta property=\"article:published_time\" content=\"2019-07-17T15:02:22+00:00\" \/>\n<meta property=\"article:modified_time\" content=\"2020-06-18T18:57:25+00:00\" \/>\n<meta property=\"og:image\" content=\"https:\/\/secureservercdn.net\/104.238.70.184\/t8t.979.mwp.accessdomain.com\/wp-content\/uploads\/2017\/05\/board_meeting.jpg?time=1662217403\" \/>\n\t<meta property=\"og:image:width\" content=\"400\" \/>\n\t<meta property=\"og:image:height\" content=\"250\" \/>\n\t<meta property=\"og:image:type\" content=\"image\/jpeg\" \/>\n<meta name=\"author\" content=\"DRC\" \/>\n<meta name=\"twitter:card\" content=\"summary_large_image\" \/>\n<meta name=\"twitter:label1\" content=\"Written by\" \/>\n\t<meta name=\"twitter:data1\" content=\"DRC\" \/>\n\t<meta name=\"twitter:label2\" content=\"Est. reading time\" \/>\n\t<meta name=\"twitter:data2\" content=\"1 minute\" \/>\n<script type=\"application\/ld+json\" class=\"yoast-schema-graph\">{\"@context\":\"https:\\\/\\\/schema.org\",\"@graph\":[{\"@type\":\"Article\",\"@id\":\"https:\\\/\\\/www.fvdrc.com\\\/es\\\/solutions\\\/board-of-directors-annual-general-meeting\\\/#article\",\"isPartOf\":{\"@id\":\"https:\\\/\\\/www.fvdrc.com\\\/es\\\/solutions\\\/board-of-directors-annual-general-meeting\\\/\"},\"author\":{\"name\":\"DRC\",\"@id\":\"https:\\\/\\\/fvdrc.com\\\/#\\\/schema\\\/person\\\/9a44a987eaca5b14f726e1f34a984383\"},\"headline\":\"Reuni\u00f3n General Anual de la Junta Directiva\",\"datePublished\":\"2019-07-17T15:02:22+00:00\",\"dateModified\":\"2020-06-18T18:57:25+00:00\",\"mainEntityOfPage\":{\"@id\":\"https:\\\/\\\/www.fvdrc.com\\\/es\\\/solutions\\\/board-of-directors-annual-general-meeting\\\/\"},\"wordCount\":255,\"commentCount\":0,\"publisher\":{\"@id\":\"https:\\\/\\\/fvdrc.com\\\/#organization\"},\"image\":{\"@id\":\"https:\\\/\\\/www.fvdrc.com\\\/es\\\/solutions\\\/board-of-directors-annual-general-meeting\\\/#primaryimage\"},\"thumbnailUrl\":\"https:\\\/\\\/fvdrc.com\\\/wp-content\\\/uploads\\\/2017\\\/05\\\/board_meeting.jpg\",\"articleSection\":[\"Sin categorizar\",\"Sin categorizar\"],\"inLanguage\":\"es-ES\",\"potentialAction\":[{\"@type\":\"CommentAction\",\"name\":\"Comment\",\"target\":[\"https:\\\/\\\/www.fvdrc.com\\\/es\\\/solutions\\\/board-of-directors-annual-general-meeting\\\/#respond\"]}]},{\"@type\":\"WebPage\",\"@id\":\"https:\\\/\\\/www.fvdrc.com\\\/es\\\/solutions\\\/board-of-directors-annual-general-meeting\\\/\",\"url\":\"https:\\\/\\\/www.fvdrc.com\\\/es\\\/solutions\\\/board-of-directors-annual-general-meeting\\\/\",\"name\":\"Reuni\u00f3n General Anual de la Junta Directiva - Fruit and Vegetable Dispute Resolution Corporation\",\"isPartOf\":{\"@id\":\"https:\\\/\\\/fvdrc.com\\\/#website\"},\"primaryImageOfPage\":{\"@id\":\"https:\\\/\\\/www.fvdrc.com\\\/es\\\/solutions\\\/board-of-directors-annual-general-meeting\\\/#primaryimage\"},\"image\":{\"@id\":\"https:\\\/\\\/www.fvdrc.com\\\/es\\\/solutions\\\/board-of-directors-annual-general-meeting\\\/#primaryimage\"},\"thumbnailUrl\":\"https:\\\/\\\/fvdrc.com\\\/wp-content\\\/uploads\\\/2017\\\/05\\\/board_meeting.jpg\",\"datePublished\":\"2019-07-17T15:02:22+00:00\",\"dateModified\":\"2020-06-18T18:57:25+00:00\",\"breadcrumb\":{\"@id\":\"https:\\\/\\\/www.fvdrc.com\\\/es\\\/solutions\\\/board-of-directors-annual-general-meeting\\\/#breadcrumb\"},\"inLanguage\":\"es-ES\",\"potentialAction\":[{\"@type\":\"ReadAction\",\"target\":[\"https:\\\/\\\/www.fvdrc.com\\\/es\\\/solutions\\\/board-of-directors-annual-general-meeting\\\/\"]}]},{\"@type\":\"ImageObject\",\"inLanguage\":\"es-ES\",\"@id\":\"https:\\\/\\\/www.fvdrc.com\\\/es\\\/solutions\\\/board-of-directors-annual-general-meeting\\\/#primaryimage\",\"url\":\"https:\\\/\\\/fvdrc.com\\\/wp-content\\\/uploads\\\/2017\\\/05\\\/board_meeting.jpg\",\"contentUrl\":\"https:\\\/\\\/fvdrc.com\\\/wp-content\\\/uploads\\\/2017\\\/05\\\/board_meeting.jpg\",\"width\":400,\"height\":250},{\"@type\":\"BreadcrumbList\",\"@id\":\"https:\\\/\\\/www.fvdrc.com\\\/es\\\/solutions\\\/board-of-directors-annual-general-meeting\\\/#breadcrumb\",\"itemListElement\":[{\"@type\":\"ListItem\",\"position\":1,\"name\":\"Home\",\"item\":\"https:\\\/\\\/fvdrc.com\\\/es\\\/\"},{\"@type\":\"ListItem\",\"position\":2,\"name\":\"Reuni\u00f3n General Anual de la Junta Directiva\"}]},{\"@type\":\"WebSite\",\"@id\":\"https:\\\/\\\/fvdrc.com\\\/#website\",\"url\":\"https:\\\/\\\/fvdrc.com\\\/\",\"name\":\"Fruit and Vegetable Dispute Resolution Corporation\",\"description\":\"Trade with Confidence\",\"publisher\":{\"@id\":\"https:\\\/\\\/fvdrc.com\\\/#organization\"},\"potentialAction\":[{\"@type\":\"SearchAction\",\"target\":{\"@type\":\"EntryPoint\",\"urlTemplate\":\"https:\\\/\\\/fvdrc.com\\\/?s={search_term_string}\"},\"query-input\":{\"@type\":\"PropertyValueSpecification\",\"valueRequired\":true,\"valueName\":\"search_term_string\"}}],\"inLanguage\":\"es-ES\"},{\"@type\":\"Organization\",\"@id\":\"https:\\\/\\\/fvdrc.com\\\/#organization\",\"name\":\"Fruit and Vegetable Dispute Resolution Corporation\",\"url\":\"https:\\\/\\\/fvdrc.com\\\/\",\"logo\":{\"@type\":\"ImageObject\",\"inLanguage\":\"es-ES\",\"@id\":\"https:\\\/\\\/fvdrc.com\\\/#\\\/schema\\\/logo\\\/image\\\/\",\"url\":\"https:\\\/\\\/fvdrc.com\\\/wp-content\\\/uploads\\\/2020\\\/06\\\/DRC-logo@2x.png\",\"contentUrl\":\"https:\\\/\\\/fvdrc.com\\\/wp-content\\\/uploads\\\/2020\\\/06\\\/DRC-logo@2x.png\",\"width\":261,\"height\":140,\"caption\":\"Fruit and Vegetable Dispute Resolution Corporation\"},\"image\":{\"@id\":\"https:\\\/\\\/fvdrc.com\\\/#\\\/schema\\\/logo\\\/image\\\/\"}},{\"@type\":\"Person\",\"@id\":\"https:\\\/\\\/fvdrc.com\\\/#\\\/schema\\\/person\\\/9a44a987eaca5b14f726e1f34a984383\",\"name\":\"DRC\",\"image\":{\"@type\":\"ImageObject\",\"inLanguage\":\"es-ES\",\"@id\":\"https:\\\/\\\/secure.gravatar.com\\\/avatar\\\/9e96b42d184bd365caaff20776303ccbfb18e624e781b687ee62ffd71e927990?s=96&d=mm&r=g\",\"url\":\"https:\\\/\\\/secure.gravatar.com\\\/avatar\\\/9e96b42d184bd365caaff20776303ccbfb18e624e781b687ee62ffd71e927990?s=96&d=mm&r=g\",\"contentUrl\":\"https:\\\/\\\/secure.gravatar.com\\\/avatar\\\/9e96b42d184bd365caaff20776303ccbfb18e624e781b687ee62ffd71e927990?s=96&d=mm&r=g\",\"caption\":\"DRC\"},\"url\":\"https:\\\/\\\/fvdrc.com\\\/es\\\/solutions\\\/author\\\/drc\\\/\"}]}<\/script>\n<!-- \/ Yoast SEO plugin. -->","yoast_head_json":{"title":"Reuni\u00f3n General Anual de la Junta Directiva - Fruit and Vegetable Dispute Resolution Corporation","robots":{"index":"index","follow":"follow","max-snippet":"max-snippet:-1","max-image-preview":"max-image-preview:large","max-video-preview":"max-video-preview:-1"},"canonical":"https:\/\/www.fvdrc.com\/es\/solutions\/board-of-directors-annual-general-meeting\/","og_locale":"es_ES","og_type":"article","og_title":"Reuni\u00f3n General Anual de la Junta Directiva - Fruit and Vegetable Dispute Resolution Corporation","og_description":"Se celebr\u00f3 la Reuni\u00f3n General Anual (AGM) de la DRC y su Junta Directiva del 23 al 24 de mayo de 2019 en la ciudad de Quebec, Canad\u00e1. La DRC report\u00f3 a los miembros y a la Junta Directiva sobre las prioridades clave de la Corporaci\u00f3n, incluida la funci\u00f3n de la DRC bajo la Ley [&hellip;]","og_url":"https:\/\/www.fvdrc.com\/es\/solutions\/board-of-directors-annual-general-meeting\/","og_site_name":"Fruit and Vegetable Dispute Resolution Corporation","article_published_time":"2019-07-17T15:02:22+00:00","article_modified_time":"2020-06-18T18:57:25+00:00","og_image":[{"width":400,"height":250,"url":"https:\/\/secureservercdn.net\/104.238.70.184\/t8t.979.mwp.accessdomain.com\/wp-content\/uploads\/2017\/05\/board_meeting.jpg?time=1662217403","type":"image\/jpeg"}],"author":"DRC","twitter_card":"summary_large_image","twitter_misc":{"Written by":"DRC","Est. reading time":"1 minute"},"schema":{"@context":"https:\/\/schema.org","@graph":[{"@type":"Article","@id":"https:\/\/www.fvdrc.com\/es\/solutions\/board-of-directors-annual-general-meeting\/#article","isPartOf":{"@id":"https:\/\/www.fvdrc.com\/es\/solutions\/board-of-directors-annual-general-meeting\/"},"author":{"name":"DRC","@id":"https:\/\/fvdrc.com\/#\/schema\/person\/9a44a987eaca5b14f726e1f34a984383"},"headline":"Reuni\u00f3n General Anual de la Junta Directiva","datePublished":"2019-07-17T15:02:22+00:00","dateModified":"2020-06-18T18:57:25+00:00","mainEntityOfPage":{"@id":"https:\/\/www.fvdrc.com\/es\/solutions\/board-of-directors-annual-general-meeting\/"},"wordCount":255,"commentCount":0,"publisher":{"@id":"https:\/\/fvdrc.com\/#organization"},"image":{"@id":"https:\/\/www.fvdrc.com\/es\/solutions\/board-of-directors-annual-general-meeting\/#primaryimage"},"thumbnailUrl":"https:\/\/fvdrc.com\/wp-content\/uploads\/2017\/05\/board_meeting.jpg","articleSection":["Sin categorizar","Sin categorizar"],"inLanguage":"es-ES","potentialAction":[{"@type":"CommentAction","name":"Comment","target":["https:\/\/www.fvdrc.com\/es\/solutions\/board-of-directors-annual-general-meeting\/#respond"]}]},{"@type":"WebPage","@id":"https:\/\/www.fvdrc.com\/es\/solutions\/board-of-directors-annual-general-meeting\/","url":"https:\/\/www.fvdrc.com\/es\/solutions\/board-of-directors-annual-general-meeting\/","name":"Reuni\u00f3n General Anual de la Junta Directiva - Fruit and Vegetable Dispute Resolution Corporation","isPartOf":{"@id":"https:\/\/fvdrc.com\/#website"},"primaryImageOfPage":{"@id":"https:\/\/www.fvdrc.com\/es\/solutions\/board-of-directors-annual-general-meeting\/#primaryimage"},"image":{"@id":"https:\/\/www.fvdrc.com\/es\/solutions\/board-of-directors-annual-general-meeting\/#primaryimage"},"thumbnailUrl":"https:\/\/fvdrc.com\/wp-content\/uploads\/2017\/05\/board_meeting.jpg","datePublished":"2019-07-17T15:02:22+00:00","dateModified":"2020-06-18T18:57:25+00:00","breadcrumb":{"@id":"https:\/\/www.fvdrc.com\/es\/solutions\/board-of-directors-annual-general-meeting\/#breadcrumb"},"inLanguage":"es-ES","potentialAction":[{"@type":"ReadAction","target":["https:\/\/www.fvdrc.com\/es\/solutions\/board-of-directors-annual-general-meeting\/"]}]},{"@type":"ImageObject","inLanguage":"es-ES","@id":"https:\/\/www.fvdrc.com\/es\/solutions\/board-of-directors-annual-general-meeting\/#primaryimage","url":"https:\/\/fvdrc.com\/wp-content\/uploads\/2017\/05\/board_meeting.jpg","contentUrl":"https:\/\/fvdrc.com\/wp-content\/uploads\/2017\/05\/board_meeting.jpg","width":400,"height":250},{"@type":"BreadcrumbList","@id":"https:\/\/www.fvdrc.com\/es\/solutions\/board-of-directors-annual-general-meeting\/#breadcrumb","itemListElement":[{"@type":"ListItem","position":1,"name":"Home","item":"https:\/\/fvdrc.com\/es\/"},{"@type":"ListItem","position":2,"name":"Reuni\u00f3n General Anual de la Junta Directiva"}]},{"@type":"WebSite","@id":"https:\/\/fvdrc.com\/#website","url":"https:\/\/fvdrc.com\/","name":"Fruit and Vegetable Dispute Resolution Corporation","description":"Trade with Confidence","publisher":{"@id":"https:\/\/fvdrc.com\/#organization"},"potentialAction":[{"@type":"SearchAction","target":{"@type":"EntryPoint","urlTemplate":"https:\/\/fvdrc.com\/?s={search_term_string}"},"query-input":{"@type":"PropertyValueSpecification","valueRequired":true,"valueName":"search_term_string"}}],"inLanguage":"es-ES"},{"@type":"Organization","@id":"https:\/\/fvdrc.com\/#organization","name":"Fruit and Vegetable Dispute Resolution Corporation","url":"https:\/\/fvdrc.com\/","logo":{"@type":"ImageObject","inLanguage":"es-ES","@id":"https:\/\/fvdrc.com\/#\/schema\/logo\/image\/","url":"https:\/\/fvdrc.com\/wp-content\/uploads\/2020\/06\/DRC-logo@2x.png","contentUrl":"https:\/\/fvdrc.com\/wp-content\/uploads\/2020\/06\/DRC-logo@2x.png","width":261,"height":140,"caption":"Fruit and Vegetable Dispute Resolution Corporation"},"image":{"@id":"https:\/\/fvdrc.com\/#\/schema\/logo\/image\/"}},{"@type":"Person","@id":"https:\/\/fvdrc.com\/#\/schema\/person\/9a44a987eaca5b14f726e1f34a984383","name":"DRC","image":{"@type":"ImageObject","inLanguage":"es-ES","@id":"https:\/\/secure.gravatar.com\/avatar\/9e96b42d184bd365caaff20776303ccbfb18e624e781b687ee62ffd71e927990?s=96&d=mm&r=g","url":"https:\/\/secure.gravatar.com\/avatar\/9e96b42d184bd365caaff20776303ccbfb18e624e781b687ee62ffd71e927990?s=96&d=mm&r=g","contentUrl":"https:\/\/secure.gravatar.com\/avatar\/9e96b42d184bd365caaff20776303ccbfb18e624e781b687ee62ffd71e927990?s=96&d=mm&r=g","caption":"DRC"},"url":"https:\/\/fvdrc.com\/es\/solutions\/author\/drc\/"}]}},"featured_image_src":"https:\/\/fvdrc.com\/wp-content\/uploads\/2017\/05\/board_meeting.jpg","featured_image_src_square":"https:\/\/fvdrc.com\/wp-content\/uploads\/2017\/05\/board_meeting.jpg","author_info":{"display_name":"DRC","author_link":"https:\/\/fvdrc.com\/es\/solutions\/author\/drc\/"},"uagb_featured_image_src":{"full":["https:\/\/fvdrc.com\/wp-content\/uploads\/2017\/05\/board_meeting.jpg",400,250,false],"thumbnail":["https:\/\/fvdrc.com\/wp-content\/uploads\/2017\/05\/board_meeting.jpg",150,94,false],"medium":["https:\/\/fvdrc.com\/wp-content\/uploads\/2017\/05\/board_meeting.jpg",300,188,false],"medium_large":["https:\/\/fvdrc.com\/wp-content\/uploads\/2017\/05\/board_meeting.jpg",400,250,false],"large":["https:\/\/fvdrc.com\/wp-content\/uploads\/2017\/05\/board_meeting.jpg",400,250,false],"gs-tiny":["https:\/\/fvdrc.com\/wp-content\/uploads\/2017\/05\/board_meeting.jpg",50,31,false],"xl":["https:\/\/fvdrc.com\/wp-content\/uploads\/2017\/05\/board_meeting.jpg",400,250,false],"xxl":["https:\/\/fvdrc.com\/wp-content\/uploads\/2017\/05\/board_meeting.jpg",400,250,false],"xxxl":["https:\/\/fvdrc.com\/wp-content\/uploads\/2017\/05\/board_meeting.jpg",400,250,false],"xxxxl":["https:\/\/fvdrc.com\/wp-content\/uploads\/2017\/05\/board_meeting.jpg",400,250,false],"xxxxxl":["https:\/\/fvdrc.com\/wp-content\/uploads\/2017\/05\/board_meeting.jpg",400,250,false],"1536x1536":["https:\/\/fvdrc.com\/wp-content\/uploads\/2017\/05\/board_meeting.jpg",400,250,false],"2048x2048":["https:\/\/fvdrc.com\/wp-content\/uploads\/2017\/05\/board_meeting.jpg",400,250,false],"gb-block-post-grid-landscape":["https:\/\/fvdrc.com\/wp-content\/uploads\/2017\/05\/board_meeting.jpg",400,250,false],"gb-block-post-grid-square":["https:\/\/fvdrc.com\/wp-content\/uploads\/2017\/05\/board_meeting.jpg",400,250,false],"post-thumbnail":["https:\/\/fvdrc.com\/wp-content\/uploads\/2017\/05\/board_meeting.jpg",400,250,false],"twentytwenty-fullscreen":["https:\/\/fvdrc.com\/wp-content\/uploads\/2017\/05\/board_meeting.jpg",400,250,false]},"uagb_author_info":{"display_name":"DRC","author_link":"https:\/\/fvdrc.com\/es\/solutions\/author\/drc\/"},"uagb_comment_info":0,"uagb_excerpt":"Se celebr\u00f3 la Reuni\u00f3n General Anual (AGM) de la DRC y su Junta Directiva del 23 al 24 de mayo de 2019 en la ciudad de Quebec, Canad\u00e1. La DRC report\u00f3 a los miembros y a la Junta Directiva sobre las prioridades clave de la Corporaci\u00f3n, incluida la funci\u00f3n de la DRC bajo la Ley&hellip;","_links":{"self":[{"href":"https:\/\/fvdrc.com\/es\/wp-json\/wp\/v2\/posts\/2251","targetHints":{"allow":["GET"]}}],"collection":[{"href":"https:\/\/fvdrc.com\/es\/wp-json\/wp\/v2\/posts"}],"about":[{"href":"https:\/\/fvdrc.com\/es\/wp-json\/wp\/v2\/types\/post"}],"author":[{"embeddable":true,"href":"https:\/\/fvdrc.com\/es\/wp-json\/wp\/v2\/users\/2"}],"replies":[{"embeddable":true,"href":"https:\/\/fvdrc.com\/es\/wp-json\/wp\/v2\/comments?post=2251"}],"version-history":[{"count":1,"href":"https:\/\/fvdrc.com\/es\/wp-json\/wp\/v2\/posts\/2251\/revisions"}],"predecessor-version":[{"id":3375,"href":"https:\/\/fvdrc.com\/es\/wp-json\/wp\/v2\/posts\/2251\/revisions\/3375"}],"wp:featuredmedia":[{"embeddable":true,"href":"https:\/\/fvdrc.com\/es\/wp-json\/wp\/v2\/media\/999"}],"wp:attachment":[{"href":"https:\/\/fvdrc.com\/es\/wp-json\/wp\/v2\/media?parent=2251"}],"wp:term":[{"taxonomy":"category","embeddable":true,"href":"https:\/\/fvdrc.com\/es\/wp-json\/wp\/v2\/categories?post=2251"},{"taxonomy":"post_tag","embeddable":true,"href":"https:\/\/fvdrc.com\/es\/wp-json\/wp\/v2\/tags?post=2251"}],"curies":[{"name":"wp","href":"https:\/\/api.w.org\/{rel}","templated":true}]}}