{"id":8046,"date":"2023-06-23T14:14:35","date_gmt":"2023-06-23T18:14:35","guid":{"rendered":"https:\/\/www.fvdrc.com\/?post_type=news&#038;p=8046"},"modified":"2023-06-23T14:14:36","modified_gmt":"2023-06-23T18:14:36","slug":"la-junta-directiva-nombra-un-nuevo-presidente-y-vicepresidente","status":"publish","type":"news","link":"https:\/\/fvdrc.com\/es\/noticias\/la-junta-directiva-nombra-un-nuevo-presidente-y-vicepresidente\/","title":{"rendered":"La Junta Directiva de la Corporaci\u00f3n de Soluci\u00f3n de Controversias sobre Frutas y Hortalizas (DRC) nombra un nuevo presidente y vicepresidente."},"content":{"rendered":"\n<p>La DRC celebr\u00f3 una exitosa AGM en Whistler, BC, el 1 de junio de 2023, que incluy\u00f3 un anuncio trascendental: Dos de los l\u00edderes m\u00e1s distinguidos e influyentes de la industria de productos agr\u00edcolas frescos, Glenn Baty, ex presidente y Matt McInerney, ex vicepresidente, terminaron su mandato con la Junta Directiva de la DRC.<\/p>\n<p>Glenn y Matt se unieron a la DRC como primeros arquitectos cuando la DRC fue conceptualizada en 1998. Luc Mougeot, presidente y CEO de la DRC, expres\u00f3 su gratitud por la pasi\u00f3n, dedicaci\u00f3n y liderazgo solidario de los dos, que fue fundamental para la creaci\u00f3n y el crecimiento de la Corporaci\u00f3n. Glenn y Matt dejan atr\u00e1s un legado de colaboraci\u00f3n, innovaci\u00f3n y respeto, que continuar\u00e1 guiando a la DRC en los pr\u00f3ximos a\u00f1os.<\/p>\n<p>Bret Erickson, de J&amp;D Produce y miembro de la Junta de la DRC desde hace mucho tiempo, fue nombrado nuevo presidente de la Junta Directiva de la DRC. George Pitsikoulis, de Canadawide Fruit Wholesalers, ha sido nombrado para uno de los dos puestos de vicepresidente.<\/p>\n<p>Glenn present\u00f3 su informe del presidente de 2022, agradeciendo y reconociendo al personal actual de la DRC y a los miembros de la Junta, as\u00ed como a aquellas personas influyentes en la creaci\u00f3n de la Corporaci\u00f3n.<\/p>\n<p>Kevin Smith, secretario y tesorero de la DRC, present\u00f3 su informe y su panorama financiero.<\/p>\n<p>Jaime Bustamante present\u00f3 una modificaci\u00f3n a las Normas de comercio. Se aprob\u00f3 la adici\u00f3n de una definici\u00f3n de &#8220;unidad comercial&#8221;.<\/p>\n<p>Luc y Glenn concluyeron agradeciendo a los miembros, directores y personal de la DRC por su participaci\u00f3n en la reuni\u00f3n. <\/p>\n","protected":false},"excerpt":{"rendered":"<p>La DRC celebr\u00f3 una exitosa AGM en Whistler, BC, el 1 de junio de 2023, que incluy\u00f3 un anuncio trascendental: Dos de los l\u00edderes m\u00e1s distinguidos e influyentes de la industria de productos agr\u00edcolas frescos, Glenn Baty, ex presidente y Matt McInerney, ex vicepresidente, terminaron su mandato con la Junta Directiva de la DRC. Glenn [&hellip;]<\/p>\n","protected":false},"author":2,"featured_media":0,"template":"","news_category":[],"news_tags":[],"class_list":["post-8046","news","type-news","status-publish","hentry"],"acf":[],"aioseo_notices":[],"yoast_head":"<!-- This site is optimized with the Yoast SEO plugin v27.4 - https:\/\/yoast.com\/product\/yoast-seo-wordpress\/ -->\n<title>La Junta Directiva de la Corporaci\u00f3n de Soluci\u00f3n de Controversias sobre Frutas y Hortalizas (DRC) nombra un nuevo presidente y vicepresidente. - Fruit and Vegetable Dispute Resolution Corporation<\/title>\n<meta name=\"description\" content=\"La Junta Directiva de DRC nombra un nuevo presidente y vicepresidente.\" \/>\n<meta name=\"robots\" content=\"index, follow, max-snippet:-1, max-image-preview:large, max-video-preview:-1\" \/>\n<link rel=\"canonical\" href=\"https:\/\/www.fvdrc.com\/es\/noticias\/la-junta-directiva-nombra-un-nuevo-presidente-y-vicepresidente\/\" \/>\n<meta property=\"og:locale\" content=\"es_ES\" \/>\n<meta property=\"og:type\" content=\"article\" \/>\n<meta property=\"og:title\" content=\"La Junta Directiva de la Corporaci\u00f3n de Soluci\u00f3n de Controversias sobre Frutas y Hortalizas (DRC) nombra un nuevo presidente y vicepresidente. - Fruit and Vegetable Dispute Resolution Corporation\" \/>\n<meta property=\"og:description\" content=\"La Junta Directiva de DRC nombra un nuevo presidente y vicepresidente.\" \/>\n<meta property=\"og:url\" content=\"https:\/\/www.fvdrc.com\/es\/noticias\/la-junta-directiva-nombra-un-nuevo-presidente-y-vicepresidente\/\" \/>\n<meta property=\"og:site_name\" content=\"Fruit and Vegetable Dispute Resolution Corporation\" \/>\n<meta property=\"article:modified_time\" content=\"2023-06-23T18:14:36+00:00\" \/>\n<meta name=\"twitter:card\" content=\"summary_large_image\" \/>\n<meta name=\"twitter:label1\" content=\"Est. reading time\" \/>\n\t<meta name=\"twitter:data1\" content=\"2 minutes\" \/>\n<script type=\"application\/ld+json\" class=\"yoast-schema-graph\">{\"@context\":\"https:\\\/\\\/schema.org\",\"@graph\":[{\"@type\":\"WebPage\",\"@id\":\"https:\\\/\\\/www.fvdrc.com\\\/es\\\/noticias\\\/la-junta-directiva-nombra-un-nuevo-presidente-y-vicepresidente\\\/\",\"url\":\"https:\\\/\\\/www.fvdrc.com\\\/es\\\/noticias\\\/la-junta-directiva-nombra-un-nuevo-presidente-y-vicepresidente\\\/\",\"name\":\"La Junta Directiva de la Corporaci\u00f3n de Soluci\u00f3n de Controversias sobre Frutas y Hortalizas (DRC) nombra un nuevo presidente y vicepresidente. - Fruit and Vegetable Dispute Resolution Corporation\",\"isPartOf\":{\"@id\":\"https:\\\/\\\/fvdrc.com\\\/#website\"},\"datePublished\":\"2023-06-23T18:14:35+00:00\",\"dateModified\":\"2023-06-23T18:14:36+00:00\",\"description\":\"La Junta Directiva de DRC nombra un nuevo presidente y vicepresidente.\",\"breadcrumb\":{\"@id\":\"https:\\\/\\\/www.fvdrc.com\\\/es\\\/noticias\\\/la-junta-directiva-nombra-un-nuevo-presidente-y-vicepresidente\\\/#breadcrumb\"},\"inLanguage\":\"es-ES\",\"potentialAction\":[{\"@type\":\"ReadAction\",\"target\":[\"https:\\\/\\\/www.fvdrc.com\\\/es\\\/noticias\\\/la-junta-directiva-nombra-un-nuevo-presidente-y-vicepresidente\\\/\"]}]},{\"@type\":\"BreadcrumbList\",\"@id\":\"https:\\\/\\\/www.fvdrc.com\\\/es\\\/noticias\\\/la-junta-directiva-nombra-un-nuevo-presidente-y-vicepresidente\\\/#breadcrumb\",\"itemListElement\":[{\"@type\":\"ListItem\",\"position\":1,\"name\":\"Home\",\"item\":\"https:\\\/\\\/fvdrc.com\\\/es\\\/\"},{\"@type\":\"ListItem\",\"position\":2,\"name\":\"La Junta Directiva de la Corporaci\u00f3n de Soluci\u00f3n de Controversias sobre Frutas y Hortalizas (DRC) nombra un nuevo presidente y vicepresidente.\"}]},{\"@type\":\"WebSite\",\"@id\":\"https:\\\/\\\/fvdrc.com\\\/#website\",\"url\":\"https:\\\/\\\/fvdrc.com\\\/\",\"name\":\"Fruit and Vegetable Dispute Resolution Corporation\",\"description\":\"Trade with Confidence\",\"publisher\":{\"@id\":\"https:\\\/\\\/fvdrc.com\\\/#organization\"},\"potentialAction\":[{\"@type\":\"SearchAction\",\"target\":{\"@type\":\"EntryPoint\",\"urlTemplate\":\"https:\\\/\\\/fvdrc.com\\\/?s={search_term_string}\"},\"query-input\":{\"@type\":\"PropertyValueSpecification\",\"valueRequired\":true,\"valueName\":\"search_term_string\"}}],\"inLanguage\":\"es-ES\"},{\"@type\":\"Organization\",\"@id\":\"https:\\\/\\\/fvdrc.com\\\/#organization\",\"name\":\"Fruit and Vegetable Dispute Resolution Corporation\",\"url\":\"https:\\\/\\\/fvdrc.com\\\/\",\"logo\":{\"@type\":\"ImageObject\",\"inLanguage\":\"es-ES\",\"@id\":\"https:\\\/\\\/fvdrc.com\\\/#\\\/schema\\\/logo\\\/image\\\/\",\"url\":\"https:\\\/\\\/fvdrc.com\\\/wp-content\\\/uploads\\\/2020\\\/06\\\/DRC-logo@2x.png\",\"contentUrl\":\"https:\\\/\\\/fvdrc.com\\\/wp-content\\\/uploads\\\/2020\\\/06\\\/DRC-logo@2x.png\",\"width\":261,\"height\":140,\"caption\":\"Fruit and Vegetable Dispute Resolution Corporation\"},\"image\":{\"@id\":\"https:\\\/\\\/fvdrc.com\\\/#\\\/schema\\\/logo\\\/image\\\/\"}}]}<\/script>\n<!-- \/ Yoast SEO plugin. -->","yoast_head_json":{"title":"La Junta Directiva de la Corporaci\u00f3n de Soluci\u00f3n de Controversias sobre Frutas y Hortalizas (DRC) nombra un nuevo presidente y vicepresidente. - Fruit and Vegetable Dispute Resolution Corporation","description":"La Junta Directiva de DRC nombra un nuevo presidente y vicepresidente.","robots":{"index":"index","follow":"follow","max-snippet":"max-snippet:-1","max-image-preview":"max-image-preview:large","max-video-preview":"max-video-preview:-1"},"canonical":"https:\/\/www.fvdrc.com\/es\/noticias\/la-junta-directiva-nombra-un-nuevo-presidente-y-vicepresidente\/","og_locale":"es_ES","og_type":"article","og_title":"La Junta Directiva de la Corporaci\u00f3n de Soluci\u00f3n de Controversias sobre Frutas y Hortalizas (DRC) nombra un nuevo presidente y vicepresidente. - Fruit and Vegetable Dispute Resolution Corporation","og_description":"La Junta Directiva de DRC nombra un nuevo presidente y vicepresidente.","og_url":"https:\/\/www.fvdrc.com\/es\/noticias\/la-junta-directiva-nombra-un-nuevo-presidente-y-vicepresidente\/","og_site_name":"Fruit and Vegetable Dispute Resolution Corporation","article_modified_time":"2023-06-23T18:14:36+00:00","twitter_card":"summary_large_image","twitter_misc":{"Est. reading time":"2 minutes"},"schema":{"@context":"https:\/\/schema.org","@graph":[{"@type":"WebPage","@id":"https:\/\/www.fvdrc.com\/es\/noticias\/la-junta-directiva-nombra-un-nuevo-presidente-y-vicepresidente\/","url":"https:\/\/www.fvdrc.com\/es\/noticias\/la-junta-directiva-nombra-un-nuevo-presidente-y-vicepresidente\/","name":"La Junta Directiva de la Corporaci\u00f3n de Soluci\u00f3n de Controversias sobre Frutas y Hortalizas (DRC) nombra un nuevo presidente y vicepresidente. - Fruit and Vegetable Dispute Resolution Corporation","isPartOf":{"@id":"https:\/\/fvdrc.com\/#website"},"datePublished":"2023-06-23T18:14:35+00:00","dateModified":"2023-06-23T18:14:36+00:00","description":"La Junta Directiva de DRC nombra un nuevo presidente y vicepresidente.","breadcrumb":{"@id":"https:\/\/www.fvdrc.com\/es\/noticias\/la-junta-directiva-nombra-un-nuevo-presidente-y-vicepresidente\/#breadcrumb"},"inLanguage":"es-ES","potentialAction":[{"@type":"ReadAction","target":["https:\/\/www.fvdrc.com\/es\/noticias\/la-junta-directiva-nombra-un-nuevo-presidente-y-vicepresidente\/"]}]},{"@type":"BreadcrumbList","@id":"https:\/\/www.fvdrc.com\/es\/noticias\/la-junta-directiva-nombra-un-nuevo-presidente-y-vicepresidente\/#breadcrumb","itemListElement":[{"@type":"ListItem","position":1,"name":"Home","item":"https:\/\/fvdrc.com\/es\/"},{"@type":"ListItem","position":2,"name":"La Junta Directiva de la Corporaci\u00f3n de Soluci\u00f3n de Controversias sobre Frutas y Hortalizas (DRC) nombra un nuevo presidente y vicepresidente."}]},{"@type":"WebSite","@id":"https:\/\/fvdrc.com\/#website","url":"https:\/\/fvdrc.com\/","name":"Fruit and Vegetable Dispute Resolution Corporation","description":"Trade with Confidence","publisher":{"@id":"https:\/\/fvdrc.com\/#organization"},"potentialAction":[{"@type":"SearchAction","target":{"@type":"EntryPoint","urlTemplate":"https:\/\/fvdrc.com\/?s={search_term_string}"},"query-input":{"@type":"PropertyValueSpecification","valueRequired":true,"valueName":"search_term_string"}}],"inLanguage":"es-ES"},{"@type":"Organization","@id":"https:\/\/fvdrc.com\/#organization","name":"Fruit and Vegetable Dispute Resolution Corporation","url":"https:\/\/fvdrc.com\/","logo":{"@type":"ImageObject","inLanguage":"es-ES","@id":"https:\/\/fvdrc.com\/#\/schema\/logo\/image\/","url":"https:\/\/fvdrc.com\/wp-content\/uploads\/2020\/06\/DRC-logo@2x.png","contentUrl":"https:\/\/fvdrc.com\/wp-content\/uploads\/2020\/06\/DRC-logo@2x.png","width":261,"height":140,"caption":"Fruit and Vegetable Dispute Resolution Corporation"},"image":{"@id":"https:\/\/fvdrc.com\/#\/schema\/logo\/image\/"}}]}},"uagb_featured_image_src":{"full":false,"thumbnail":false,"medium":false,"medium_large":false,"large":false,"gs-tiny":false,"xl":false,"xxl":false,"xxxl":false,"xxxxl":false,"xxxxxl":false,"1536x1536":false,"2048x2048":false,"gb-block-post-grid-landscape":false,"gb-block-post-grid-square":false,"post-thumbnail":false,"twentytwenty-fullscreen":false},"uagb_author_info":{"display_name":"DRC","author_link":"https:\/\/fvdrc.com\/es\/solutions\/author\/drc\/"},"uagb_comment_info":0,"uagb_excerpt":"La DRC celebr\u00f3 una exitosa AGM en Whistler, BC, el 1 de junio de 2023, que incluy\u00f3 un anuncio trascendental: Dos de los l\u00edderes m\u00e1s distinguidos e influyentes de la industria de productos agr\u00edcolas frescos, Glenn Baty, ex presidente y Matt McInerney, ex vicepresidente, terminaron su mandato con la Junta Directiva de la DRC. Glenn&hellip;","_links":{"self":[{"href":"https:\/\/fvdrc.com\/es\/wp-json\/wp\/v2\/news\/8046","targetHints":{"allow":["GET"]}}],"collection":[{"href":"https:\/\/fvdrc.com\/es\/wp-json\/wp\/v2\/news"}],"about":[{"href":"https:\/\/fvdrc.com\/es\/wp-json\/wp\/v2\/types\/news"}],"author":[{"embeddable":true,"href":"https:\/\/fvdrc.com\/es\/wp-json\/wp\/v2\/users\/2"}],"wp:attachment":[{"href":"https:\/\/fvdrc.com\/es\/wp-json\/wp\/v2\/media?parent=8046"}],"wp:term":[{"taxonomy":"news_category","embeddable":true,"href":"https:\/\/fvdrc.com\/es\/wp-json\/wp\/v2\/news_category?post=8046"},{"taxonomy":"news_tags","embeddable":true,"href":"https:\/\/fvdrc.com\/es\/wp-json\/wp\/v2\/news_tags?post=8046"}],"curies":[{"name":"wp","href":"https:\/\/api.w.org\/{rel}","templated":true}]}}