{"id":1383,"date":"2017-12-01T14:45:02","date_gmt":"2017-12-01T19:45:02","guid":{"rendered":"https:\/\/www.fvdrc.com\/?post_type=news&#038;p=1383"},"modified":"2020-06-15T16:14:28","modified_gmt":"2020-06-15T20:14:28","slug":"renegociacion-del-tlcan-y-la-drc","status":"publish","type":"news","link":"https:\/\/fvdrc.com\/es\/noticias\/renegociacion-del-tlcan-y-la-drc\/","title":{"rendered":"Renegociaci\u00f3n del TLCAN y la DRC"},"content":{"rendered":"<p>Hemos recibido un n\u00famero de preguntas de los miembros de la DRC respecto al impacto que pudieran tener cambios al TLCAN sobre la DRC, particularmente si el TLCAN es radicalmente modificado o disuelto. Queremos aliviar cualquier preocupaci\u00f3n y asegurar a los miembros que el <strong>resultado de las negociaciones del TLCAN no tendr\u00e1 ning\u00fan impacto sobre el funcionamiento de la DRC.<\/strong><\/p>\n<p>Una organizaci\u00f3n como la DRC estuvo siendo discutida por los gobiernos y las industrias de los Estados Unidos, Canad\u00e1 y M\u00e9xico desde la d\u00e9cada de 1990. El objetivo en un principio fue crear un conjunto com\u00fan de derechos y responsabilidades que tanto facilitar\u00edan el comercio y como respetar\u00edan las diferencias en cada pa\u00eds. El TLCAN present\u00f3 la oportunidad de crear la DRC bajo el Comit\u00e9 707 del TLCAN sobre Disputas Comerciales Privadas en la Agricultura.<\/p>\n<p><strong>Aunque el TLCAN puede haber dado a luz a la DRC, hemos avanzado mucho m\u00e1s all\u00e1 con miembros en todo el mundo.<\/strong><\/p>\n<p>No nos enga\u00f1emos, cambios al TLCAN que resulten en cualquier tipo de obst\u00e1culos al comercio pueden tener un impacto sobre nuestros servicios educativos y los tipos de conflictos que vemos, pero nuestra funci\u00f3n primordial y los derechos y responsabilidades de nuestros miembros permanecer\u00e1n intactos.<\/p>\n<p>Para cualquier duda o aclaraci\u00f3n acerca del TLCAN y su impacto sobre la DRC, por favor p\u00f3ngase en contacto con Escritorio de Asesor\u00eda de la DRC al:<\/p>\n<p>Escritorio de Asesor\u00eda de la DRC | 613-234-0982 | <u>Info@fvdrc.com<\/u><\/p>\n","protected":false},"excerpt":{"rendered":"<p>Hemos recibido un n\u00famero de preguntas de los miembros de la DRC respecto al impacto que pudieran tener cambios al TLCAN sobre la DRC, particularmente si el TLCAN es radicalmente modificado o disuelto. Queremos aliviar cualquier preocupaci\u00f3n y asegurar a los miembros que el resultado de las negociaciones del TLCAN no tendr\u00e1 ning\u00fan impacto sobre [&hellip;]<\/p>\n","protected":false},"author":2,"featured_media":0,"template":"","news_category":[],"news_tags":[],"class_list":["post-1383","news","type-news","status-publish","hentry"],"acf":[],"aioseo_notices":[],"yoast_head":"<!-- This site is optimized with the Yoast SEO plugin v27.4 - https:\/\/yoast.com\/product\/yoast-seo-wordpress\/ -->\n<title>Renegociaci\u00f3n del TLCAN y la DRC - Fruit and Vegetable Dispute Resolution Corporation<\/title>\n<meta name=\"robots\" content=\"index, follow, max-snippet:-1, max-image-preview:large, max-video-preview:-1\" \/>\n<link rel=\"canonical\" href=\"https:\/\/www.fvdrc.com\/es\/noticias\/renegociacion-del-tlcan-y-la-drc\/\" \/>\n<meta property=\"og:locale\" content=\"es_ES\" \/>\n<meta property=\"og:type\" content=\"article\" \/>\n<meta property=\"og:title\" content=\"Renegociaci\u00f3n del TLCAN y la DRC - Fruit and Vegetable Dispute Resolution Corporation\" \/>\n<meta property=\"og:description\" content=\"Hemos recibido un n\u00famero de preguntas de los miembros de la DRC respecto al impacto que pudieran tener cambios al TLCAN sobre la DRC, particularmente si el TLCAN es radicalmente modificado o disuelto. Queremos aliviar cualquier preocupaci\u00f3n y asegurar a los miembros que el resultado de las negociaciones del TLCAN no tendr\u00e1 ning\u00fan impacto sobre [&hellip;]\" \/>\n<meta property=\"og:url\" content=\"https:\/\/www.fvdrc.com\/es\/noticias\/renegociacion-del-tlcan-y-la-drc\/\" \/>\n<meta property=\"og:site_name\" content=\"Fruit and Vegetable Dispute Resolution Corporation\" \/>\n<meta property=\"article:modified_time\" content=\"2020-06-15T20:14:28+00:00\" \/>\n<meta name=\"twitter:card\" content=\"summary_large_image\" \/>\n<meta name=\"twitter:label1\" content=\"Est. reading time\" \/>\n\t<meta name=\"twitter:data1\" content=\"1 minute\" \/>\n<script type=\"application\/ld+json\" class=\"yoast-schema-graph\">{\"@context\":\"https:\\\/\\\/schema.org\",\"@graph\":[{\"@type\":\"WebPage\",\"@id\":\"https:\\\/\\\/www.fvdrc.com\\\/es\\\/noticias\\\/renegociacion-del-tlcan-y-la-drc\\\/\",\"url\":\"https:\\\/\\\/www.fvdrc.com\\\/es\\\/noticias\\\/renegociacion-del-tlcan-y-la-drc\\\/\",\"name\":\"Renegociaci\u00f3n del TLCAN y la DRC - Fruit and Vegetable Dispute Resolution Corporation\",\"isPartOf\":{\"@id\":\"https:\\\/\\\/fvdrc.com\\\/#website\"},\"datePublished\":\"2017-12-01T19:45:02+00:00\",\"dateModified\":\"2020-06-15T20:14:28+00:00\",\"breadcrumb\":{\"@id\":\"https:\\\/\\\/www.fvdrc.com\\\/es\\\/noticias\\\/renegociacion-del-tlcan-y-la-drc\\\/#breadcrumb\"},\"inLanguage\":\"es-ES\",\"potentialAction\":[{\"@type\":\"ReadAction\",\"target\":[\"https:\\\/\\\/www.fvdrc.com\\\/es\\\/noticias\\\/renegociacion-del-tlcan-y-la-drc\\\/\"]}]},{\"@type\":\"BreadcrumbList\",\"@id\":\"https:\\\/\\\/www.fvdrc.com\\\/es\\\/noticias\\\/renegociacion-del-tlcan-y-la-drc\\\/#breadcrumb\",\"itemListElement\":[{\"@type\":\"ListItem\",\"position\":1,\"name\":\"Home\",\"item\":\"https:\\\/\\\/fvdrc.com\\\/es\\\/\"},{\"@type\":\"ListItem\",\"position\":2,\"name\":\"Renegociaci\u00f3n del TLCAN y la DRC\"}]},{\"@type\":\"WebSite\",\"@id\":\"https:\\\/\\\/fvdrc.com\\\/#website\",\"url\":\"https:\\\/\\\/fvdrc.com\\\/\",\"name\":\"Fruit and Vegetable Dispute Resolution Corporation\",\"description\":\"Trade with Confidence\",\"publisher\":{\"@id\":\"https:\\\/\\\/fvdrc.com\\\/#organization\"},\"potentialAction\":[{\"@type\":\"SearchAction\",\"target\":{\"@type\":\"EntryPoint\",\"urlTemplate\":\"https:\\\/\\\/fvdrc.com\\\/?s={search_term_string}\"},\"query-input\":{\"@type\":\"PropertyValueSpecification\",\"valueRequired\":true,\"valueName\":\"search_term_string\"}}],\"inLanguage\":\"es-ES\"},{\"@type\":\"Organization\",\"@id\":\"https:\\\/\\\/fvdrc.com\\\/#organization\",\"name\":\"Fruit and Vegetable Dispute Resolution Corporation\",\"url\":\"https:\\\/\\\/fvdrc.com\\\/\",\"logo\":{\"@type\":\"ImageObject\",\"inLanguage\":\"es-ES\",\"@id\":\"https:\\\/\\\/fvdrc.com\\\/#\\\/schema\\\/logo\\\/image\\\/\",\"url\":\"https:\\\/\\\/fvdrc.com\\\/wp-content\\\/uploads\\\/2020\\\/06\\\/DRC-logo@2x.png\",\"contentUrl\":\"https:\\\/\\\/fvdrc.com\\\/wp-content\\\/uploads\\\/2020\\\/06\\\/DRC-logo@2x.png\",\"width\":261,\"height\":140,\"caption\":\"Fruit and Vegetable Dispute Resolution Corporation\"},\"image\":{\"@id\":\"https:\\\/\\\/fvdrc.com\\\/#\\\/schema\\\/logo\\\/image\\\/\"}}]}<\/script>\n<!-- \/ Yoast SEO plugin. -->","yoast_head_json":{"title":"Renegociaci\u00f3n del TLCAN y la DRC - Fruit and Vegetable Dispute Resolution Corporation","robots":{"index":"index","follow":"follow","max-snippet":"max-snippet:-1","max-image-preview":"max-image-preview:large","max-video-preview":"max-video-preview:-1"},"canonical":"https:\/\/www.fvdrc.com\/es\/noticias\/renegociacion-del-tlcan-y-la-drc\/","og_locale":"es_ES","og_type":"article","og_title":"Renegociaci\u00f3n del TLCAN y la DRC - Fruit and Vegetable Dispute Resolution Corporation","og_description":"Hemos recibido un n\u00famero de preguntas de los miembros de la DRC respecto al impacto que pudieran tener cambios al TLCAN sobre la DRC, particularmente si el TLCAN es radicalmente modificado o disuelto. Queremos aliviar cualquier preocupaci\u00f3n y asegurar a los miembros que el resultado de las negociaciones del TLCAN no tendr\u00e1 ning\u00fan impacto sobre [&hellip;]","og_url":"https:\/\/www.fvdrc.com\/es\/noticias\/renegociacion-del-tlcan-y-la-drc\/","og_site_name":"Fruit and Vegetable Dispute Resolution Corporation","article_modified_time":"2020-06-15T20:14:28+00:00","twitter_card":"summary_large_image","twitter_misc":{"Est. reading time":"1 minute"},"schema":{"@context":"https:\/\/schema.org","@graph":[{"@type":"WebPage","@id":"https:\/\/www.fvdrc.com\/es\/noticias\/renegociacion-del-tlcan-y-la-drc\/","url":"https:\/\/www.fvdrc.com\/es\/noticias\/renegociacion-del-tlcan-y-la-drc\/","name":"Renegociaci\u00f3n del TLCAN y la DRC - Fruit and Vegetable Dispute Resolution Corporation","isPartOf":{"@id":"https:\/\/fvdrc.com\/#website"},"datePublished":"2017-12-01T19:45:02+00:00","dateModified":"2020-06-15T20:14:28+00:00","breadcrumb":{"@id":"https:\/\/www.fvdrc.com\/es\/noticias\/renegociacion-del-tlcan-y-la-drc\/#breadcrumb"},"inLanguage":"es-ES","potentialAction":[{"@type":"ReadAction","target":["https:\/\/www.fvdrc.com\/es\/noticias\/renegociacion-del-tlcan-y-la-drc\/"]}]},{"@type":"BreadcrumbList","@id":"https:\/\/www.fvdrc.com\/es\/noticias\/renegociacion-del-tlcan-y-la-drc\/#breadcrumb","itemListElement":[{"@type":"ListItem","position":1,"name":"Home","item":"https:\/\/fvdrc.com\/es\/"},{"@type":"ListItem","position":2,"name":"Renegociaci\u00f3n del TLCAN y la DRC"}]},{"@type":"WebSite","@id":"https:\/\/fvdrc.com\/#website","url":"https:\/\/fvdrc.com\/","name":"Fruit and Vegetable Dispute Resolution Corporation","description":"Trade with Confidence","publisher":{"@id":"https:\/\/fvdrc.com\/#organization"},"potentialAction":[{"@type":"SearchAction","target":{"@type":"EntryPoint","urlTemplate":"https:\/\/fvdrc.com\/?s={search_term_string}"},"query-input":{"@type":"PropertyValueSpecification","valueRequired":true,"valueName":"search_term_string"}}],"inLanguage":"es-ES"},{"@type":"Organization","@id":"https:\/\/fvdrc.com\/#organization","name":"Fruit and Vegetable Dispute Resolution Corporation","url":"https:\/\/fvdrc.com\/","logo":{"@type":"ImageObject","inLanguage":"es-ES","@id":"https:\/\/fvdrc.com\/#\/schema\/logo\/image\/","url":"https:\/\/fvdrc.com\/wp-content\/uploads\/2020\/06\/DRC-logo@2x.png","contentUrl":"https:\/\/fvdrc.com\/wp-content\/uploads\/2020\/06\/DRC-logo@2x.png","width":261,"height":140,"caption":"Fruit and Vegetable Dispute Resolution Corporation"},"image":{"@id":"https:\/\/fvdrc.com\/#\/schema\/logo\/image\/"}}]}},"uagb_featured_image_src":{"full":false,"thumbnail":false,"medium":false,"medium_large":false,"large":false,"gs-tiny":false,"xl":false,"xxl":false,"xxxl":false,"xxxxl":false,"xxxxxl":false,"1536x1536":false,"2048x2048":false,"gb-block-post-grid-landscape":false,"gb-block-post-grid-square":false,"post-thumbnail":false,"twentytwenty-fullscreen":false},"uagb_author_info":{"display_name":"DRC","author_link":"https:\/\/fvdrc.com\/es\/solutions\/author\/drc\/"},"uagb_comment_info":0,"uagb_excerpt":"Hemos recibido un n\u00famero de preguntas de los miembros de la DRC respecto al impacto que pudieran tener cambios al TLCAN sobre la DRC, particularmente si el TLCAN es radicalmente modificado o disuelto. Queremos aliviar cualquier preocupaci\u00f3n y asegurar a los miembros que el resultado de las negociaciones del TLCAN no tendr\u00e1 ning\u00fan impacto sobre&hellip;","_links":{"self":[{"href":"https:\/\/fvdrc.com\/es\/wp-json\/wp\/v2\/news\/1383","targetHints":{"allow":["GET"]}}],"collection":[{"href":"https:\/\/fvdrc.com\/es\/wp-json\/wp\/v2\/news"}],"about":[{"href":"https:\/\/fvdrc.com\/es\/wp-json\/wp\/v2\/types\/news"}],"author":[{"embeddable":true,"href":"https:\/\/fvdrc.com\/es\/wp-json\/wp\/v2\/users\/2"}],"wp:attachment":[{"href":"https:\/\/fvdrc.com\/es\/wp-json\/wp\/v2\/media?parent=1383"}],"wp:term":[{"taxonomy":"news_category","embeddable":true,"href":"https:\/\/fvdrc.com\/es\/wp-json\/wp\/v2\/news_category?post=1383"},{"taxonomy":"news_tags","embeddable":true,"href":"https:\/\/fvdrc.com\/es\/wp-json\/wp\/v2\/news_tags?post=1383"}],"curies":[{"name":"wp","href":"https:\/\/api.w.org\/{rel}","templated":true}]}}